{"id":20530,"date":"2015-07-07T14:19:48","date_gmt":"2015-07-07T13:19:48","guid":{"rendered":"https:\/\/intelligent-friend-7861.standoutwp.com\/?p=20530"},"modified":"2015-07-07T14:19:48","modified_gmt":"2015-07-07T13:19:48","slug":"maja-och-alva-ska-gora-sommaren-vacker","status":"publish","type":"post","link":"https:\/\/www.kultursidan.nu\/?p=20530","title":{"rendered":"Maja och Alva ska g\u00f6ra sommaren vacker"},"content":{"rendered":"<p><a href=\"https:\/\/www.kultursidan.nu\/wp-content\/uploads\/2015\/07\/IMG_8276.jpg\"><img loading=\"lazy\" decoding=\"async\" class=\"alignnone size-medium wp-image-20531\" src=\"https:\/\/www.kultursidan.nu\/wp-content\/uploads\/2015\/07\/IMG_8276-567x351.jpg\" alt=\"En vacker dag\" width=\"567\" height=\"351\" srcset=\"https:\/\/www.kultursidan.nu\/wp-content\/uploads\/2015\/07\/IMG_8276-567x351.jpg 567w, https:\/\/www.kultursidan.nu\/wp-content\/uploads\/2015\/07\/IMG_8276-1024x634.jpg 1024w, https:\/\/www.kultursidan.nu\/wp-content\/uploads\/2015\/07\/IMG_8276-538x333.jpg 538w, https:\/\/www.kultursidan.nu\/wp-content\/uploads\/2015\/07\/IMG_8276-150x93.jpg 150w, https:\/\/www.kultursidan.nu\/wp-content\/uploads\/2015\/07\/IMG_8276.jpg 1280w\" sizes=\"auto, (max-width: 567px) 100vw, 567px\" \/><\/a><br \/>\n<em>Dags f\u00f6r repetition. Maja Dus\u00e9n granskar hur myggan sitter. I bakgrunden Alva Turd\u00e9n och Marcus Fyrberg.<\/em><\/p>\n<p>&nbsp;<\/p>\n<h1><span style=\"color: #ff0000;\">Gullig, rosenr\u00f6d och enkel<\/span><\/h1>\n<p>&nbsp;<\/p>\n<p><strong>B\u00e4sta sommarjobbet, fyllt av s\u00e5ng och dans.<\/strong> Det var p\u00e5 \u00d6stg\u00f6tateaterns buss till <em>Sound of Music<\/em>-f\u00f6rest\u00e4llningarna i Link\u00f6ping Marcus Fyrberg, Maja Dus\u00e9n och Alva Turden l\u00e4rde k\u00e4nna varandra p\u00e5 riktigt.<\/p>\n<p><em>En vacker dag<\/em> heter deras l\u00e4ttsamma sommarmusikal om framtidsdr\u00f6mmar, som fr\u00e4mst ska spelas p\u00e5 \u00e4ldreboenden. N\u00e5gra offentliga framtr\u00e4danden \u00e4r ocks\u00e5 inbokade.<\/p>\n<p>\u2013 V\u00e5r handling \u00e4r gullig, rosenr\u00f6d och enkel. Musiken \u00e4r det absolut viktigaste, framh\u00e5ller Marcus Fyrberg. Den bygger p\u00e5 den klassiska meningen \u201den vacker dag\u201d \u2026blir du stor \u2026blir du k\u00e4r \u2026vet du vad du vill med ditt liv.<\/p>\n<p>&nbsp;<\/p>\n<p><a title=\"En vacker dag, Marcus Fyrberg by Lotta Sandelin, on Flickr\" href=\"https:\/\/www.flickr.com\/photos\/kultursidan\/19303715280\"><img loading=\"lazy\" decoding=\"async\" src=\"https:\/\/c1.staticflickr.com\/1\/313\/19303715280_040e1bb922.jpg\" alt=\"En vacker dag, Marcus Fyrberg\" width=\"268\" height=\"400\" \/><\/a><br \/>\n<em> Alva Turd\u00e9n tar t\u00e4ten.<\/em><\/p>\n<p>&nbsp;<\/p>\n<p><strong>Alva Turd\u00e9n och Maja Dus\u00e9n kryper upp i soffan i Dansakademiens uppeh\u00e5llsrum, mittemot sitter Marcus Fyrberg.<\/strong> Det \u00e4r han som startade projektet efter att ha kl\u00e4ckt id\u00e9n f\u00f6r busskamraterna, som spelade tv\u00e5 av barnen i familjen von Trapp, och f\u00e5tt klartecken fr\u00e5n Kultur- och fritidskontoret som k\u00f6pte in tio f\u00f6rest\u00e4llningar.<\/p>\n<p>\u2013 Jag \u00e4r bara tretton \u00e5r, d\u00e5 \u00e4r det sv\u00e5rt att f\u00e5 sommarjobb. Nu f\u00e5r jag g\u00f6ra det b\u00e4sta jag vet, s\u00e4ger Alva Turd\u00e9n som \u00e4r yngst i g\u00e4nget.<\/p>\n<p>Tillsammans valde de ut s\u00e5nger, med doft av sommar, som skulle passa f\u00f6r en \u00e4ldre publik. Experthj\u00e4lp fick de fr\u00e5n mor- och farf\u00f6r\u00e4ldrar som tipsade om Taube och Lasse Berghagens <em>En kv\u00e4ll i juni<\/em>. Sedan snickrade de ihop en historia om tre syskon, vad en storebror skulle s\u00e4ga till sina yngre systrar. F\u00f6r en papparoll ville Marcus inte ta p\u00e5 sig.<\/p>\n<p>\u2013 Marcus har lagt grunden och vi har f\u00f6rs\u00f6kt bygga vidare, s\u00e4ger Alva.<br \/>\n\u2013 Han har ju erfarenhet, kan s\u00e5ng, dans, koreograferar, har skrivit manus, till\u00e4gger Maja.<\/p>\n<p><strong>S\u00e5ng- och dansmannen Marcus Fyrberg \u00e4r inte s\u00e5 gammal han heller med sina 21 \u00e5r. <\/strong>\u00c4nd\u00e5 har han rej\u00e4lt med erfarenhet i sitt bagage, f\u00f6rst med barnroll p\u00e5 \u00d6stg\u00f6tateatern, sedan flera \u00e5r p\u00e5 Arbis, hans \u201db\u00e4sta skola\u201d med Robin Karlsson som l\u00e4rom\u00e4stare, med inhopp hos ChoppEvent. Efter studenten fr\u00e5n musikprogrammet p\u00e5 De Geergymnasiet fortsatte han till studier p\u00e5 Balettakademin i Stockholm, samtidigt som han st\u00e4llde upp f\u00f6r Norrk\u00f6pings symfoniorkester och Kulturskolan s\u00e5 fort de beh\u00f6vde en ung konferencier eller st\u00f6ttepelare f\u00f6r unga artister. Cirkeln sl\u00f6ts n\u00e4r \u00d6stg\u00f6tateatern kallade in honom till <em>Sound of Music<\/em>.<\/p>\n<p>Han har uppt\u00e4ckt att han trivs med kombinationen av att jobba som pedagog parallellt med att utveckla sitt artisteri.<\/p>\n<p>&nbsp;<\/p>\n<p><a title=\"En vacker dag, Marcus Fyrberg by Lotta Sandelin, on Flickr\" href=\"https:\/\/www.flickr.com\/photos\/kultursidan\/18870646413\"><img loading=\"lazy\" decoding=\"async\" src=\"https:\/\/c1.staticflickr.com\/1\/500\/18870646413_5145873003.jpg\" alt=\"En vacker dag, Marcus Fyrberg\" width=\"400\" height=\"267\" \/><\/a><br \/>\n<em> Tekniskt pill f\u00f6r att f\u00e5 musiken p\u00e5 plats.<\/em><\/p>\n<p>&nbsp;<\/p>\n<p><strong>\u00c4ven Maja Dus\u00e9n och Alva Turd\u00e9n har redan en hel del i bagaget.<\/strong> Maja st\u00e4llde sig p\u00e5 Mirums \u00f6ppna scen f\u00f6r barn och ungdomar och sj\u00f6ng. D\u00e4r uppt\u00e4cktes hon och har nu deltagit i Unga beg\u00e5vningars konsert i Hedvigs kyrka tv\u00e5 \u00e5r i rad. P\u00e5 k\u00f6pet har hon f\u00e5tt flera mindre uppdrag.<\/p>\n<p>\u2013 Utan Roland Engdahl och Erling Fredriksson skulle jag inte vara d\u00e4r jag \u00e4r i dag, s\u00e4ger Maja Dus\u00e9n.<\/p>\n<p>Maja m\u00f6tte Alva n\u00e4r b\u00e5da blev uttagna att ing\u00e5 i den stora familjen von Trapp som musikalen <em>Sound of Music<\/em> handlar om. De var m\u00e5nga barn, bildade tv\u00e5 lag som turades om att spela f\u00f6rest\u00e4llningarna p\u00e5 \u00d6stg\u00f6tateaterns stora scener i f\u00f6rst Norrk\u00f6ping och sedan i Link\u00f6ping.<\/p>\n<p>Alva Turd\u00e9n har sjungit mycket tillsammans med Maria Olofsson och \u00d6stg\u00f6tamusiken n\u00e4r de gjort Astrid Lindgrenf\u00f6rest\u00e4llningar och alls\u00e5ng. Vid sidan av s\u00e5ngen s\u00e5 spelar Alva saxofon.<\/p>\n<p><strong>Dags att dra ig\u00e5ng dagens repetition. <\/strong>Myggorna f\u00e4sts och den enkla scenografin st\u00e4lls upp. Den vita sk\u00e4rmen ska bytas ut mot en som Marcus tidigare bildl\u00e4rare m\u00e5lat. Det ska bli ett k\u00f6k med fina sk\u00e5psluckor.<\/p>\n<p>\u2013 T\u00e4nk att komma ut med f\u00e4rg, att f\u00e5 h\u00f6ra barnr\u00f6ster, s\u00e4ger Marcus om varf\u00f6r han vill g\u00f6ra en f\u00f6rest\u00e4llning som v\u00e4nder sig till \u00e4ldre publik. Min s\u00e5ngpedagog p\u00e5 Balettakademin i Stockholm hade jobbat med kultur i v\u00e5rden, en eldsj\u00e4l. T\u00e4nk att komma ut till dem som inte kan ta sig till kulturen.<\/p>\n<p><em>Text och foto: Ann-Charlotte Sandelin<\/em><\/p>\n<p>BILDSPEL (FLASH) \u2013 KLICKA P\u00c5 BILDEN <em><br \/>\nALT\/MOBIL: SE BILDSPELET <a title=\"Bildspel\" href=\"https:\/\/www.flickr.com\/photos\/kultursidan\/sets\/72157655159215258\/show\/\" target=\"_blank\">H\u00c4R<\/a><\/em><br \/>\n<object width=\"400\" height=\"300\"><param name=\"flashvars\" value=\"offsite=true&amp;lang=en-us&amp;page_show_url=%2Fphotos%2Fkultursidan%2Fsets%2F72157655159215258%2Fshow%2F&amp;page_show_back_url=%2Fphotos%2Fkultursidan%2Fsets%2F72157655159215258%2F&amp;set_id=72157655159215258&amp;jump_to=\" \/><param name=\"movie\" value=\"https:\/\/www.flickr.com\/apps\/slideshow\/show.swf?v=1811922554\" \/><param name=\"allowFullScreen\" value=\"true\" \/><\/object><\/p>\n<blockquote>\n<h3><em>TURN\u00c9F\u00d6REST\u00c4LLNING Norrk\u00f6ping<\/em><\/h3>\n<p>Sommaren 2015<\/p>\n<p>\u00d6ppna f\u00f6rest\u00e4llningar<br \/>\n11 juli Wikbolandsmarken<br \/>\n15 juli Gubbens tr\u00e4dg\u00e5rd<em><br \/>\n<strong>En vacker dag<\/strong><\/em><br \/>\n<em> Musikal \/ s\u00e5ngprogram<\/em><br \/>\n<em> Prod: Marcus Fyrberg<\/em><\/p>\n<p style=\"padding-left: 30px;\"><em>MEDVERKANDE<\/em><br \/>\n<em> Maja Dus\u00e9n<\/em><br \/>\n<em> Alva Turd\u00e9n<\/em><br \/>\n<em> Marcus Fyrberg<\/em><\/p>\n<\/blockquote>\n<p class=\"entry-title\">L\u00c4NKAR<br \/>\nSommarens teaterkarta ritas om 2015 <a href=\"https:\/\/www.kultursidan.nu\/?p=20069\" target=\"_blank\">lista<\/a> Kultursidan.nu 3\/6 2015<\/p>\n","protected":false},"excerpt":{"rendered":"<p>NORRK\u00d6PING B\u00e4sta sommarjobbet. Det var p\u00e5 bussen till Sound of Musicf\u00f6rest\u00e4llningarna i Link\u00f6ping de tre l\u00e4rde k\u00e4nna varandra p\u00e5 riktigt. En vacker dag, en l\u00e4ttsam sommarmusikal om framtidsdr\u00f6mmar, ska fr\u00e4mst spelas p\u00e5 \u00e4ldreboenden. <a class=\"continue-reading-link\" href=\"https:\/\/www.kultursidan.nu\/?p=20530\">L\u00e4s mer <span class=\"meta-nav\">&rarr; <\/span><\/a><\/p>\n","protected":false},"author":1001006,"featured_media":0,"comment_status":"closed","ping_status":"open","sticky":false,"template":"","format":"standard","meta":{"_jetpack_memberships_contains_paid_content":false,"footnotes":""},"categories":[7],"tags":[13,31],"class_list":["post-20530","post","type-post","status-publish","format-standard","hentry","category-norrkoping","tag-musik","tag-musikal"],"jetpack_featured_media_url":"","jetpack_sharing_enabled":true,"_links":{"self":[{"href":"https:\/\/www.kultursidan.nu\/index.php?rest_route=\/wp\/v2\/posts\/20530","targetHints":{"allow":["GET"]}}],"collection":[{"href":"https:\/\/www.kultursidan.nu\/index.php?rest_route=\/wp\/v2\/posts"}],"about":[{"href":"https:\/\/www.kultursidan.nu\/index.php?rest_route=\/wp\/v2\/types\/post"}],"author":[{"embeddable":true,"href":"https:\/\/www.kultursidan.nu\/index.php?rest_route=\/wp\/v2\/users\/1001006"}],"replies":[{"embeddable":true,"href":"https:\/\/www.kultursidan.nu\/index.php?rest_route=%2Fwp%2Fv2%2Fcomments&post=20530"}],"version-history":[{"count":0,"href":"https:\/\/www.kultursidan.nu\/index.php?rest_route=\/wp\/v2\/posts\/20530\/revisions"}],"wp:attachment":[{"href":"https:\/\/www.kultursidan.nu\/index.php?rest_route=%2Fwp%2Fv2%2Fmedia&parent=20530"}],"wp:term":[{"taxonomy":"category","embeddable":true,"href":"https:\/\/www.kultursidan.nu\/index.php?rest_route=%2Fwp%2Fv2%2Fcategories&post=20530"},{"taxonomy":"post_tag","embeddable":true,"href":"https:\/\/www.kultursidan.nu\/index.php?rest_route=%2Fwp%2Fv2%2Ftags&post=20530"}],"curies":[{"name":"wp","href":"https:\/\/api.w.org\/{rel}","templated":true}]}}