{"id":20548,"date":"2015-07-08T15:15:04","date_gmt":"2015-07-08T14:15:04","guid":{"rendered":"https:\/\/intelligent-friend-7861.standoutwp.com\/?p=20548"},"modified":"2015-07-08T18:20:52","modified_gmt":"2015-07-08T17:20:52","slug":"brukskeramik-pa-lilla-kanalmagasinet","status":"publish","type":"post","link":"https:\/\/www.kultursidan.nu\/?p=20548","title":{"rendered":"Brukskeramik p\u00e5 Lilla kanalmagasinet"},"content":{"rendered":"<p><a href=\"https:\/\/www.kultursidan.nu\/wp-content\/uploads\/2015\/07\/18895525494_5e5924c6a9_o.jpg\"><img loading=\"lazy\" decoding=\"async\" class=\"alignnone size-medium wp-image-20549\" src=\"https:\/\/www.kultursidan.nu\/wp-content\/uploads\/2015\/07\/18895525494_5e5924c6a9_o-567x378.jpg\" alt=\"Ann-Cathrine Karlsson\" width=\"567\" height=\"378\" srcset=\"https:\/\/www.kultursidan.nu\/wp-content\/uploads\/2015\/07\/18895525494_5e5924c6a9_o-567x378.jpg 567w, https:\/\/www.kultursidan.nu\/wp-content\/uploads\/2015\/07\/18895525494_5e5924c6a9_o-1024x682.jpg 1024w, https:\/\/www.kultursidan.nu\/wp-content\/uploads\/2015\/07\/18895525494_5e5924c6a9_o-500x333.jpg 500w, https:\/\/www.kultursidan.nu\/wp-content\/uploads\/2015\/07\/18895525494_5e5924c6a9_o-150x100.jpg 150w, https:\/\/www.kultursidan.nu\/wp-content\/uploads\/2015\/07\/18895525494_5e5924c6a9_o.jpg 1280w\" sizes=\"auto, (max-width: 567px) 100vw, 567px\" \/><\/a><br \/>\n<em>Somrig keramik. Ljust med bl\u00e5 st\u00e4nk och flikar dukar Ann-Catherine Karlsson upp i Lilla kanalmagasinet.<\/em><\/p>\n<p>&nbsp;<\/p>\n<h1><span style=\"color: #ff0000;\">H\u00e5llbart stengods med somrig elegans<\/span><\/h1>\n<p>&nbsp;<\/p>\n<p><strong>Keramikern Ann-Catherine Karlsson har flyttat n\u00e5gra mil s\u00f6derut under en veckas tid.<\/strong> Sk\u00e5lar, b\u00e4gare och vaser i ljust stengods dukas upp i Lilla kanalmagasinets rustika milj\u00f6 i S\u00f6derk\u00f6ping. Det \u00e4r klassisk brukskeramik med h\u00e5llbar elegans.<\/p>\n<p><strong>En trappa upp, ovanf\u00f6r den f\u00f6rsta av kanalhamnens m\u00e5nga glassbarer, fylls Lilla kanalmagasinets tv\u00e5 rum av konst- och hantverksutst\u00e4llningar. <\/strong>De som st\u00e4ller ut hyr in sig f\u00f6r en vecka eller kanske l\u00e4ngre tid under s\u00e4songen, det ger omv\u00e4xling.<\/p>\n<p>En av veckans utst\u00e4llare, de \u00e4r flera stycken, \u00e4r keramikern Ann-Catherine Karlsson fr\u00e5n Norrk\u00f6ping, d\u00e4r hon har en verkstad p\u00e5 Skolgatan. H\u00e4r fyller hon sm\u00e5bord, l\u00e5ngbord och b\u00e4nk med klassisk brukskeramik med h\u00e5llbar elegans, samt n\u00e5gra objekt. P\u00e5 v\u00e4ggarna svingar en och annan b\u00e5ge, m\u00e5skontur.<\/p>\n<p>Det ljusa stengodset (och n\u00e5gra verk i lera) ger ett somrigt intryck. De \u00e4r mer eller mindre t\u00e4ckta av glasyr, vit engobe, g\u00e4rna smyckad med bl\u00e5tt, gr\u00f6nt eller svart, med l\u00e4tt hand. Hon visar upp utsidan av en sk\u00e5l, f\u00e4rgen \u00e4r p\u00e5lagd, som lite f\u00f6rstr\u00f6tt, inte f\u00f6r lite och inte f\u00f6r mycket.<\/p>\n<p><strong>\u2013 Jag vill g\u00f6ra anv\u00e4ndbara saker, s\u00e4ger Ann-Catherine Karlsson som fastnade f\u00f6r keramik n\u00e4r hon gick sin f\u00f6rsta kurs p\u00e5 ABF f\u00f6r m\u00e5nga \u00e5r sedan.<\/strong> D\u00e4rp\u00e5 f\u00f6ljde en ett\u00e5rig \u201dstora kursen\u201d f\u00f6r keramikern och konstn\u00e4ren K\u00e5ge Olsson, just nu aktuell i BlandArts utst\u00e4llning i Galleri R\u00e5dhuset.<\/p>\n<p>\u2013 Han var h\u00e4r och tittade in, ber\u00e4ttar hon och l\u00e5ter f\u00f6rst\u00e5 att l\u00e4raren var n\u00f6jd med sin forna elev.<\/p>\n<p>Ann-Catherine Karlsson sjunger f\u00f6rst\u00e5s den hantverksm\u00e4ssigt gjorda keramikens lov. Det \u00e4r praktiskt och h\u00e5llbart p\u00e5 samma s\u00e4tt som en industriellt tillverkad mugg fr\u00e5n H\u00f6gan\u00e4s. Det \u00e4r h\u00e5llbart, g\u00e5r att diska i maskin.<\/p>\n<p>\u2013 Keramik \u00e4r retro igen. Inte som p\u00e5 1970-talet men i alla fall.<\/p>\n<p><em>Text och foto: Ann-Charlotte Sandelin<\/em><\/p>\n<p>BILDSPEL (FLASH) \u2013 KLICKA P\u00c5 BILDEN <em><br \/>\nALT\/MOBIL: SE BILDSPELET <a title=\"Bildspel\" href=\"https:\/\/www.flickr.com\/photos\/kultursidan\/sets\/72157653286312833\/show\/\" target=\"_blank\">H\u00c4R<\/a><\/em><br \/>\n<object width=\"400\" height=\"300\"><param name=\"flashvars\" value=\"offsite=true&amp;lang=en-us&amp;page_show_url=%2Fphotos%2Fkultursidan%2Fsets%2F72157653286312833%2Fshow%2F&amp;page_show_back_url=%2Fphotos%2Fkultursidan%2Fsets%2F72157653286312833%2F&amp;set_id=72157653286312833&amp;jump_to=\" \/><param name=\"movie\" value=\"https:\/\/www.flickr.com\/apps\/slideshow\/show.swf?v=1811922554\" \/><param name=\"allowFullScreen\" value=\"true\" \/><\/object><\/p>\n<blockquote>\n<h3><em>LILLA KANALMAGASINET S\u00f6derk\u00f6ping<\/em><\/h3>\n<p>6 \u2013 12 juli 2015<em><br \/>\n<strong>Ann-Catherine Karlsson<\/strong><\/em><br \/>\n<em> Keramik<\/em><\/p><\/blockquote>\n","protected":false},"excerpt":{"rendered":"<p>S\u00d6DERK\u00d6PING Keramikern Ann-Catherine Karlsson har flyttat n\u00e5gra mil s\u00f6derut under en veckas tid. Sk\u00e5lar, b\u00e4gare och vaser i ljust stengods dukas upp i magasinets rustika milj\u00f6. Det \u00e4r klassisk brukskeramik med h\u00e5llbar elegans. <a class=\"continue-reading-link\" href=\"https:\/\/www.kultursidan.nu\/?p=20548\">L\u00e4s mer <span class=\"meta-nav\">&rarr; <\/span><\/a><\/p>\n","protected":false},"author":1001006,"featured_media":0,"comment_status":"closed","ping_status":"open","sticky":false,"template":"","format":"standard","meta":{"_jetpack_memberships_contains_paid_content":false,"footnotes":""},"categories":[7,6],"tags":[61],"class_list":["post-20548","post","type-post","status-publish","format-standard","hentry","category-norrkoping","category-soderkoping","tag-hantverk"],"jetpack_featured_media_url":"","jetpack_sharing_enabled":true,"_links":{"self":[{"href":"https:\/\/www.kultursidan.nu\/index.php?rest_route=\/wp\/v2\/posts\/20548","targetHints":{"allow":["GET"]}}],"collection":[{"href":"https:\/\/www.kultursidan.nu\/index.php?rest_route=\/wp\/v2\/posts"}],"about":[{"href":"https:\/\/www.kultursidan.nu\/index.php?rest_route=\/wp\/v2\/types\/post"}],"author":[{"embeddable":true,"href":"https:\/\/www.kultursidan.nu\/index.php?rest_route=\/wp\/v2\/users\/1001006"}],"replies":[{"embeddable":true,"href":"https:\/\/www.kultursidan.nu\/index.php?rest_route=%2Fwp%2Fv2%2Fcomments&post=20548"}],"version-history":[{"count":0,"href":"https:\/\/www.kultursidan.nu\/index.php?rest_route=\/wp\/v2\/posts\/20548\/revisions"}],"wp:attachment":[{"href":"https:\/\/www.kultursidan.nu\/index.php?rest_route=%2Fwp%2Fv2%2Fmedia&parent=20548"}],"wp:term":[{"taxonomy":"category","embeddable":true,"href":"https:\/\/www.kultursidan.nu\/index.php?rest_route=%2Fwp%2Fv2%2Fcategories&post=20548"},{"taxonomy":"post_tag","embeddable":true,"href":"https:\/\/www.kultursidan.nu\/index.php?rest_route=%2Fwp%2Fv2%2Ftags&post=20548"}],"curies":[{"name":"wp","href":"https:\/\/api.w.org\/{rel}","templated":true}]}}