{"id":20574,"date":"2015-07-09T19:14:03","date_gmt":"2015-07-09T18:14:03","guid":{"rendered":"https:\/\/intelligent-friend-7861.standoutwp.com\/?p=20574"},"modified":"2015-07-09T19:14:03","modified_gmt":"2015-07-09T18:14:03","slug":"en-vacker-dag-med-unga-roster-for-aldre-recension","status":"publish","type":"post","link":"https:\/\/www.kultursidan.nu\/?p=20574","title":{"rendered":"En vacker dag med unga r\u00f6ster f\u00f6r \u00e4ldre (recension)"},"content":{"rendered":"<p><a href=\"https:\/\/www.kultursidan.nu\/wp-content\/uploads\/2015\/07\/DSCF9689.jpg\"><img loading=\"lazy\" decoding=\"async\" class=\"alignnone size-medium wp-image-20575\" src=\"https:\/\/www.kultursidan.nu\/wp-content\/uploads\/2015\/07\/DSCF9689-567x381.jpg\" alt=\"En vacker dag\" width=\"567\" height=\"381\" srcset=\"https:\/\/www.kultursidan.nu\/wp-content\/uploads\/2015\/07\/DSCF9689-567x381.jpg 567w, https:\/\/www.kultursidan.nu\/wp-content\/uploads\/2015\/07\/DSCF9689-1024x688.jpg 1024w, https:\/\/www.kultursidan.nu\/wp-content\/uploads\/2015\/07\/DSCF9689-496x333.jpg 496w, https:\/\/www.kultursidan.nu\/wp-content\/uploads\/2015\/07\/DSCF9689-150x101.jpg 150w, https:\/\/www.kultursidan.nu\/wp-content\/uploads\/2015\/07\/DSCF9689.jpg 1280w\" sizes=\"auto, (max-width: 567px) 100vw, 567px\" \/><\/a><em><br \/>\nEn vacker dag p\u00e5 \u00e4ldreboendet. Dit kom tre ungdomar som spelade sin sommarl\u00e4tta musikal En vacker dag.<\/em><\/p>\n<p>&nbsp;<\/p>\n<h1><span style=\"color: #ff0000;\">Mjuka leenden bos\u00e4tter sig i gamla kinder<\/span><\/h1>\n<p>&nbsp;<\/p>\n<p><strong>\u2013 Vad \u00e4r klockan?<\/strong><br \/>\n\u2013 Elva.<br \/>\n\u2013 Bara elva?<\/p>\n<p>En femton\u00e5ring med sena vanor kontrasterar mot rutinerna p\u00e5 ett \u00e4ldreboende. \u00c5 andra sidan \u00e4r det nog knappast fr\u00e4mmande f\u00f6r dem som levt ett l\u00e5ngt liv. Det \u00e4r de gamla som \u00e4r m\u00e5lgruppen f\u00f6r sommarl\u00e4tta musikalen <em>En vacker dag<\/em> som ska turnera p\u00e5 fr\u00e4mst \u00e4ldreboenden i sommar.<\/p>\n<p><strong>Tre ungdomar st\u00e5r p\u00e5 scenen, Marcus Fyrberg, 21, Maja Dus\u00e9n, 15, och Alva Turd\u00e9n, 13.<\/strong> De fann varandra p\u00e5 en st\u00f6rre scen och en st\u00f6rre musikal, \u00d6stg\u00f6tateaterns <em>Sound of Music<\/em>, d\u00e4r flickorna spelade tv\u00e5 av syskonen von Trapp. Nu har de legat i h\u00e5rdtr\u00e4ning med sitt eget projekt.<\/p>\n<p>Intrigen \u00e4r tunn som spindelv\u00e4v, upph\u00e4ngd p\u00e5 en tr\u00e5d av k\u00e4nda melodier av \u00e4ldre m\u00e4rke. En dag d\u00e5 tre syskon \u00e4r ensamma hemma. Storebror k\u00e4nner ansvaret tynga (<em>Trubbel<\/em> av Olle Adolphsson), Alva saknar pappa (Evert Taubes <em>Brev fr\u00e5n Lillan<\/em>) och Maja tar fram gitarren (<em>F\u00f6rsta g\u00e5ngen<\/em> av Magnus Uggla).<\/p>\n<p><strong>Titelns ord <em>En vacker dag<\/em> \u00e4r ett \u00e5terkommande tema. <\/strong>En vacker dag \u00e4r svaret p\u00e5 fr\u00e5gorna om framtiden, om att f\u00e5 cykla utan cykelhj\u00e4lm, om att bli k\u00e4r, om att bli stor. Ja vem vet vad som h\u00e4nder en vacker dag.<\/p>\n<p>&nbsp;<\/p>\n<p><a title=\"Maja Dus\u00e9n, Marcus Fyrberg och Alva Turd\u00e9n.\" href=\"https:\/\/www.flickr.com\/photos\/kultursidan\/18931133863\/in\/album-72157655244215119\/\" data-flickr-embed=\"true\"><img loading=\"lazy\" decoding=\"async\" src=\"https:\/\/farm1.staticflickr.com\/378\/18931133863_89c474f539.jpg\" alt=\"Maja Dus\u00e9n, Marcus Fyrberg och Alva Turd\u00e9n.\" width=\"500\" height=\"403\" \/><\/a><br \/>\n<em>Barfota utan strumpor och skor. Maja Dus\u00e9n, Marcus Fyrberg och Alva Turd\u00e9n sjunger Mats Paulsons somriga s\u00e5ng. \u00a0 \u00a0<\/em><\/p>\n<p>&nbsp;<\/p>\n<p><strong>Jag ser f\u00f6rest\u00e4llningen tv\u00e5 g\u00e5nger om p\u00e5 en och samma dag.<\/strong> F\u00f6rst p\u00e5 \u00e4ldreboendet Ekh\u00f6jden, 20 i publiken \u00e4r ganska lagom s\u00e5 alla kommer \u00e5t att se. Publiken \u00e4r tyst men \u00f6gonen f\u00f6ljer de rara syskonen som sjunger och dansar. Med Lasse Berghagens <em>En kv\u00e4ll i juni<\/em> kommer ett genombrott som m\u00e4rks i hela rummet. En kvinna som dittills suttit hopsjunken lyfter nu huvudet och sjunger med, inte s\u00e5 jag h\u00f6r men tonerna sjunger i henne.<\/p>\n<p>Eftermiddagens f\u00f6rest\u00e4llning p\u00e5 den upph\u00f6jda scenen i Borgm\u00e4stareg\u00e5rdens aula m\u00f6ter en n\u00e4stan dubbelt s\u00e5 stor publik. Flera \u00e4r med p\u00e5 noterna fr\u00e5n b\u00f6rjan och snart kommer f\u00f6rsta appl\u00e5derna, det blir fler. Ocks\u00e5 h\u00e4r sjunger n\u00e5gon med, kanske tv\u00e5 rentav, och mjuka leenden bos\u00e4tter sig i gamla kinder. De unga artisterna spelar ocks\u00e5 ut lite mer n\u00e4r utrymmet \u00e4r st\u00f6rre.<\/p>\n<p><strong>Det hela utspelas hemma i k\u00f6ket.<\/strong> Scenografin \u00e4r enklast m\u00f6jliga, ett bord och tv\u00e5 stolar. Den tredje stolen \u00e4r m\u00e5lad p\u00e5 kulissen. D\u00e4r breder k\u00f6ket ut sig, ett djupperspektiv med spis och k\u00f6kssk\u00e5p p\u00e5 sidorna. Med m\u00e5nga detaljer, som blommor och h\u00e4ngande diskborstar, stilen utnyttjar konturer och kul\u00f6rer. Utanf\u00f6r f\u00f6nstret \u00e4r det gr\u00f6nt och somrigt, en hage och skog, all\u00e9tr\u00e4d n\u00e4rmast huset, naturen ger ett realistiskt intryck, men s\u00e5 har Elena Petersson \u00e4gnat sig mycket \u00e5t landskapsm\u00e5leri i sitt konstn\u00e4rskap.<\/p>\n<p>&nbsp;<\/p>\n<p>&nbsp;<\/p>\n<p><a title=\"Maja Dus\u00e9n och Alva Turd\u00e9n.\" href=\"https:\/\/www.flickr.com\/photos\/kultursidan\/19364084390\/in\/album-72157655244215119\/\" data-flickr-embed=\"true\"><img loading=\"lazy\" decoding=\"async\" src=\"https:\/\/farm4.staticflickr.com\/3772\/19364084390_24f188b9e8.jpg\" alt=\"Maja Dus\u00e9n och Alva Turd\u00e9n.\" width=\"500\" height=\"375\" \/><\/a><br \/>\n<em> Finst\u00e4mt. Maja Dus\u00e9n tar fram gitarren n\u00e4r hon tolkar Magnus Ugglas l\u00e5t F\u00f6rsta g\u00e5ngen.<\/em><\/p>\n<p>&nbsp;<\/p>\n<p><strong>Det l\u00e5ter v\u00e4ldigt bra om alla tre, var f\u00f6r sig och tillsammans. <\/strong>Soloinsatser v\u00e4xlar om med tv\u00e5- och trefaldig st\u00e4ms\u00e5ng i lekfulla iscens\u00e4ttningar, dj\u00e4rvast \u00e4r ett Astrid Lindgren\/Georg Riedel-medley men det g\u00e5r hem. B\u00e4st l\u00e5ter det om Maja Dus\u00e9n som har en personlig r\u00f6st med brett och skarvl\u00f6st register. Hon \u00e4r redan mer \u00e4n ett l\u00f6fte.<\/p>\n<p>Marcus Fyrberg \u00e4r som klippt och skuren f\u00f6r rollen som sn\u00e4ll storebror. Det \u00e4r ocks\u00e5 han som skapat koreografierna, som omv\u00e4xlande \u00e4r lekfulla och showiga. R\u00f6sten b\u00e4r ut tonerna och han hittar nyanser. Det m\u00e4rks f\u00f6rst\u00e5s att han \u00e4r den med st\u00f6rst erfarenhet, fint av honom att hellre lyfta de andra \u00e4n framh\u00e4va sig sj\u00e4lv. Ja det skulle vara <em>V\u00e4rldens b\u00e4sta Karlsson<\/em> f\u00f6rst\u00e5s, som \u00e4r undantaget fr\u00e5n den regeln.<\/p>\n<p>Trots att Alva Turd\u00e9n \u00e4r 13 \u00e5r s\u00e5 hanterar hon den betydligt yngre lillasysterrollen bra. R\u00f6stm\u00e4ssigt har \u00e4ven hon erfarenhet och jag h\u00f6r att h\u00e4r finns \u00e4nnu mer under utveckling.<\/p>\n<p><em>Text och foto: Ann-Charlotte Sandelin<\/em><\/p>\n<p>BILDSPEL (FLASH) \u2013 KLICKA P\u00c5 BILDEN <em><br \/>\nALT\/MOBIL: SE BILDSPELET <a title=\"Bildspel\" href=\"https:\/\/www.flickr.com\/photos\/kultursidan\/sets\/72157655244215119\/show\/\" target=\"_blank\">H\u00c4R<\/a><\/em><br \/>\n<object width=\"400\" height=\"300\"><param name=\"flashvars\" value=\"offsite=true&amp;lang=en-us&amp;page_show_url=%2Fphotos%2Fkultursidan%2Fsets%2F72157655244215119%2Fshow%2F&amp;page_show_back_url=%2Fphotos%2Fkultursidan%2Fsets%2F72157655244215119%2F&amp;set_id=72157655244215119&amp;jump_to=\" \/><param name=\"movie\" value=\"https:\/\/www.flickr.com\/apps\/slideshow\/show.swf?v=1811922554\" \/><param name=\"allowFullScreen\" value=\"true\" \/><\/object><\/p>\n<blockquote><p><em>P\u00c5 TURN\u00c9 Norrk\u00f6ping<\/em><\/p>\n<p>Sommaren 2015<em><br \/>\n<strong>En vacker dag<\/strong><\/em><br \/>\n<em> Av och med: Marcus Fyrberg, Maja Dus\u00e9n och Alva Turd\u00e9n<\/em><br \/>\n<em> Scenografim\u00e5lning: Elena Petersson<\/em><\/p>\n<p style=\"padding-left: 30px;\"><em>\u00d6PPNA F\u00d6REST\u00c4LLNINGAR<\/em><br \/>\n11 juli W<em>ikbolandsmarken<\/em> (s\u00e5ngprogram)<br \/>\n15 juli<em> Gubbens tr\u00e4dg\u00e5rd<\/em><\/p>\n<\/blockquote>\n<p>L\u00c4NKAR<br \/>\nMaja och Alva ska g\u00f6ra sommaren vacker <a href=\"https:\/\/www.kultursidan.nu\/?p=20530\" target=\"_blank\">reportage<\/a> Kultursidan.nu 7\/7 2015<\/p>\n","protected":false},"excerpt":{"rendered":"<p>NORRK\u00d6PING Unga r\u00f6ster p\u00e5 \u00e4ldreboende. Tre ungdomar st\u00e5r p\u00e5 scenen i sitt eget sommarprojekt, den sommarl\u00e4tta musikalen En vacker dag. Vad g\u00f6r det att intrigen \u00e4r tunn som spindelv\u00e4v d\u00e5 den bygger p\u00e5 v\u00e4lk\u00e4nda melodier som g\u00e5r hem i alla \u00e5ldrar- <a class=\"continue-reading-link\" href=\"https:\/\/www.kultursidan.nu\/?p=20574\">L\u00e4s mer <span class=\"meta-nav\">&rarr; <\/span><\/a><\/p>\n","protected":false},"author":1001006,"featured_media":0,"comment_status":"closed","ping_status":"open","sticky":false,"template":"","format":"standard","meta":{"_jetpack_memberships_contains_paid_content":false,"footnotes":""},"categories":[7],"tags":[31,12],"class_list":["post-20574","post","type-post","status-publish","format-standard","hentry","category-norrkoping","tag-musikal","tag-teater"],"jetpack_featured_media_url":"","jetpack_sharing_enabled":true,"_links":{"self":[{"href":"https:\/\/www.kultursidan.nu\/index.php?rest_route=\/wp\/v2\/posts\/20574","targetHints":{"allow":["GET"]}}],"collection":[{"href":"https:\/\/www.kultursidan.nu\/index.php?rest_route=\/wp\/v2\/posts"}],"about":[{"href":"https:\/\/www.kultursidan.nu\/index.php?rest_route=\/wp\/v2\/types\/post"}],"author":[{"embeddable":true,"href":"https:\/\/www.kultursidan.nu\/index.php?rest_route=\/wp\/v2\/users\/1001006"}],"replies":[{"embeddable":true,"href":"https:\/\/www.kultursidan.nu\/index.php?rest_route=%2Fwp%2Fv2%2Fcomments&post=20574"}],"version-history":[{"count":0,"href":"https:\/\/www.kultursidan.nu\/index.php?rest_route=\/wp\/v2\/posts\/20574\/revisions"}],"wp:attachment":[{"href":"https:\/\/www.kultursidan.nu\/index.php?rest_route=%2Fwp%2Fv2%2Fmedia&parent=20574"}],"wp:term":[{"taxonomy":"category","embeddable":true,"href":"https:\/\/www.kultursidan.nu\/index.php?rest_route=%2Fwp%2Fv2%2Fcategories&post=20574"},{"taxonomy":"post_tag","embeddable":true,"href":"https:\/\/www.kultursidan.nu\/index.php?rest_route=%2Fwp%2Fv2%2Ftags&post=20574"}],"curies":[{"name":"wp","href":"https:\/\/api.w.org\/{rel}","templated":true}]}}