{"id":20587,"date":"2015-07-13T12:01:27","date_gmt":"2015-07-13T11:01:27","guid":{"rendered":"https:\/\/intelligent-friend-7861.standoutwp.com\/?p=20587"},"modified":"2015-07-13T12:01:27","modified_gmt":"2015-07-13T11:01:27","slug":"gulasch-stralade-i-knappingsborg-recension","status":"publish","type":"post","link":"https:\/\/www.kultursidan.nu\/?p=20587","title":{"rendered":"Gulasch str\u00e5lade i Kn\u00e4ppingsborg (recension)"},"content":{"rendered":"<p><a href=\"https:\/\/www.kultursidan.nu\/wp-content\/uploads\/2015\/07\/IMG_1908.jpg\"><img loading=\"lazy\" decoding=\"async\" class=\"alignnone size-medium wp-image-20588\" src=\"https:\/\/www.kultursidan.nu\/wp-content\/uploads\/2015\/07\/IMG_1908-567x359.jpg\" alt=\"Gulasch\" width=\"567\" height=\"359\" srcset=\"https:\/\/www.kultursidan.nu\/wp-content\/uploads\/2015\/07\/IMG_1908-567x359.jpg 567w, https:\/\/www.kultursidan.nu\/wp-content\/uploads\/2015\/07\/IMG_1908-1024x648.jpg 1024w, https:\/\/www.kultursidan.nu\/wp-content\/uploads\/2015\/07\/IMG_1908-526x333.jpg 526w, https:\/\/www.kultursidan.nu\/wp-content\/uploads\/2015\/07\/IMG_1908-150x95.jpg 150w, https:\/\/www.kultursidan.nu\/wp-content\/uploads\/2015\/07\/IMG_1908.jpg 1280w\" sizes=\"auto, (max-width: 567px) 100vw, 567px\" \/><\/a><em><br \/>\nUnder t\u00e4ltdukens tak. Gulasch spelade i Kn\u00e4ppingsborg i onsdags kv\u00e4ll.<\/em><\/p>\n<p>&nbsp;<\/p>\n<h1><span style=\"color: #ff0000;\">Sanningen \u00e4r \u00f6verskattad<\/span><\/h1>\n<p>&nbsp;<\/p>\n<p><strong>Vi f\u00e5r oss en finsk humpa som f\u00f6rsta nummer. <\/strong>Dessutom f\u00e5r vi kunskapen att namnet \u00e4r en f\u00f6rfinskning av oumpah, eftersom den ofta spelades med en bastuba i orkestern. Sedan f\u00e5r vi veta att den svenskaste av alla sommarl\u00e5tar skrivits av Lasse Berghagen, den som g\u00e5r:<\/p>\n<p style=\"padding-left: 60px;\"><em>Han tog av sig sin kavaj<br \/>\nsparka av sig b\u00e5da skorna.<br \/>\n\u00c5 s\u00e5 spotta\u00b4 han ut snuset<br \/>\noch sa<\/em> min sk\u00f6na f\u00e5r jag lov.<\/p>\n<p>&#8230;och som inte en m\u00e4nniska vet att den heter <em>En kv\u00e4ll i juni<\/em>. Men nu \u00e4r det juli och det borde vara fullsatt i Kn\u00e4ppingsborg. Och det skulle det s\u00e4kert varit om inte himlens portar hade \u00f6ppnats en kvart tidigare och dr\u00e4nkt staden i ett \u00e5skv\u00e4der. De som redan var h\u00e4r satt nog s\u00e4kert under markiserna, men m\u00e5nga stannade nog hemma (i on\u00f6dan).<\/p>\n<p><strong>Scenutstr\u00e5lning och underh\u00e5llning \u00e4r kv\u00e4llens ledord. <\/strong>Det blir aldrig mesigt och sl\u00e4tstruket, som visunderh\u00e5llning ofta kan bli. De v\u00e5gar sl\u00e4nga in lite mer tveeggade k\u00e4rleksl\u00e5tar, som Allan Edwalls <em>Kom<\/em>, och tar sig an den f\u00f6rbjudna ryska s\u00e5ngaren Vladimir Vysotskij. Kenneth H\u00f6glinds fiol passar utm\u00e4rkt till det ryska temat. De har en egen l\u00e5t om en t\u00e5gresa till Vladivostok d\u00e4r den gn\u00e4ller och kn\u00e4pper medan musiken g\u00e5r fortare och fortare.<\/p>\n<p>&nbsp;<\/p>\n<p><a title=\"Kenneth H\u00f6glind och Hans Bigestans\" href=\"https:\/\/www.flickr.com\/photos\/kultursidan\/19571278585\/in\/album-72157653366460973\/\" data-flickr-embed=\"true\" data-header=\"true\" data-footer=\"true\"><img loading=\"lazy\" decoding=\"async\" src=\"https:\/\/farm1.staticflickr.com\/485\/19571278585_fdf5675277.jpg\" alt=\"Kenneth H\u00f6glind och Hans Bigestans\" width=\"400\" height=\"348\" \/><\/a><br \/>\n<em> Kenneth H\u00f6glind och Hans Bigestans.<\/em><\/p>\n<p>&nbsp;<\/p>\n<p><strong><em>Egen<\/em><\/strong><strong> \u00e4r ocks\u00e5 en l\u00e5t om k\u00e4rlek, som Hans Bigestans har skrivit. <\/strong>Om egenk\u00e4rlek. Han vill klia sig sj\u00e4lv, sjunger han medan Kenneth kliar fiolen p\u00e5 ett smeksamt s\u00e4tt.<\/p>\n<p>S\u00e5 det blir inte ens banalt n\u00e4r de spelar Ulf Peder Olrogs <em>Bullfest<\/em>, eller n\u00e4r Manne Westrup sjunger Mats Paulssons <em>Visa vid vindens \u00e4ngar<\/em>, eller n\u00e4r Louice Ottoson hanterar mikrofonen i Olle Adolphsons <em>Trubbel<\/em> (mest k\u00e4nd i Monica Zetterlunds tolkning). Det borde det bli, s\u00e5 s\u00f6nderspelade som de \u00e4r \u2013 men de \u00e4r sk\u00e5despelare, ocks\u00e5, och de har scenen i besittning.<\/p>\n<p>Bob Dylans <em>Tomorrow is a long time<\/em> har i Ulf Dagebys \u00f6vers\u00e4ttning blivit <em>Bara om min \u00e4lskade v\u00e4ntar<\/em> och en del av den svenska l\u00e5tskatten. Texten \u00e4r otroligt nog b\u00e4ttre \u00e4n originalet. N\u00e4r Mikael Wiehe gjorde sina svenska Dylantolkningar var han klok nog att inte f\u00f6rs\u00f6ka sig p\u00e5 en ny\u00f6vers\u00e4ttning. Den ger rysningar \u00e4ven h\u00e4r.<\/p>\n<p><strong>Kenneth och Hasse (Gulasch k\u00e4rntrupp) pikar Manne f\u00f6r att han \u00e4r f\u00f6dd p\u00e5 1970-talet, och Louice p\u00e5pekar att hon \u00e4r f\u00f6dd p\u00e5 (slutet av) 1980-talet.<\/strong> S\u00e5 spelar de \u201dden l\u00e5t som har legat l\u00e4ngst p\u00e5 Svensktoppen, och den \u00e4r inte av Benny Andersson\u201d. 142 veckor har den tydligen legat. Jag har aldrig h\u00f6rt den. <em>H\u00e5ll mitt hj\u00e4rta<\/em> har tydligen Bj\u00f6rn Skifs sjungit googlar jag fram. Jag f\u00e5r ocks\u00e5 veta att det \u00e4r den tredje b\u00e4sta platsen. Och att Benny Andersson har den f\u00f6rsta med 278 veckor. Men det var en bra historia, och sanningen \u00e4r \u00f6verskattad.<\/p>\n<p>Planerna p\u00e5 att spela en Beatlesl\u00e5t fick skrinl\u00e4ggas p.g.a. \u201dj\u00e4ttem\u00e5nga ackord. Och konstiga.\u201d I st\u00e4llet spelar de en totalt ok\u00e4nd Paul McCartney-l\u00e5t som ingen m\u00e4nniska har h\u00f6rt. Inte den h\u00e4r m\u00e4nniskan i alla fall. Jag uppt\u00e4cker att den \u00e4r fr\u00e5n 2007 (levde han fortfarande d\u00e5?) och heter <em>Dance tonight<\/em>. (Jo, jag vet att han spelar i Stockholm, men vem orkar bry sig?) Den var s\u00e4kert b\u00e4ttre h\u00e4r \u00e4n i original. Och med mandolin!<\/p>\n<p>&nbsp;<\/p>\n<p><a title=\"Manne Westrup och Louice Ottosson\" href=\"https:\/\/www.flickr.com\/photos\/kultursidan\/19575587391\/in\/album-72157653366460973\/\" data-flickr-embed=\"true\" data-header=\"true\" data-footer=\"true\"><img loading=\"lazy\" decoding=\"async\" src=\"https:\/\/farm1.staticflickr.com\/487\/19575587391_f418cdafb7.jpg\" alt=\"Manne Westrup och Louice Ottosson\" width=\"400\" height=\"302\" \/><\/a><br \/>\n<em> Manne Westrup och Louice Ottosson.<\/em><\/p>\n<p>&nbsp;<\/p>\n<p><strong><em>Flickan mitt emot<\/em><\/strong><strong> av \u00d6sten med Resten \u201dfast de hette Iggesundsg\u00e4nget d\u00e5\u201d f\u00e5r avsluta f\u00f6rest\u00e4llningen.<\/strong> Nu var ju visserligen \u00d6sten med i Iggesundsg\u00e4nget i fem \u00e5r, men det \u00e4r ocks\u00e5 mer en bra historia \u00e4n riktigt sant. Fast jag hade tydligen inte beh\u00f6vt vara r\u00e4dd n\u00e4r jag passerade genom Iggesund f\u00f6r n\u00e5gra \u00e5r sedan.<\/p>\n<p><strong>Men ett extranummer f\u00e5r vi: <em>Pessimistkonsulten<\/em> av Euskefeurat. <\/strong>Det skulle kunna varit tr\u00e4ffande om vi inte hade haft s\u00e5 trevligt. Det VAR trevligt! Och regnet h\u00f6ll sig undan och kommer inte f\u00f6rr\u00e4n tio minuter efter sista tonen. (Men brist vattenskador kan jag inte lova.) Mitt bord och min stol var dock dyngsura n\u00e4r jag satte mig, och nu har de torkat. Fast man vet ju inte&#8230;<\/p>\n<p style=\"padding-left: 60px;\"><em>Och ni som sitter h\u00e4r ibland publiken,<br \/>\nni tror ni har det trevligt, men<br \/>\nni ska vara m\u00e5ttligt glada<br \/>\nni har s\u00e4kert vattenskada<br \/>\ni k\u00e5ken n\u00e4r ni kommer hem igen.<br \/>\nOch alla ni karlar som sitter h\u00e4r och hoppas<br \/>\noch dr\u00f6mmer f\u00f6r \u00f6ppna spj\u00e4ll,<br \/>\ndet har ni ingenting f\u00f6r<br \/>\natt ni sitter h\u00e4r och g\u00f6r,<br \/>\nf\u00f6r det blir \u00e4nd\u00e5 ingenting i kv\u00e4ll.<\/em><\/p>\n<p><em>Text och foto: Michael Strandhed<\/em><\/p>\n<p>BILDSPEL (FLASH) \u2013 KLICKA P\u00c5 BILDEN <em><br \/>\nALT\/MOBIL: SE BILDSPELET <a title=\"Bildspel\" href=\"https:\/\/www.flickr.com\/photos\/kultursidan\/sets\/72157653366460973\/show\/\" target=\"_blank\">H\u00c4R<\/a><\/em><br \/>\n<object width=\"400\" height=\"300\"><param name=\"flashvars\" value=\"offsite=true&amp;lang=en-us&amp;page_show_url=%2Fphotos%2Fkultursidan%2Fsets%2F72157653366460973%2Fshow%2F&amp;page_show_back_url=%2Fphotos%2Fkultursidan%2Fsets%2F72157653366460973%2F&amp;set_id=72157653366460973&amp;jump_to=\" \/><param name=\"movie\" value=\"https:\/\/www.flickr.com\/apps\/slideshow\/show.swf?v=1811922554\" \/><param name=\"allowFullScreen\" value=\"true\" \/><\/object><\/p>\n<blockquote>\n<h3><em>MARKNADSTORGET, KN\u00c4PPINGSBORG Norrk\u00f6ping<\/em><\/h3>\n<p>8 juli 2015<em><br \/>\n<strong>Gulasch<\/strong><\/em><br \/>\n<em> Publik: ca 150<\/em><br \/>\n<em> Arr: GiG i Kn\u00e4ppingsborg<\/em><\/p>\n<p style=\"padding-left: 30px;\"><em>S\u00c4TTNING<\/em><br \/>\n<em> Kenneth H\u00f6glind, s\u00e5ng, fiol och mandolin<\/em><br \/>\n<em> Hans Bigestans, s\u00e5ng och kontrabas<\/em><br \/>\n<em> Louice Ottosson, s\u00e5ng och piano<\/em><br \/>\n<em> Manne Westrup, s\u00e5ng och gitarr<\/em><\/p>\n<\/blockquote>\n<p>L\u00c4NKAR<br \/>\nMusikteater Gulasch <a href=\"http:\/\/www.gulasch.se\" target=\"_blank\">hemsida<\/a> <a href=\"https:\/\/www.facebook.com\/pages\/Musikteater-Gulasch\/303291253049443?fref=ts\" target=\"_blank\">Facebook <\/a><\/p>\n","protected":false},"excerpt":{"rendered":"<p>NORRK\u00d6PING Scenutstr\u00e5lning och underh\u00e5llning var kv\u00e4llens ledord n\u00e4r Gulasch gjorde sitt GiG i onsdags kv\u00e4ll. Mycket sommar blir det med l\u00e5tar av Olrog, Paulsson och Adolphson. Och en och annan Egen. <a class=\"continue-reading-link\" href=\"https:\/\/www.kultursidan.nu\/?p=20587\">L\u00e4s mer <span class=\"meta-nav\">&rarr; <\/span><\/a><\/p>\n","protected":false},"author":1001006,"featured_media":0,"comment_status":"closed","ping_status":"open","sticky":false,"template":"","format":"standard","meta":{"_jetpack_memberships_contains_paid_content":false,"footnotes":""},"categories":[7],"tags":[13],"class_list":["post-20587","post","type-post","status-publish","format-standard","hentry","category-norrkoping","tag-musik"],"jetpack_featured_media_url":"","jetpack_sharing_enabled":true,"_links":{"self":[{"href":"https:\/\/www.kultursidan.nu\/index.php?rest_route=\/wp\/v2\/posts\/20587","targetHints":{"allow":["GET"]}}],"collection":[{"href":"https:\/\/www.kultursidan.nu\/index.php?rest_route=\/wp\/v2\/posts"}],"about":[{"href":"https:\/\/www.kultursidan.nu\/index.php?rest_route=\/wp\/v2\/types\/post"}],"author":[{"embeddable":true,"href":"https:\/\/www.kultursidan.nu\/index.php?rest_route=\/wp\/v2\/users\/1001006"}],"replies":[{"embeddable":true,"href":"https:\/\/www.kultursidan.nu\/index.php?rest_route=%2Fwp%2Fv2%2Fcomments&post=20587"}],"version-history":[{"count":0,"href":"https:\/\/www.kultursidan.nu\/index.php?rest_route=\/wp\/v2\/posts\/20587\/revisions"}],"wp:attachment":[{"href":"https:\/\/www.kultursidan.nu\/index.php?rest_route=%2Fwp%2Fv2%2Fmedia&parent=20587"}],"wp:term":[{"taxonomy":"category","embeddable":true,"href":"https:\/\/www.kultursidan.nu\/index.php?rest_route=%2Fwp%2Fv2%2Fcategories&post=20587"},{"taxonomy":"post_tag","embeddable":true,"href":"https:\/\/www.kultursidan.nu\/index.php?rest_route=%2Fwp%2Fv2%2Ftags&post=20587"}],"curies":[{"name":"wp","href":"https:\/\/api.w.org\/{rel}","templated":true}]}}