{"id":20590,"date":"2015-07-13T12:41:35","date_gmt":"2015-07-13T11:41:35","guid":{"rendered":"https:\/\/intelligent-friend-7861.standoutwp.com\/?p=20590"},"modified":"2015-07-13T12:41:35","modified_gmt":"2015-07-13T11:41:35","slug":"sommarutstallning-pa-gms-recension","status":"publish","type":"post","link":"https:\/\/www.kultursidan.nu\/?p=20590","title":{"rendered":"Sommarutst\u00e4llning p\u00e5 GMS (recension)"},"content":{"rendered":"<p><a href=\"https:\/\/www.kultursidan.nu\/wp-content\/uploads\/2015\/07\/25.jpg\"><img loading=\"lazy\" decoding=\"async\" class=\"alignnone size-medium wp-image-20591\" src=\"https:\/\/www.kultursidan.nu\/wp-content\/uploads\/2015\/07\/25-567x378.jpg\" alt=\"Galleri mot str\u00f6mmen\" width=\"567\" height=\"378\" srcset=\"https:\/\/www.kultursidan.nu\/wp-content\/uploads\/2015\/07\/25-567x378.jpg 567w, https:\/\/www.kultursidan.nu\/wp-content\/uploads\/2015\/07\/25-1024x682.jpg 1024w, https:\/\/www.kultursidan.nu\/wp-content\/uploads\/2015\/07\/25-500x333.jpg 500w, https:\/\/www.kultursidan.nu\/wp-content\/uploads\/2015\/07\/25-150x100.jpg 150w, https:\/\/www.kultursidan.nu\/wp-content\/uploads\/2015\/07\/25.jpg 1280w\" sizes=\"auto, (max-width: 567px) 100vw, 567px\" \/><\/a><br \/>\n<em>Jordf\u00e5gel. Lasse Johanssons spretande skulptur i smide framf\u00f6r verk av Kareem Sadoon och Margareta Brandin.<\/em><\/p>\n<p>&nbsp;<\/p>\n<h1><span style=\"color: #ff0000;\">Bilder och skulpturer varvet runt<\/span><\/h1>\n<p>&nbsp;<\/p>\n<p><strong>Sommar \u00e4r d\u00f6ds\u00e4song f\u00f6r gallerier, alla st\u00e4nger \u2013 utom ett som lever upp.<\/strong> Det \u00e4r gl\u00e4djande att Galler Mot Str\u00f6mmen p\u00e5 Hospitalsgatan envisas med att h\u00e5lla \u00f6ppet. Nu g\u00e4ller det bara att folk f\u00f6rst\u00e5r det och hittar dit. Och s\u00e5 vore det f\u00f6rst\u00e5s bra om tiderna p\u00e5 Facebooksidan st\u00e4mde med verkligheten, s\u00e5 man slapp g\u00f6ra flera f\u00f6rs\u00f6k.<\/p>\n<p>11 konstn\u00e4rer deltar med 2 \u2013 3 verk vardera. Jag tror s\u00e5 gott som alla har st\u00e4llt ut d\u00e4r tidigare. Ungef\u00e4r h\u00e4lften \u00e4r medlemmar i KIFiN, ungef\u00e4r h\u00e4lften \u00e4r av irakiskt ursprung. N\u00e5gra \u00e4r b\u00e4gge delarna. Alla utom en \u00e4r lokala konstn\u00e4rer.<\/p>\n<p>N\u00e4r man f\u00f6rst\u00e5tt att verkf\u00f6rteckningen \u00e4r numrerad motsols \u00e4r det bara att f\u00f6lja varvet runt.<\/p>\n<p>&nbsp;<\/p>\n<p><a title=\"Berit Hammarb\u00e4ck \u2013 Syskon\" href=\"https:\/\/www.flickr.com\/photos\/kultursidan\/18959138253\/in\/album-72157655291346810\/\"><img loading=\"lazy\" decoding=\"async\" src=\"https:\/\/farm4.staticflickr.com\/3705\/18959138253_6c0358058c.jpg\" alt=\"Berit Hammarb\u00e4ck \u2013 Syskon\" width=\"326\" height=\"400\" \/><\/a><br \/>\n<em> Berit Hammarb\u00e4ck \u2013 Syskon.<\/em><\/p>\n<p>&nbsp;<\/p>\n<p><strong><em>Berit Hammarb\u00e4ck<\/em><\/strong><strong> visar tv\u00e5 sinsemellan olika verk. <\/strong>Den ena, <em>Syskon<\/em>, \u00e4r en stillsam akvatintetsning medan den andra, <em>Sp\u00e5r<\/em>, \u00e4r en brutal fotogravyr p\u00e5 en skrovlig aluminiumskiva. Tv\u00e5 konstn\u00e4rliga sidor vill b\u00e4gge komma ut. Om de l\u00e5g i strid skulle den senare vinna.<\/p>\n<p><strong><em>Falah Alani<\/em><\/strong><strong> visar i de tv\u00e5 mystiska och mytiska m\u00e5lningarna<\/strong> <em>Inspiration av runor I + II<\/em> upp en v\u00e4rld som \u00e4r b\u00e5de lockande och lite skr\u00e4mmande. Den f\u00f6rsta \u00e4r dovt hotfull, medan den andra \u00e4r mer ut\u00e5tagerande. Man vill k\u00e4nna p\u00e5 akrylens reliefverkan.<\/p>\n<p><strong><em>Anna B\u00e9ve<\/em><\/strong><strong> har i de tv\u00e5 bilderna<\/strong> <em>Fantasi<\/em> och i <em>Artist II<\/em> anv\u00e4nt sig av blandteknik som inkluderar s\u00f6mnad. Jag kan inte hj\u00e4lpa att jag ser zoomorfa drag i alla tre. I den f\u00f6rsta en grip och i den andra en f\u00e5gel. Och f\u00f6rst\u00e5s lite blommor och blader. (Men jag har ocks\u00e5 fantasi.) Artisten befinner sig mellan himlen och de sm\u00e5 vattenv\u00e4xterna andmat. Eller inte.<\/p>\n<p><strong><em>\u00c5ke Bjurhamn<\/em><\/strong><strong> hittar jag b\u00e5de representerad p\u00e5 v\u00e4ggen<\/strong> med de k\u00e4nsliga <em>Vinterbild<\/em> och <em>Hamnbild <\/em>och i k\u00f6tt och blod vaktandes utst\u00e4llningen. Jag fr\u00e5gar om han b\u00f6rjat m\u00e5la f\u00f6rest\u00e4llande igen.<\/p>\n<p>\u2013 Nja, det \u00e4r inre bilder. Jag har ingen f\u00f6rlaga n\u00e4r jag b\u00f6rjar m\u00e5la. Dessutom har jag g\u00e5tt ner i format, det \u00e4r s\u00e5 sv\u00e5rt att f\u00f6rvara stora m\u00e5lningar.<\/p>\n<p>Vi konstaterar att inga konstverk \u00e4nnu \u00e4r s\u00e5lda. Proppen har fullst\u00e4ndigt g\u00e5tt ur konstmarknaden, menar \u00c5ke. Och alla inredningstidningar och m\u00e4klarannonser visar rum med tomma v\u00e4ggar. Vi enas om att det \u00e4r en hemsk trend, men att den m\u00e5ste vara \u00f6verg\u00e5ende. Annars vill ingen av oss vara med l\u00e4ngre.<\/p>\n<p>&nbsp;<\/p>\n<p><a title=\"\u00c5ke Bjurhamn\" href=\"https:\/\/www.flickr.com\/photos\/kultursidan\/19584317371\/in\/album-72157655291346810\/\"><img loading=\"lazy\" decoding=\"async\" src=\"https:\/\/farm1.staticflickr.com\/411\/19584317371_94500b13ec.jpg\" alt=\"\u00c5ke Bjurhamn\" width=\"400\" height=\"267\" \/><\/a><br \/>\n<em> \u00c5ke Bjurhamn med Hamnbild och Vinterbild.<\/em><\/p>\n<p>&nbsp;<\/p>\n<p><strong><em>Amjad Altayyar<\/em><\/strong><strong> representeras av tv\u00e5 stora, <\/strong>kvadratiska dubbelportr\u00e4tt i hans typiska stil. De \u00e4r b\u00e5de groteska och \u00f6msinta p\u00e5 en g\u00e5ng. Man ser dem inte som vanst\u00e4llda eller ot\u00e4cka i f\u00f6rsta hand. Att han kan g\u00f6ra realistiska portr\u00e4tt vet vi fr\u00e5n utst\u00e4llningen p\u00e5 Stadsbiblioteket, men detta \u00e4r b\u00e4ttre, mer personligt.<\/p>\n<p><strong><em>Margareta Brandin<\/em><\/strong><strong> har en abstrakt bildv\u00e4rld<\/strong> i den f\u00f6rkolnade <em>L\u00e4mningar<\/em> och den eldiga <em>Det som blev kvar<\/em>. Tiden har f\u00f6rflutit, och det finns inte mycket som \u00e5terst\u00e5r. Den f\u00f6rstn\u00e4mnda k\u00e4nns rostig och f\u00f6rbr\u00e4nd, och den skr\u00e4mmer mig lite. Den andra har fortfarande gl\u00f6d kvar, och den utstr\u00e5lar mer hopp.<\/p>\n<p><strong><em>Kareem Sadoon<\/em><\/strong><strong>s tre sm\u00e5 kvadratiska<\/strong> <em>Dialog 14<\/em>, <em>15<\/em> &amp; <em>16<\/em> f\u00f6rest\u00e4ller tre helt olika typer av samtal. F\u00f6rst ett gult, engagerat samspr\u00e5k mellan vad som verkar vara tv\u00e5 j\u00e4mst\u00e4llda parter. Sedan ett ljusviolett exkluderande treparssamtal, d\u00e4r varje par inte verkar ha (eller vilja ha) kontakt med de andra. Slutligen ser vi en beriden (?) figur som talar med en sp\u00f6klik varelse. Eller \u00e4r det tv\u00e4rt om? Det k\u00e4nns som den ena parten inte n\u00e5r fram.<\/p>\n<p><strong><em>Aaid Jasim<\/em><\/strong><strong> v\u00e4ljer att kalla sina m\u00e5lningar<\/strong> <em>Utan titel<\/em>, och det g\u00f6r ju att man f\u00e5r full frihet som \u00e5sk\u00e5dare. Det h\u00e4r \u00e4r n\u00e5got helt annat \u00e4n p\u00e5 utst\u00e4llningen p\u00e5 Kronan 2012. Nu befolkas m\u00e5lningarna av m\u00e4nniskofigurer i varma f\u00e4rger, och jag kan inte l\u00e5ta bli att associera till Niki de Saint Phalle.<\/p>\n<p>&nbsp;<\/p>\n<p><a title=\"Aaid Jasim \u2013 Utan titel\" href=\"https:\/\/www.flickr.com\/photos\/kultursidan\/19393460389\/in\/album-72157655291346810\/\"><img loading=\"lazy\" decoding=\"async\" src=\"https:\/\/farm4.staticflickr.com\/3668\/19393460389_4125c95cf7.jpg\" alt=\"Aaid Jasim \u2013 Utan titel\" width=\"298\" height=\"400\" \/><\/a><br \/>\n<em> Aaid Jasim \u2013 Utan titel.<\/em><\/p>\n<p>&nbsp;<\/p>\n<p><strong><em>Ahmed Nussaif<\/em><\/strong><strong>s m\u00e5lningar heter <\/strong><em>Green sky<\/em> och <em>Yellow sky<\/em>. De utstr\u00e5lar mer hetta \u00e4n hans nuvarande hemstad Ume\u00e5. Tv\u00e5 halvabstrakt expressionistiska landskapsm\u00e5lningar med fantastisk f\u00e4rgbalans och drypande akryl. Man vill kliva in i bilderna och sola sig.<\/p>\n<p><strong><em>Alexander Hadad<\/em><\/strong><strong> visar tv\u00e5 sm\u00e5 skulpturer<\/strong> <em>Tratt I<\/em> och <em>II<\/em>, som helt saknar den lite humoristiska ton som hans verk vanligen har. Jag tycker de vinner p\u00e5 det, men s\u00e5 har jag ingen humor heller. I det ena \u00e4pplet ska man tydligen tappa i, och fr\u00e5n det andra \u00e4pplet ska man tappa ur. Vad? L\u00e5t mig undra! De passar b\u00e4st som par.<\/p>\n<p><strong><em>Lasse Johansson<\/em><\/strong><strong> har f\u00e5tt sina verk felnumrerade p\u00e5 listan<\/strong>, men dummare \u00e4n att man inte kan identifiera skulpturerna <em>Jordf\u00e5gel I<\/em> och <em>II <\/em>och <em>J\u00e4rnteckning<\/em> \u00e4r man inte. Om man nu, mot f\u00f6rmodan, inte skulle k\u00e4nna igen hans stil. Jag gillar b\u00e4st den f\u00f6rstn\u00e4mnda, som spelar fint mot rummet och andra konstverk. Den sista \u00e4r n\u00e4stan tv\u00e5dimensionell, som namnet antyder.<\/p>\n<p><strong>Oavsett om det \u00e4r f\u00f6r mycket sol eller regn ute<\/strong> \u00e4r det en god id\u00e9 att g\u00e5 in en sv\u00e4ng p\u00e5 Galleri Mot Str\u00f6mmen. Hj\u00e4rnan vill inte ha semester. Den beh\u00f6ver konstn\u00e4rlig n\u00e4ring.<\/p>\n<p><em>Text och foto: Michael Strandhed<\/em><\/p>\n<p>BILDSPEL (FLASH) \u2013 KLICKA P\u00c5 BILDEN <em><br \/>\nALT\/MOBIL: SE BILDSPELET <a title=\"Bildspel\" href=\"https:\/\/www.flickr.com\/photos\/kultursidan\/sets\/72157655291346810\/show\/\" target=\"_blank\">H\u00c4R<\/a><\/em><br \/>\n<object width=\"400\" height=\"300\"><param name=\"flashvars\" value=\"offsite=true&amp;lang=en-us&amp;page_show_url=%2Fphotos%2Fkultursidan%2Fsets%2F72157655291346810%2Fshow%2F&amp;page_show_back_url=%2Fphotos%2Fkultursidan%2Fsets%2F72157655291346810%2F&amp;set_id=72157655291346810&amp;jump_to=\" \/><param name=\"movie\" value=\"https:\/\/www.flickr.com\/apps\/slideshow\/show.swf?v=1811922554\" \/><param name=\"allowFullScreen\" value=\"true\" \/><\/object><\/p>\n<blockquote>\n<h3><em>GALLERI MOT STR\u00d6MMEN Norrk\u00f6ping<\/em><\/h3>\n<p>27 juni \u2013 14 augusti 2015 ons \u2013 l\u00f6 12.00 \u2013 16.00<em><strong><br \/>\n<\/strong><strong>Sommarutst\u00e4llning<\/strong><\/em><\/p><\/blockquote>\n<p>L\u00c4NKAR<br \/>\nGalleri Mot Str\u00f6mmen <a href=\"https:\/\/www.facebook.com\/pages\/Galleri-MOT-STR\u00d6MMEN\/735377213183995?fref=ts\" target=\"_blank\">Facebook<\/a><br \/>\nBerit Hammarb\u00e4ck <a href=\"http:\/\/www.berithammarback.se\" target=\"_blank\">hemsida<\/a> <a href=\"http:\/\/www.gallerikronan.se\/kifin\/index.php\/hammarback\" target=\"_blank\">info<\/a>\u00a0 <a href=\"https:\/\/www.kultursidan.nu\/?p=3065\" target=\"_blank\">reportage 7\/11 2011 <\/a><br \/>\nFalah Alani <a href=\"http:\/\/alani.xomnis.se\/index.php\/sv\/\" target=\"_blank\">hemsida<\/a> <a href=\"http:\/\/www.gallerikronan.se\/kifin\/index.php\/alani\" target=\"_blank\">info<\/a> <a href=\"http:\/\/www.ostgotakonst.se\/artist.php?artist=306\" target=\"_blank\">info<\/a> <a href=\"https:\/\/www.kultursidan.nu\/?p=19179\" target=\"_blank\">reportage 16\/3 2015<\/a><br \/>\nAnna B\u00e9ve <a href=\"http:\/\/www.annabeve.se\" target=\"_blank\">hemsida<\/a><br \/>\n\u00c5ke Bjurhamn <a href=\"http:\/\/www.gallerikronan.se\/kifin\/index.php\/bjurhamn\" target=\"_blank\">hemsida<\/a> <a href=\"http:\/\/www.ostgotakonst.se\/artist.php?artist=32\" target=\"_blank\">info<\/a> <a href=\"https:\/\/www.kultursidan.nu\/?p=12098\" target=\"_blank\">reportage 6\/9 2013<\/a><br \/>\nAmjad Altayyar <a href=\"http:\/\/www.gallerikronan.se\/kifin\/index.php\/altayyar\" target=\"_blank\">hemsida<\/a> <a href=\"http:\/\/www.ostgotakonst.se\/artist.php?artist=95\" target=\"_blank\">info<\/a> <a href=\"https:\/\/www.kultursidan.nu\/?p=18127\" target=\"_blank\">reportage 3\/12 2014<\/a><br \/>\nMargareta Brandin <a href=\"http:\/\/kamb.se\/Start.html\" target=\"_blank\">hemsida<\/a> <a href=\"https:\/\/www.kultursidan.nu\/?p=14753\" target=\"_blank\">reportage 28\/4 2014<\/a><br \/>\nKareem Sadoon <a href=\"http:\/\/www.toonpool.com\/artists\/asadoon_72899\">hemsida<\/a><br \/>\nAaid Jasim <a href=\"http:\/\/www.saatchiart.com\/account\/profile\/392962\" target=\"_blank\">hemsida<\/a> <a href=\"https:\/\/www.kultursidan.nu\/?p=8079\" target=\"_blank\">reportage 12\/11 2012<\/a><br \/>\nAhmed Nussaif <a href=\"http:\/\/alhoush.com\/ahmad-nussaif\" target=\"_blank\">hemsida<\/a><br \/>\nAlexander Hadad <a href=\"http:\/\/www.alexanderhadad.se\" target=\"_blank\">hemsida<\/a> <a href=\"http:\/\/www.gallerikronan.se\/kifin\/index.php\/hadad\" target=\"_blank\">info<\/a> <a href=\"https:\/\/www.kultursidan.nu\/?p=8657\" target=\"_blank\">reportage 14\/1 2013<br \/>\n<\/a>Lasse Johansson <a href=\"http:\/\/smedhalvan.blogspot.se\" target=\"_blank\">hemsida<\/a> <a href=\"https:\/\/www.kultursidan.nu\/?p=14239\" target=\"_blank\">reportage 7\/3 2014<\/a><\/p>\n","protected":false},"excerpt":{"rendered":"<p>NORRK\u00d6PING Sommar \u00e4r d\u00f6ds\u00e4song f\u00f6r gallerierna. Mot den str\u00f6mmen g\u00e5r galleriet p\u00e5 Hospitalsgatan. Elva, fr\u00e4mst lokala, konstn\u00e4rer ryms p\u00e5 v\u00e4ggar och golv med tv\u00e5 eller tre verk vardera. <a class=\"continue-reading-link\" href=\"https:\/\/www.kultursidan.nu\/?p=20590\">L\u00e4s mer <span class=\"meta-nav\">&rarr; <\/span><\/a><\/p>\n","protected":false},"author":1001006,"featured_media":0,"comment_status":"closed","ping_status":"open","sticky":false,"template":"","format":"standard","meta":{"_jetpack_memberships_contains_paid_content":false,"footnotes":""},"categories":[7],"tags":[14],"class_list":["post-20590","post","type-post","status-publish","format-standard","hentry","category-norrkoping","tag-konst"],"jetpack_featured_media_url":"","jetpack_sharing_enabled":true,"_links":{"self":[{"href":"https:\/\/www.kultursidan.nu\/index.php?rest_route=\/wp\/v2\/posts\/20590","targetHints":{"allow":["GET"]}}],"collection":[{"href":"https:\/\/www.kultursidan.nu\/index.php?rest_route=\/wp\/v2\/posts"}],"about":[{"href":"https:\/\/www.kultursidan.nu\/index.php?rest_route=\/wp\/v2\/types\/post"}],"author":[{"embeddable":true,"href":"https:\/\/www.kultursidan.nu\/index.php?rest_route=\/wp\/v2\/users\/1001006"}],"replies":[{"embeddable":true,"href":"https:\/\/www.kultursidan.nu\/index.php?rest_route=%2Fwp%2Fv2%2Fcomments&post=20590"}],"version-history":[{"count":0,"href":"https:\/\/www.kultursidan.nu\/index.php?rest_route=\/wp\/v2\/posts\/20590\/revisions"}],"wp:attachment":[{"href":"https:\/\/www.kultursidan.nu\/index.php?rest_route=%2Fwp%2Fv2%2Fmedia&parent=20590"}],"wp:term":[{"taxonomy":"category","embeddable":true,"href":"https:\/\/www.kultursidan.nu\/index.php?rest_route=%2Fwp%2Fv2%2Fcategories&post=20590"},{"taxonomy":"post_tag","embeddable":true,"href":"https:\/\/www.kultursidan.nu\/index.php?rest_route=%2Fwp%2Fv2%2Ftags&post=20590"}],"curies":[{"name":"wp","href":"https:\/\/api.w.org\/{rel}","templated":true}]}}