{"id":20600,"date":"2015-07-14T09:32:51","date_gmt":"2015-07-14T08:32:51","guid":{"rendered":"https:\/\/intelligent-friend-7861.standoutwp.com\/?p=20600"},"modified":"2015-07-14T09:32:51","modified_gmt":"2015-07-14T08:32:51","slug":"premiar-for-arets-industrisemester","status":"publish","type":"post","link":"https:\/\/www.kultursidan.nu\/?p=20600","title":{"rendered":"Premi\u00e4r f\u00f6r \u00e5rets Industrisemester"},"content":{"rendered":"<p><strong><a href=\"https:\/\/www.kultursidan.nu\/wp-content\/uploads\/2015\/07\/Reportagejobb-Juli-093.jpg\"><img loading=\"lazy\" decoding=\"async\" class=\"alignnone size-medium wp-image-20601\" src=\"https:\/\/www.kultursidan.nu\/wp-content\/uploads\/2015\/07\/Reportagejobb-Juli-093-567x424.jpg\" alt=\"Thomas Stenstr\u00f6m\" width=\"567\" height=\"424\" srcset=\"https:\/\/www.kultursidan.nu\/wp-content\/uploads\/2015\/07\/Reportagejobb-Juli-093-567x424.jpg 567w, https:\/\/www.kultursidan.nu\/wp-content\/uploads\/2015\/07\/Reportagejobb-Juli-093-1024x765.jpg 1024w, https:\/\/www.kultursidan.nu\/wp-content\/uploads\/2015\/07\/Reportagejobb-Juli-093-446x333.jpg 446w, https:\/\/www.kultursidan.nu\/wp-content\/uploads\/2015\/07\/Reportagejobb-Juli-093-150x112.jpg 150w\" sizes=\"auto, (max-width: 567px) 100vw, 567px\" \/><\/a><\/strong><br \/>\n<em>Nu startar semestern. Thomas Stenstr\u00f6ms energi r\u00e4cker och blir \u00f6ver f\u00f6r att ge r\u00e4tta festst\u00e4mningen.<\/em><\/p>\n<p>&nbsp;<\/p>\n<h1><span style=\"color: #ff0000;\">B\u00e5de dans och alls\u00e5ng \u2013 med Stenstr\u00f6m<br \/>\n<\/span><\/h1>\n<p>&nbsp;<\/p>\n<p><strong>Trappan och Holmentorget.<\/strong> Upplev Norrk\u00f6pings skattefinansierade fredagsn\u00f6je Industrisemester inleddes med Barnens alls\u00e5ng, gick som en bryggdans och fortsatte med konserter. Suver\u00e4ne Thomas Stenstr\u00f6m var den alla v\u00e4ntade p\u00e5.<\/p>\n<p>&nbsp;<\/p>\n<p><a title=\"Premi\u00e4r f\u00f6r sommarens dans p\u00e5 Trappan\" href=\"https:\/\/www.flickr.com\/photos\/kultursidan\/19494535198\/in\/album-72157655448991648\/\"><img loading=\"lazy\" decoding=\"async\" src=\"https:\/\/farm1.staticflickr.com\/485\/19494535198_85b0432639.jpg\" alt=\"Premi\u00e4r f\u00f6r sommarens dans p\u00e5 Trappan\" width=\"400\" height=\"266\" \/><\/a><br \/>\n<em>Fart p\u00e5 Trappans dansgolv med Scotts.<\/em><\/p>\n<p>&nbsp;<\/p>\n<p><strong>Maria Olofsson inledde med Barnens alls\u00e5ng p\u00e5 Trappan, tr\u00e4d\u00e4cket invid Stadsmuseet och Arbetets museum.<\/strong> Solen tittade fram samtidigt som lidk\u00f6pingsbandet Scotts st\u00e4llde sig p\u00e5 Trappans d\u00e4ck. Snart blev det fart p\u00e5 dansgolvet. Vid Holmentornet, mellan Flygeln och V\u00e4rmekyrkan, f\u00f6rberedde sig samtidigt Norrk\u00f6pingsbaserade bandet Drivvedsfolket f\u00f6r sitt framtr\u00e4dande.<\/p>\n<p><strong>Fyra killar ger j\u00e4rnet p\u00e5 Holmentorgets scen:<\/strong> S\u00e5ngaren hoppar och studsar runt medan trummisen bankar som en galning p\u00e5 trumsetet. Det \u00e4r Drivvedsfolket, som bjuder p\u00e5 r\u00f6jig och intensiv rockpop med roliga, underfundiga texter och intressanta melodier. Ett trettiotal m\u00e4nniskor har tagit sig hit och de flesta verkar digga det de ser och h\u00f6r. Sommarhettan har tagit ledigt och dagen har varit kylig, med bl\u00e5st och b\u00e4ddat f\u00f6r jeans och l\u00e5ng\u00e4rmad tr\u00f6ja. Efter \u00f6verraskande kort framtr\u00e4dande kommer kv\u00e4llens f\u00f6rsta paus. Vilket \u00e4r synd. Bandet hade f\u00f6rtj\u00e4nat b\u00e5de en st\u00f6rre publik och mer scentid. Ser framemot vad de har och bjuda p\u00e5 i framtiden.<\/p>\n<p>Om framtiden ber\u00e4ttar bandets trummis Carl Lindman att de t\u00e4nker forts\u00e4tta sl\u00e4ppa singlar.<br \/>\n\u2013 K\u00e4nns som att det \u00e4r fler folk som tar till sig det. I alla fall p\u00e5 den h\u00e4r niv\u00e5n.<\/p>\n<p>&nbsp;<\/p>\n<p><a title=\"Drivvedsfolket\" href=\"https:\/\/www.flickr.com\/photos\/kultursidan\/19675457242\/in\/album-72157655448991648\/\"><img loading=\"lazy\" decoding=\"async\" src=\"https:\/\/farm1.staticflickr.com\/475\/19675457242_524e1a0c37.jpg\" alt=\"Drivvedsfolket\" width=\"400\" height=\"266\" \/><\/a><br \/>\n<em>R\u00f6jig rockpop. Studsande Drivvedsfolken hade f\u00f6rtj\u00e4nat en st\u00f6rre publik.<\/em><\/p>\n<p>&nbsp;<\/p>\n<p><strong>20.05 g\u00e5r duon Garden upp p\u00e5 scen.<\/strong> Link\u00f6pingsgruppen spelar elektronisk, musik best\u00e5ende av elgitarr, synt, trummaskin och s\u00e5ng. Ingenting man trillar av pinn av. L\u00e5tarna \u00e4r experimentella och intressanta, och kv\u00e4llens enda bidrag p\u00e5 engelska, men det g\u00e5r lite f\u00f6r l\u00e5ngsamt. Den h\u00e4r sortens musik g\u00f6r sig kanske b\u00e4ttre i bakgrunden p\u00e5 en hemmafest. Fast den h\u00e4r kv\u00e4llen \u00e4r kanske inte n\u00e5gon h\u00f6jdpunkt i bandets karri\u00e4r och inte det b\u00e4sta tillf\u00e4llet att (som f\u00f6r undertecknad) stifta bekantskap med dem f\u00f6r f\u00f6rsta g\u00e5ngen. N\u00e5gon redan invigd kan s\u00e4kert vittna om magiska \u00f6gonblick. De har \u00e4ven oturen att inte ha en s\u00e5 entusiastisk publik. Nu \u00e4r det bara n\u00e5gra som lojalt jublar mellan l\u00e5tarna, som s\u00e4tter ig\u00e5ng och avslutas lite hux flux. Det \u00e4r som om musikerna sj\u00e4lva blir lite snopna. \u201dJaha? Oj! D\u00e4r var det slut ja. \u201d<\/p>\n<p>Men n\u00e4r man v\u00e4nder bort blicken fr\u00e5n scenen och ist\u00e4llet tittar ut \u00f6ver milj\u00f6n h\u00e4nder n\u00e5got \u2013 en dammgr\u00e5 himmel, som h\u00e4mtad fr\u00e5n en europeisk svartvit film, h\u00e4ngande \u00f6ver fabriksbyggnader och kullerstensgator, tillsammans med Gardens s\u00f6kande, st\u00e4mningsfyllda musik \u2013 d\u00e5 klickar det till och man dr\u00f6mmer sig iv\u00e4g en stund. Sedan l\u00e4mnar de plats \u00e5t kv\u00e4llens sista framf\u00f6rande.<\/p>\n<p>&nbsp;<\/p>\n<p><a title=\"Thomas Stenstr\u00f6m\" href=\"https:\/\/www.flickr.com\/photos\/kultursidan\/19656357946\/in\/album-72157655448991648\/\"><img loading=\"lazy\" decoding=\"async\" src=\"https:\/\/farm1.staticflickr.com\/507\/19656357946_0f855a7aec.jpg\" alt=\"Thomas Stenstr\u00f6m\" width=\"400\" height=\"300\" \/><\/a><br \/>\n<em>B\u00e5de dans och alls\u00e5ng med Thomas Stenstr\u00f6m.<\/em><\/p>\n<p>&nbsp;<\/p>\n<p><strong>Runt klockan 21 blir det tydligt vem som \u00e4r kv\u00e4llens dragpl\u00e5ster.<\/strong> Nu dyker folkmassan upp som man har v\u00e4ntat p\u00e5, festst\u00e4mningen och den d\u00e4r kittlande k\u00e4nslan av att n\u00e5got \u00e4r p\u00e5 g\u00e5ng och folk \u00e4r riktigt taggade. N\u00e4r Thomas Stenstr\u00f6m med band drar ig\u00e5ng st\u00e5r publik \u00e4nda framme vid scenen. Stenstr\u00f6m bjuder p\u00e5 l\u00e5tar fr\u00e5n sina tv\u00e5 album. Det \u00e4r dans och alls\u00e5ng och \u00e4ntligen sker det d\u00e4r magiska som en konsert kan uppbringa.<\/p>\n<p>Elgitarren \u00e5ker p\u00e5 och av fr\u00e5n l\u00e5t till l\u00e5t n\u00e4r Stenstr\u00f6m k\u00f6r p\u00e5 med en energi som r\u00e4cker och blir \u00f6ver. \u00c4ven hans gitarrist bjuder p\u00e5 en s\u00e5ng. Spelningen avrundas med f\u00f6rra sommarens hit <em>Sl\u00e5 mig h\u00e5rt i ansiktet<\/em> och \u00e5rets singelsl\u00e4pp <em>Det \u00e4r inte l\u00e4tt att leva<\/em>.<\/p>\n<p><strong>En stark inledning,<\/strong> dock f\u00f6r kort, ett n\u00e5got svagt mittenparti och en suver\u00e4n sista akt.<\/p>\n<p><em>Text: Anton K Augustsson, Sven \u00c5ke Molund och Ann-Charlotte Sandelin<br \/>\nFoto: Anton K Augustsson och Sven \u00c5ke Molund<\/em><\/p>\n<p>BILDSPEL (FLASH) \u2013 KLICKA P\u00c5 BILDEN <em><br \/>\nALT\/MOBIL: SE BILDSPELET <a title=\"Bildspel\" href=\"https:\/\/www.flickr.com\/photos\/kultursidan\/sets\/72157655448991648\/show\/\" target=\"_blank\">H\u00c4R<\/a><\/em><br \/>\n<object width=\"400\" height=\"300\"><param name=\"flashvars\" value=\"offsite=true&amp;lang=en-us&amp;page_show_url=%2Fphotos%2Fkultursidan%2Fsets%2F72157655448991648%2Fshow%2F&amp;page_show_back_url=%2Fphotos%2Fkultursidan%2Fsets%2F72157655448991648%2F&amp;set_id=72157655448991648&amp;jump_to=\" \/><param name=\"movie\" value=\"https:\/\/www.flickr.com\/apps\/slideshow\/show.swf?v=1811922554\" \/><param name=\"allowFullScreen\" value=\"true\" \/><\/object><\/p>\n<blockquote>\n<h3><em>INDUSTRISEMESTER Norrk\u00f6ping<\/em><\/h3>\n<p>10 juli 2015<br \/>\n<em>Arr: Upplev Norrk\u00f6ping<\/em><\/p>\n<p style=\"padding-left: 30px;\"><em>TRAPPANS D\u00c4CK<br \/>\n<strong>Barnens alls\u00e5ng med Maria Olofsson<\/strong><br \/>\n<strong> Dans till Scotts<\/strong><\/em><\/p>\n<p style=\"padding-left: 30px;\"><em>HOLMENTORGET<br \/>\n<strong>Drivvedsfolket<\/strong><br \/>\n<strong> Garden<\/strong><br \/>\n<strong> Thomas Stenstr\u00f6m<\/strong><\/em><\/p>\n<\/blockquote>\n<p>L\u00c4NKAR<br \/>\nUpplev Norrk\u00f6ping <a href=\"http:\/\/www.upplev.norrkoping.se\/industrisemester\/\" target=\"_blank\">Industrisemester <\/a><\/p>\n","protected":false},"excerpt":{"rendered":"<p>NORRK\u00d6PING Trappan och Holmentorget. Upplev Norrk\u00f6pings skattefinansierade fredagsn\u00f6je inleddes med Barnens alls\u00e5ng, gick som en bryggdans och fortsatte med konserter. Suver\u00e4ne Thomas Stenstr\u00f6m var den alla v\u00e4ntade p\u00e5. <a class=\"continue-reading-link\" href=\"https:\/\/www.kultursidan.nu\/?p=20600\">L\u00e4s mer <span class=\"meta-nav\">&rarr; <\/span><\/a><\/p>\n","protected":false},"author":1001006,"featured_media":0,"comment_status":"closed","ping_status":"open","sticky":false,"template":"","format":"standard","meta":{"_jetpack_memberships_contains_paid_content":false,"footnotes":""},"categories":[7],"tags":[54,13],"class_list":["post-20600","post","type-post","status-publish","format-standard","hentry","category-norrkoping","tag-evenemang","tag-musik"],"jetpack_featured_media_url":"","jetpack_sharing_enabled":true,"_links":{"self":[{"href":"https:\/\/www.kultursidan.nu\/index.php?rest_route=\/wp\/v2\/posts\/20600","targetHints":{"allow":["GET"]}}],"collection":[{"href":"https:\/\/www.kultursidan.nu\/index.php?rest_route=\/wp\/v2\/posts"}],"about":[{"href":"https:\/\/www.kultursidan.nu\/index.php?rest_route=\/wp\/v2\/types\/post"}],"author":[{"embeddable":true,"href":"https:\/\/www.kultursidan.nu\/index.php?rest_route=\/wp\/v2\/users\/1001006"}],"replies":[{"embeddable":true,"href":"https:\/\/www.kultursidan.nu\/index.php?rest_route=%2Fwp%2Fv2%2Fcomments&post=20600"}],"version-history":[{"count":0,"href":"https:\/\/www.kultursidan.nu\/index.php?rest_route=\/wp\/v2\/posts\/20600\/revisions"}],"wp:attachment":[{"href":"https:\/\/www.kultursidan.nu\/index.php?rest_route=%2Fwp%2Fv2%2Fmedia&parent=20600"}],"wp:term":[{"taxonomy":"category","embeddable":true,"href":"https:\/\/www.kultursidan.nu\/index.php?rest_route=%2Fwp%2Fv2%2Fcategories&post=20600"},{"taxonomy":"post_tag","embeddable":true,"href":"https:\/\/www.kultursidan.nu\/index.php?rest_route=%2Fwp%2Fv2%2Ftags&post=20600"}],"curies":[{"name":"wp","href":"https:\/\/api.w.org\/{rel}","templated":true}]}}