{"id":20603,"date":"2015-07-14T14:48:18","date_gmt":"2015-07-14T13:48:18","guid":{"rendered":"https:\/\/intelligent-friend-7861.standoutwp.com\/?p=20603"},"modified":"2015-07-14T14:48:18","modified_gmt":"2015-07-14T13:48:18","slug":"wikbolandsmarken-slog-nytt-rekord","status":"publish","type":"post","link":"https:\/\/www.kultursidan.nu\/?p=20603","title":{"rendered":"Wikbolandsmarken slog nytt rekord"},"content":{"rendered":"<p><a href=\"https:\/\/www.kultursidan.nu\/wp-content\/uploads\/2015\/07\/40-Maria-med-kompisar.jpg\"><img loading=\"lazy\" decoding=\"async\" class=\"alignnone size-medium wp-image-20604\" src=\"https:\/\/www.kultursidan.nu\/wp-content\/uploads\/2015\/07\/40-Maria-med-kompisar-567x392.jpg\" alt=\"Barnens alls\u00e5ng med Maria O\" width=\"567\" height=\"392\" srcset=\"https:\/\/www.kultursidan.nu\/wp-content\/uploads\/2015\/07\/40-Maria-med-kompisar-567x392.jpg 567w, https:\/\/www.kultursidan.nu\/wp-content\/uploads\/2015\/07\/40-Maria-med-kompisar-1024x709.jpg 1024w, https:\/\/www.kultursidan.nu\/wp-content\/uploads\/2015\/07\/40-Maria-med-kompisar-481x333.jpg 481w, https:\/\/www.kultursidan.nu\/wp-content\/uploads\/2015\/07\/40-Maria-med-kompisar-150x104.jpg 150w, https:\/\/www.kultursidan.nu\/wp-content\/uploads\/2015\/07\/40-Maria-med-kompisar.jpg 1280w\" sizes=\"auto, (max-width: 567px) 100vw, 567px\" \/><\/a><em><br \/>\nBarnens alls\u00e5ng med Maria Olofsson och medmusikanter.<\/em><\/p>\n<p>&nbsp;<\/p>\n<h1><span style=\"color: #ff0000;\">Andreas Weise var den stora attraktionen<\/span><\/h1>\n<p>&nbsp;<\/p>\n<p><strong>140 utst\u00e4llare, mat och musik.<\/strong> Vikbolandet hade mycket att bjuda l\u00f6rdagens rekordpublik, 10.000 personer. Vikbol\u00e4nningen Maria Olofsson stod p\u00e5 scenen tv\u00e5 g\u00e5nger om, hon sj\u00f6ng b\u00e5de med barnen och med Andreas Weise.<\/p>\n<p>&nbsp;<\/p>\n<p><a title=\"Sj\u00f6r\u00e4ddningens sv\u00e4vare\" href=\"https:\/\/www.flickr.com\/photos\/kultursidan\/19499661400\/in\/album-72157653541850053\/\"><img loading=\"lazy\" decoding=\"async\" src=\"https:\/\/farm1.staticflickr.com\/553\/19499661400_645c5bda58.jpg\" alt=\"Sj\u00f6r\u00e4ddningens sv\u00e4vare\" width=\"400\" height=\"266\" \/><\/a><br \/>\n<em> Sj\u00f6r\u00e4ddningen visade upp sin nya sv\u00e4vare.<\/em><\/p>\n<p>&nbsp;<\/p>\n<p><strong>F\u00f6r andra \u00e5ret i rad var det dags f\u00f6r Wikbolandsmarken i \u00d6stra Husby i l\u00f6rdags.<\/strong> Stora g\u00e4rden hade uppl\u00e5tits f\u00f6r parkering och de fylldes ganska snabbt. F\u00f6rra \u00e5ret r\u00e4knades det in 7.000 bes\u00f6kare och den siffran l\u00e4r ha slagits redan efter n\u00e5gon timme i \u00e5r. Arrang\u00f6rerna uppskattade antalet bes\u00f6kare till omkring 10.000, enligt uppgifter p\u00e5 Facebooksidan.<\/p>\n<p>Publiktrycket var s\u00e5 stort att informationsmaterialet inte r\u00e4ckte till (d\u00e4r hade en b\u00e4ttre hemsida varit till hj\u00e4lp).<\/p>\n<p><strong>Hela samh\u00e4llet fylldes av sjudande aktivitet.<\/strong> P\u00e5 \u00d6stra Husbys gator och v\u00e4gar st\u00e4llde 140 utst\u00e4llare upp med vikbolandsmat, hantverk, konstverk och loppis och mycket mer \u00e4nd\u00e5.<\/p>\n<p>Veteranbilar visades upp, liksom traktorer av olika \u00e5rg\u00e5ngar och modeller och Sj\u00f6r\u00e4ddningss\u00e4llskapet visade sin sv\u00e4vare. Det lokala elf\u00f6retaget AppTek visade upp en liten elbil som f\u00f6retaget levererat solceller till.<\/p>\n<p>&nbsp;<\/p>\n<p><a title=\"Andreas Weise\" href=\"https:\/\/www.flickr.com\/photos\/kultursidan\/19661450776\/in\/album-72157653541850053\/\"><img loading=\"lazy\" decoding=\"async\" src=\"https:\/\/farm1.staticflickr.com\/433\/19661450776_086f4e08f2.jpg\" alt=\"Andreas Weise\" width=\"400\" height=\"266\" \/><\/a><br \/>\n<em> Andreas Weise lirade med bandet.<\/em><\/p>\n<p>&nbsp;<\/p>\n<p><strong>Den stora attraktionen var naturligtvis s\u00e5ngaren Andreas Weise.<\/strong> Han sj\u00f6ng live till ett tiomannaband under ledning av Marcus \u00d6sterlund. Bandet best\u00e5r av yrkesmusiker men med stark lokal anknytning. Mycket stor publik hade samlats och nj\u00f6t i solgasset av Andreas Weises och orkesterns framtr\u00e4dande.<\/p>\n<p>Popul\u00e4r p\u00e5 scenen var ocks\u00e5 Maria Olofsson som ledde Barnens alls\u00e5ng, fixade godisregn och ordnade t\u00e4vlingar. P\u00e5 stora scenen upptr\u00e4dde \u00e4ven Elsa G\u00f6ransson, Fanny Lindkvist, Claes Malm och Vikbok\u00f6ren.<\/p>\n<p><strong>Hos Caf\u00e9 Ro inledde S\u00e5pkullens spelmanslag medan Sigges Garage fick avsluta.<\/strong> D\u00e4remellan kunde publiken njuta av Maja Dus\u00e9n och Jhimmie Bjurd\u00e9n som b\u00e5da framtr\u00e4dde med s\u00e5ng. Maja Dus\u00e9n hade tidigare ocks\u00e5 framtr\u00e4tt p\u00e5 den stora scenen med programmet <em>En vacker dag<\/em> som hon g\u00f6r tillsammans med Alva Turd\u00e9n och Marcus Fyrberg.<\/p>\n<p><em>Text och foto: Sven \u00c5ke Molund<\/em><\/p>\n<p>BILDSPEL (FLASH) \u2013 KLICKA P\u00c5 BILDEN <em><br \/>\nALT\/MOBIL: SE BILDSPELET <a title=\"Bildspel\" href=\"https:\/\/www.flickr.com\/photos\/kultursidan\/sets\/72157653541850053\/show\/\" target=\"_blank\">H\u00c4R<\/a><\/em><br \/>\n<object width=\"400\" height=\"300\"><param name=\"flashvars\" value=\"offsite=true&amp;lang=en-us&amp;page_show_url=%2Fphotos%2Fkultursidan%2Fsets%2F72157653541850053%2Fshow%2F&amp;page_show_back_url=%2Fphotos%2Fkultursidan%2Fsets%2F72157653541850053%2F&amp;set_id=72157653541850053&amp;jump_to=\" \/><param name=\"movie\" value=\"https:\/\/www.flickr.com\/apps\/slideshow\/show.swf?v=1811922554\" \/><param name=\"allowFullScreen\" value=\"true\" \/><\/object><\/p>\n<blockquote>\n<h3><em>\u00d6STRA HUSBY Vikbolandet<\/em><\/h3>\n<p>11 juli 2015<em><br \/>\n<strong>Wikbolandsmarken<\/strong><\/em><\/p><\/blockquote>\n<p>L\u00c4NKAR<br \/>\nWikbolandsmarken <a href=\"http:\/\/vikbolandet.nu\/wikbolandsmarknaden-11-juli-2015\/\" target=\"_blank\">hemsida<\/a> <a href=\"https:\/\/www.facebook.com\/wikbolandsmarken?fref=ts\" target=\"_blank\">Facebook<\/a><\/p>\n","protected":false},"excerpt":{"rendered":"<p>VIKBOLANDET 140 utst\u00e4llare, mat och musik. Vikbolandet hade mycket att bjuda l\u00f6rdagens rekordpublik, 10.000 personer. Vikbol\u00e4nningen Maria Olofsson stod p\u00e5 scenen tv\u00e5 g\u00e5nger om, hon sj\u00f6ng b\u00e5de med barnen och med Andreas Weise. <a class=\"continue-reading-link\" href=\"https:\/\/www.kultursidan.nu\/?p=20603\">L\u00e4s mer <span class=\"meta-nav\">&rarr; <\/span><\/a><\/p>\n","protected":false},"author":1001006,"featured_media":0,"comment_status":"closed","ping_status":"open","sticky":false,"template":"","format":"standard","meta":{"_jetpack_memberships_contains_paid_content":false,"footnotes":""},"categories":[7],"tags":[54,13],"class_list":["post-20603","post","type-post","status-publish","format-standard","hentry","category-norrkoping","tag-evenemang","tag-musik"],"jetpack_featured_media_url":"","jetpack_sharing_enabled":true,"_links":{"self":[{"href":"https:\/\/www.kultursidan.nu\/index.php?rest_route=\/wp\/v2\/posts\/20603","targetHints":{"allow":["GET"]}}],"collection":[{"href":"https:\/\/www.kultursidan.nu\/index.php?rest_route=\/wp\/v2\/posts"}],"about":[{"href":"https:\/\/www.kultursidan.nu\/index.php?rest_route=\/wp\/v2\/types\/post"}],"author":[{"embeddable":true,"href":"https:\/\/www.kultursidan.nu\/index.php?rest_route=\/wp\/v2\/users\/1001006"}],"replies":[{"embeddable":true,"href":"https:\/\/www.kultursidan.nu\/index.php?rest_route=%2Fwp%2Fv2%2Fcomments&post=20603"}],"version-history":[{"count":0,"href":"https:\/\/www.kultursidan.nu\/index.php?rest_route=\/wp\/v2\/posts\/20603\/revisions"}],"wp:attachment":[{"href":"https:\/\/www.kultursidan.nu\/index.php?rest_route=%2Fwp%2Fv2%2Fmedia&parent=20603"}],"wp:term":[{"taxonomy":"category","embeddable":true,"href":"https:\/\/www.kultursidan.nu\/index.php?rest_route=%2Fwp%2Fv2%2Fcategories&post=20603"},{"taxonomy":"post_tag","embeddable":true,"href":"https:\/\/www.kultursidan.nu\/index.php?rest_route=%2Fwp%2Fv2%2Ftags&post=20603"}],"curies":[{"name":"wp","href":"https:\/\/api.w.org\/{rel}","templated":true}]}}