{"id":20705,"date":"2015-07-20T12:36:33","date_gmt":"2015-07-20T11:36:33","guid":{"rendered":"https:\/\/intelligent-friend-7861.standoutwp.com\/?p=20705"},"modified":"2015-07-20T12:36:33","modified_gmt":"2015-07-20T11:36:33","slug":"han-ska-fordjupa-sig-i-samlingarna","status":"publish","type":"post","link":"https:\/\/www.kultursidan.nu\/?p=20705","title":{"rendered":"Han ska f\u00f6rdjupa sig i samlingarna"},"content":{"rendered":"<p><a href=\"https:\/\/www.kultursidan.nu\/wp-content\/uploads\/2015\/07\/IMG_8370.jpg\"><img loading=\"lazy\" decoding=\"async\" class=\"alignnone size-medium wp-image-20706\" src=\"https:\/\/www.kultursidan.nu\/wp-content\/uploads\/2015\/07\/IMG_8370-567x378.jpg\" alt=\"Intendent Martin Sundberg, Konstmuseet\" width=\"567\" height=\"378\" srcset=\"https:\/\/www.kultursidan.nu\/wp-content\/uploads\/2015\/07\/IMG_8370-567x378.jpg 567w, https:\/\/www.kultursidan.nu\/wp-content\/uploads\/2015\/07\/IMG_8370-1024x682.jpg 1024w, https:\/\/www.kultursidan.nu\/wp-content\/uploads\/2015\/07\/IMG_8370-500x333.jpg 500w, https:\/\/www.kultursidan.nu\/wp-content\/uploads\/2015\/07\/IMG_8370-150x100.jpg 150w, https:\/\/www.kultursidan.nu\/wp-content\/uploads\/2015\/07\/IMG_8370.jpg 1280w\" sizes=\"auto, (max-width: 567px) 100vw, 567px\" \/><\/a><br \/>\n<em>\u2013 Ljuset \u00e4r fint. Martin Sundberg granskar den offentliga delen av sin arbetsplats.<\/em><\/p>\n<p>&nbsp;<\/p>\n<h1><span style=\"color: #ff0000;\">\u201dDen grund som museet st\u00e5r p\u00e5\u201d<\/span><\/h1>\n<p>&nbsp;<\/p>\n<p><strong>Forskning och levandeg\u00f6rande.<\/strong> Martin Sundberg \u00e4r Konstmuseets nya intendent med ansvar f\u00f6r de viktiga samlingarna. Han ser fram mot att gr\u00e4va i b\u00e5de grafiken och i m\u00e5leriet. Den nya hemstadens chokladutbud f\u00e5r godk\u00e4nt, men inte mer.<\/p>\n<p><strong>Jag tar fel p\u00e5 tiden och kommer tv\u00e5 timmar f\u00f6r tidigt.<\/strong> N\u00e5, Martin Sundberg menar att det g\u00e5r lika bra att tr\u00e4ffas nu, det kommer \u00e4nd\u00e5 att ta l\u00e5ng tid innan han tr\u00e4ngt in i sitt nya arbete p\u00e5 djupet. F\u00f6retr\u00e4daren Kerstin Holmer hade mer \u00e4n 35 \u00e5r p\u00e5 sig.<\/p>\n<p>\u2013 Jag har f\u00e5tt tv\u00e5 veckor, en i april och en i maj med Kerstin. Vi har g\u00e5tt parallellt och s\u00e5 finns hon tillg\u00e4nglig om jag beh\u00f6ver.<\/p>\n<p>Nu ser han fram emot att g\u00e5 in i arkivet och b\u00f6rja bl\u00e4ddra p\u00e5 egen hand, f\u00f6r att f\u00e5 en f\u00f6rsta inblick.<\/p>\n<p>\u2013 Jag har bara b\u00f6rjat skrapa p\u00e5 ytan, g\u00e5tt i samlingarna d\u00e4r uppe. Katalogen \u00e4r viktig ocks\u00e5.<\/p>\n<p>&nbsp;<\/p>\n<p><a title=\"Intendent Martin Sundberg, Konstmuseet\" href=\"https:\/\/www.flickr.com\/photos\/kultursidan\/19705684682\/in\/album-72157655494065338\/\"><img loading=\"lazy\" decoding=\"async\" src=\"https:\/\/farm1.staticflickr.com\/482\/19705684682_928d06e046.jpg\" alt=\"Intendent Martin Sundberg, Konstmuseet\" width=\"400\" height=\"267\" \/><\/a><br \/>\n<em> Martin Sundberg intresserar sig f\u00f6r relationen mellan konst och litteratur.<\/em><\/p>\n<p>&nbsp;<\/p>\n<p><strong>Arbetsrummet ligger i k\u00e4llarplan, d\u00e4r ocks\u00e5 en stor del av samlingarna f\u00f6rvaras.<\/strong> En mycket stor 1700-talsm\u00e5lning h\u00e4nger i rummet, i landskapets f\u00f6rgrund halvsitter en man kl\u00e4dd i enkel svart dr\u00e4kt tillsammans med en stor hund.<\/p>\n<p>\u2013 Jag har inte hunnit s\u00e4tta min egen pr\u00e4gel p\u00e5 rummet, urs\u00e4ktar sig Martin Sundberg.<\/p>\n<p>M\u00e5lningen har f\u00f6retr\u00e4daren Kerstin Holmer f\u00f6rst\u00e5s h\u00e4mtat ur samlingarna, ett verk som hon bed\u00f6mt inte passar i n\u00e5gon utst\u00e4llning. Merparten av museets omkring 2.500 m\u00e5lningar \u00e4r tillkomna fr\u00e5n tidig modernism och fram\u00e5t. Grafiken \u00e4r till st\u00f6rre delen av betydligt \u00e4ldre datum och m\u00e5ngdubbelt st\u00f6rre, cirka 30.000 grafiska blad. Dessutom tillkommer teckningar och akvareller samt de skulpturer som inte \u00e4r offentliga konstverk och faller under kollegan Ann-Charlotte Krantz Thors ansvar.<\/p>\n<p><strong>Merparten av samlingarna \u00e4r magasinerade, de visas inte.<\/strong> N\u00e5gra av dem kommer fram i ljuset under en tid men de flesta kommer att forts\u00e4tta att vara g\u00f6mda f\u00f6r allm\u00e4nheten. Varf\u00f6r har museet dem?<\/p>\n<p>\u2013 Samlingarna \u00e4r den grund som museet st\u00e5r p\u00e5, f\u00f6rklarar Martin Sundberg med eftertryck. Det \u00e4r ingen konsthall.<\/p>\n<p>Men visst ska samlingarna g\u00f6ras tillg\u00e4ngliga, \u201dsamlingen ska leva, den ska visas\u201d. Det sker kontinuerligt i Konstmuseets utst\u00e4llningar som till stor del bygger p\u00e5 urval bland de egna verken, ibland kompletterade med inl\u00e5n.<\/p>\n<p>Stadsbibliotekets Ola Gustafssons gr\u00e4vprojekt i Finsp\u00e5ngs-samlingen har v\u00e4ckt den nye intendentens intresse. N\u00e5gra dyrgripar visades under v\u00e5rens Bokfestival och under sommaren publicerar sig bibliotekarien p\u00e5 Norrk\u00f6pings Tidningars kultursida. Det ger inspiration.<\/p>\n<p><strong>M\u00e5nga museer g\u00f6r sina samlingar tillg\u00e4ngliga p\u00e5 n\u00e4tet.<\/strong> H\u00e4r kan forskningen g\u00f6ra en insats \u00e4ven om forskning givetvis har djupare syften \u00e4n tillg\u00e4nglighet. Registret \u00f6ver samlingarna beh\u00f6ver uppdateras s\u00e5 det kan hanteras med ny teknik. D\u00e5 kan \u00e4ven forskare fr\u00e5n olika h\u00e5ll veta vilka skatter som finns att f\u00f6rdjupa sig i.<\/p>\n<p>\u00c4r Norrk\u00f6pings Konstmuseet bara ett steg i karri\u00e4ren undrar jag oroligt. Svaret lugnar.<\/p>\n<p>\u2013 Jag s\u00f6kte tj\u00e4nsten f\u00f6r att forskning ska ing\u00e5, s\u00e5dana tj\u00e4nster lyser med sin fr\u00e5nvaro, s\u00e4ger Martin Sundberg som avser b\u00e5de att forska sj\u00e4lv men framf\u00f6r allt vill dra ig\u00e5ng projekt med g\u00e4stforskare och studenter.<\/p>\n<p>&nbsp;<\/p>\n<p><a title=\"Intendent Martin Sundberg, Konstmuseet\" href=\"https:\/\/www.flickr.com\/photos\/kultursidan\/19712861275\/in\/album-72157655494065338\/\"><img loading=\"lazy\" decoding=\"async\" src=\"https:\/\/farm1.staticflickr.com\/465\/19712861275_6c431a4e5a.jpg\" alt=\"Intendent Martin Sundberg, Konstmuseet\" width=\"400\" height=\"267\" \/><\/a><br \/>\n<em> Nyh\u00e4ngt ur samlingarna i galleri 6 p\u00e5 mus\u00e9ets k\u00e4llarplan.<\/em><\/p>\n<p>&nbsp;<\/p>\n<p><strong>Att han nu ser m\u00e5lningar h\u00e4nga p\u00e5 v\u00e4ggarna som han tidigare bara m\u00f6tt i konsthistorisk litteratur fascinerar.<\/strong> Under v\u00e5r fotograferingspromenad i gallerierna pekar han direkt p\u00e5 Sven Erixons <em>Sommar, S\u00f6ndrum<\/em> som fanns som affisch i barndomshemmet och Eric Hallstr\u00f6ms <em>P\u00e5 \u00f6n<\/em> som han m\u00f6tt som bokomslag. M\u00e5lningar \u00e4r det han kan mest, nu v\u00e4ntar grafiken.<\/p>\n<p>\u2013 Ju mer man vet desto roligare blir det. Jag ser fram emot att gr\u00e4va.<\/p>\n<p><strong>Akademikerns och museimannens v\u00e4g till Norrk\u00f6pings Konstmuseum startade med en rej\u00e4l sv\u00e4ng om Tyskland.<\/strong> Uppvuxen i en utlandssvensk familj gick han i tysk skola fr\u00e5n f\u00f6rsta klass till studenten. Sedan blev det litteratur och konststudier i f\u00f6rst Lund och sedan Stockholm. Han intresserade sig f\u00f6r vad som skedde i gr\u00e4nsomr\u00e5det och skrev uppsatser om konstn\u00e4ren Anselm Kiefers relation till diktaren Paul Celan och diktaren Katarina Frostenssons relation till bildkonst.<\/p>\n<p>\u2013 Jag skrev min doktorsavhandling <em>Tillvaratagna effekter<\/em> om Jan H\u00e5fstr\u00f6ms konstn\u00e4rsroll och konstn\u00e4rskap, ber\u00e4ttar Martin Sundberg och lyfter fram att den svenske konstn\u00e4ren \u00e4ven skrivit konstkritik.<\/p>\n<p>Att han har tyskan som sitt andra spr\u00e5k kommer v\u00e4l till pass i arbetet, eftersom en ansenlig del av samlingarna kommer fr\u00e5n den tyska sf\u00e4ren. Tyskland har inte bara en \u201dgedigen konsthistoria\u201d, d\u00e4r finns \u00e4ven en lika \u201dgedigen akademisk konstvetenskap\u201d.<\/p>\n<p>\u2013 De har ett annat bottnande i den egna traditionen medan svenska museer mest tittar p\u00e5 vad som h\u00e4nder i England och USA, s\u00e4ger han och f\u00e5r det att l\u00e5ta mer som ett konstaterande \u00e4n som kritik.<\/p>\n<p><strong>Efter n\u00e5gra \u00e5r p\u00e5 Moderna museet fortsatte han till Basels universitet i Schweiz. <\/strong>D\u00e4r han inte bara forskade utan ocks\u00e5 l\u00e4rde sig uppskatta den finaste chokladen, den som g\u00f6rs i Basel.<\/p>\n<p>Det \u00e4r d\u00e4rf\u00f6r han nu, efter ett mellanspel med en mycket uppm\u00e4rksammad historisk utst\u00e4llning i Malm\u00f6 (Baltiska speglingar), kan ge den b\u00e4sta chokladpralinen i Norrk\u00f6ping \u201dgodk\u00e4nt, men inte mer\u201d. Det, f\u00f6rst\u00e5r jag, \u00e4r ett gott betyg.<\/p>\n<p><em>Text och foto: Ann-Charlotte Sandelin<\/em><\/p>\n<p>BILDSPEL (FLASH) \u2013 KLICKA P\u00c5 BILDEN <em><br \/>\nALT\/MOBIL: SE BILDSPELET <a title=\"Bildspel\" href=\"https:\/\/www.flickr.com\/photos\/kultursidan\/sets\/72157655494065338\/show\/\" target=\"_blank\">H\u00c4R<\/a><\/em><br \/>\n<object width=\"400\" height=\"300\"><param name=\"flashvars\" value=\"offsite=true&amp;lang=en-us&amp;page_show_url=%2Fphotos%2Fkultursidan%2Fsets%2F72157655494065338%2Fshow%2F&amp;page_show_back_url=%2Fphotos%2Fkultursidan%2Fsets%2F72157655494065338%2F&amp;set_id=72157655494065338&amp;jump_to=\" \/><param name=\"movie\" value=\"https:\/\/www.flickr.com\/apps\/slideshow\/show.swf?v=1811922554\" \/><param name=\"allowFullScreen\" value=\"true\" \/><\/object><\/p>\n<p>L\u00c4NKAR<br \/>\nNorrk\u00f6pings Konstmuseum <a href=\"http:\/\/www.norrkopingskonstmuseum.se\/\" target=\"_blank\">hemsida<\/a> <a href=\"https:\/\/www.facebook.com\/norrkopingskonstmuseum\" target=\"_blank\">Facebook <\/a><br \/>\nNyh\u00e4ngd konsthistoria p\u00e5 kaxig repeat <a href=\"https:\/\/www.kultursidan.nu\/?p=16048\" target=\"_blank\">reportage<\/a> Kultursidan.nu 25\/7 2014<br \/>\nM\u00e4stargrafik p\u00e5 Konstmuseet <a href=\"https:\/\/www.kultursidan.nu\/?p=13065\" target=\"_blank\">reportage<\/a> Kultursidan.nu 16\/11 2013<\/p>\n","protected":false},"excerpt":{"rendered":"<p>NORRK\u00d6PING Forskning och levandeg\u00f6rande. Martin Sundberg \u00e4r Konstmuseets nya intendent med ansvar f\u00f6r de viktiga samlingarna. Han ser fram mot att gr\u00e4va i b\u00e5de grafiken och i m\u00e5leriet. Den nya hemstadens chokladutbud f\u00e5r godk\u00e4nt, men inte mer. <a class=\"continue-reading-link\" href=\"https:\/\/www.kultursidan.nu\/?p=20705\">L\u00e4s mer <span class=\"meta-nav\">&rarr; <\/span><\/a><\/p>\n","protected":false},"author":1001006,"featured_media":0,"comment_status":"closed","ping_status":"open","sticky":false,"template":"","format":"standard","meta":{"_jetpack_memberships_contains_paid_content":false,"footnotes":""},"categories":[7],"tags":[89],"class_list":["post-20705","post","type-post","status-publish","format-standard","hentry","category-norrkoping","tag-personportratt"],"jetpack_featured_media_url":"","jetpack_sharing_enabled":true,"_links":{"self":[{"href":"https:\/\/www.kultursidan.nu\/index.php?rest_route=\/wp\/v2\/posts\/20705","targetHints":{"allow":["GET"]}}],"collection":[{"href":"https:\/\/www.kultursidan.nu\/index.php?rest_route=\/wp\/v2\/posts"}],"about":[{"href":"https:\/\/www.kultursidan.nu\/index.php?rest_route=\/wp\/v2\/types\/post"}],"author":[{"embeddable":true,"href":"https:\/\/www.kultursidan.nu\/index.php?rest_route=\/wp\/v2\/users\/1001006"}],"replies":[{"embeddable":true,"href":"https:\/\/www.kultursidan.nu\/index.php?rest_route=%2Fwp%2Fv2%2Fcomments&post=20705"}],"version-history":[{"count":0,"href":"https:\/\/www.kultursidan.nu\/index.php?rest_route=\/wp\/v2\/posts\/20705\/revisions"}],"wp:attachment":[{"href":"https:\/\/www.kultursidan.nu\/index.php?rest_route=%2Fwp%2Fv2%2Fmedia&parent=20705"}],"wp:term":[{"taxonomy":"category","embeddable":true,"href":"https:\/\/www.kultursidan.nu\/index.php?rest_route=%2Fwp%2Fv2%2Fcategories&post=20705"},{"taxonomy":"post_tag","embeddable":true,"href":"https:\/\/www.kultursidan.nu\/index.php?rest_route=%2Fwp%2Fv2%2Ftags&post=20705"}],"curies":[{"name":"wp","href":"https:\/\/api.w.org\/{rel}","templated":true}]}}