{"id":20805,"date":"2015-07-28T20:00:37","date_gmt":"2015-07-28T19:00:37","guid":{"rendered":"https:\/\/intelligent-friend-7861.standoutwp.com\/?p=20805"},"modified":"2015-07-29T19:14:39","modified_gmt":"2015-07-29T18:14:39","slug":"de-guidar-i-marielund-och-roda-stan","status":"publish","type":"post","link":"https:\/\/www.kultursidan.nu\/?p=20805","title":{"rendered":"De guidar i Marielund och R\u00f6da stan"},"content":{"rendered":"<p><a href=\"https:\/\/www.kultursidan.nu\/wp-content\/uploads\/2015\/07\/IMG_8858.jpg\"><img loading=\"lazy\" decoding=\"async\" class=\"alignnone size-medium wp-image-20806\" src=\"https:\/\/www.kultursidan.nu\/wp-content\/uploads\/2015\/07\/IMG_8858-567x378.jpg\" alt=\"H\u00e4r l\u00e5g Marielunds g\u00e5rd, ber\u00e4ttar Muna.\" width=\"567\" height=\"378\" srcset=\"https:\/\/www.kultursidan.nu\/wp-content\/uploads\/2015\/07\/IMG_8858-567x378.jpg 567w, https:\/\/www.kultursidan.nu\/wp-content\/uploads\/2015\/07\/IMG_8858-1024x682.jpg 1024w, https:\/\/www.kultursidan.nu\/wp-content\/uploads\/2015\/07\/IMG_8858-500x333.jpg 500w, https:\/\/www.kultursidan.nu\/wp-content\/uploads\/2015\/07\/IMG_8858-150x100.jpg 150w, https:\/\/www.kultursidan.nu\/wp-content\/uploads\/2015\/07\/IMG_8858.jpg 1280w\" sizes=\"auto, (max-width: 567px) 100vw, 567px\" \/><\/a><br \/>\n<em>\u00a0Br\u00e5boplan. H\u00e4r l\u00e5g Marielunds herrg\u00e5rd, ber\u00e4ttar Muna Hassan. En all\u00e9 av tr\u00e4d stod p\u00e5 v\u00e4gen d\u00e4r Abel Beckers gata nu ligger.<\/em><\/p>\n<p>&nbsp;<\/p>\n<h1><span style=\"color: #ff0000;\">De tog reda p\u00e5 historierna bakom bilderna<\/span><\/h1>\n<p>&nbsp;<\/p>\n<p><strong>Sju ungdomar har f\u00e5tt ett annorlunda sommarjobb.<\/strong> De guidar i Marielund och R\u00f6da stan, tv\u00e5 stadsdelar som har mer gemensamt \u00e4n man kan tro. Efter en veckas forskning \u00e4r det nu testpublik som g\u00e4ller. N\u00e4sta vecka \u00e4r det skarpt l\u00e4ge.<\/p>\n<p><strong>\u2013 H\u00e4r byggde Gustav Adolfsson en smedja 1895.<\/strong> Den \u00f6vertogs av sonen Gustaf Adolf Adolfsson. Men han hade en annan son, Edvin Adolphson, som debuterade p\u00e5 Arbis 1912 och blev en av Sveriges mest k\u00e4nda sk\u00e5despelare.<\/p>\n<p>Vi st\u00e5r p\u00e5 Tulegatan i R\u00f6da stan och blickar mot den l\u00e5ga f\u00f6rskolan som ligger p\u00e5 f\u00e4ltet mot V\u00e4rmlandsgatan. Men h\u00e4r st\u00e5r Emrah Ahmeti med ett uppf\u00f6rstorat fotografi i handen och ber\u00e4ttar om forna tider i Norrk\u00f6ping.<\/p>\n<p>Han och ytterligare sex ungdomar har ett annorlunda sommarjobb, efter att ha forskat fram information om stadsdelarna Marielund och R\u00f6da stan ska de ge guidade turer. Att lyckas f\u00e5 med b\u00e5de en byggnad och en k\u00e4ndis i samma presentation \u00e4r en h\u00f6goddsare.<\/p>\n<p><strong>\u2013 Id\u00e9n har jag burit p\u00e5 l\u00e4nge, att knyta samman de h\u00e4r tv\u00e5 omr\u00e5dena som b\u00e5da byggdes under tider av stor bostadsbrist,<\/strong> ber\u00e4ttar Eva Lundgren Stenbom som leder projektet tillsammans med Said Hassan. De b\u00e5da har arbetat med Konst-Pimpa-projektet i Marielund som Kultursidan.nu rapporterat om vid flera tillf\u00e4llen under de senaste \u00e5ren. Den h\u00e4r g\u00e5ngen handlar det om ett kortvarigt projekt.<\/p>\n<p>&nbsp;<\/p>\n<p><a title=\"Abbe kan Coopbutikens historia.\" href=\"https:\/\/www.flickr.com\/photos\/kultursidan\/19903879738\/in\/album-72157656060258029\/\"><img loading=\"lazy\" decoding=\"async\" src=\"https:\/\/farm1.staticflickr.com\/423\/19903879738_33997343af.jpg\" alt=\"Abbe kan Coopbutikens historia.\" width=\"400\" height=\"267\" \/><\/a><br \/>\n<em> Abbe Nuur kan ber\u00e4tta om Coopbutikens historia. Och vet var Konsum l\u00e5g innan den flyttade till V\u00e4rmlandsgatan.<br \/>\n<\/em><\/p>\n<p>&nbsp;<\/p>\n<p><strong>Ungdomarna kommer fr\u00e5n olika delar av Norrk\u00f6ping, de har bara k\u00e4nt varandra i en dryg vecka.<\/strong> Nu turas de om att leda testpubliken genom gatorna och stanna till f\u00f6r att ber\u00e4tta. De st\u00f6ttar varandra med appl\u00e5der efter varje anf\u00f6rande.<\/p>\n<p>Den h\u00e4r dagen g\u00f6r alla korta insatser, det blir mycket pill med de b\u00e4rbara h\u00f6gtalarna som flyttas fr\u00e5n person till person. I n\u00e4sta vecka, n\u00e4r allm\u00e4nheten bjuds in, kommer de att g\u00e5 i grupper om tv\u00e5 eller tre personer.<\/p>\n<p><strong>Abbe Nuur inleder och h\u00e4lsar v\u00e4lkommen vid Coopbutiken. <\/strong>Vi f\u00e5r veta att den byggdes 1975, och Abbe visa upp ett \u00e4kta reklamblad med priser fr\u00e5n den tiden. Det blev succ\u00e9 direkt n\u00e4r Konsum \u00f6ppnade sin nya aff\u00e4r, f\u00e5r vi veta. Lite senare under promenaden st\u00e5r han framf\u00f6r huset p\u00e5 Sk\u00e5negatan d\u00e4r omr\u00e5dets f\u00f6rsta Konsumbutik l\u00e5g, numera FUB-g\u00e5rden.<\/p>\n<p>Stadsvandringen l\u00e4gger ett pussel, bit fogas till bit. Till slut har publiken f\u00e5tt veta en hel del om g\u00e5rdar, bost\u00e4der, arbetsplatser och k\u00e4ndisar (Markus Kruneg\u00e5rd \u00e4r en) som alla har anknytning till omr\u00e5det. Eva Lundgren Stenbom har fullt sj\u00e5 med att plocka fram och sedan ta hand om de stora fotografier som de unga guiderna visar upp f\u00f6r \u00e5h\u00f6rarna.<\/p>\n<p>&nbsp;<\/p>\n<p><a title=\"En innerg\u00e5rd i Marielund, innan det byggdes.\" href=\"https:\/\/www.flickr.com\/photos\/kultursidan\/19903879208\/in\/album-72157656060258029\/\"><img loading=\"lazy\" decoding=\"async\" src=\"https:\/\/farm1.staticflickr.com\/362\/19903879208_1cd3be46ab.jpg\" alt=\"En innerg\u00e5rd i Marielund, innan det byggdes.\" width=\"500\" height=\"333\" \/><\/a><br \/>\n<em> Abdi Muse Ali och Samia Abada visar en innerg\u00e5rd i Marielund, innan omr\u00e5det byggdes klart under miljonprogrammet.<\/em><\/p>\n<p>&nbsp;<\/p>\n<p><strong>Endast n\u00e5gra f\u00e5 av de sju ungdomarna bor i Marielund. <\/strong>Flera av dem har inte varit i den h\u00e4r delen av Norrk\u00f6ping tidigare. Nu har de igen sv\u00e5righet att hitta, varken i Marielund eller i det ganska r\u00f6riga omr\u00e5det R\u00f6da Stan, som Samia Abada p\u00e5pekar saknar rutsystem.<\/p>\n<p>\u2013 Det var min l\u00e4rare som uppmuntrade mig att s\u00f6ka det h\u00e4r sommarjobbet. \u201dDet \u00e4r bra f\u00f6r dig\u201d sa hon, ber\u00e4ttar Millenna Ashebr som bor i Hageby.<\/p>\n<p>\u2013 F\u00f6rst var det j\u00e4ttesv\u00e5rt att forska men Eva hj\u00e4lpte oss att hitta information p\u00e5 Stadsarkivet, s\u00e4ger Abbe Nuur, och boende i centrala Norrk\u00f6ping.<\/p>\n<p>Han ber\u00e4ttar att de startade med att se p\u00e5 gamla fotografier. D\u00e4rmed v\u00e4cktes intresset och de tog reda p\u00e5 historierna bakom bilderna. De har ocks\u00e5 tr\u00e4ffat personer som vuxit upp i omr\u00e5det och ber\u00e4ttat hur det var d\u00e4r f\u00f6rr.<\/p>\n<p>\u2013 Det \u00e4r l\u00e4tt att f\u00e5 reda p\u00e5 information om R\u00f6da Stan, bara att googla. N\u00e4r det g\u00e4llde Marielund var det sv\u00e5rare, d\u00e5 fick vi g\u00e5 till stadsarkivet, f\u00f6rklarar Muna Hassan.<\/p>\n<p><strong>Dagens provpublik best\u00e5r av folk fr\u00e5n Stadsmuseet, ett par guider och v\u00e4ldigt mycket media.<\/strong> Mycket ber\u00f6m blir det, erfarna guiden Elsy Sundstr\u00f6m tycker att ungdomarna \u00e4r modiga som talar inf\u00f6r en fr\u00e4mmande publik.<\/p>\n<p>Nu \u00e5terst\u00e5r en veckas tr\u00e4ning och putsande p\u00e5 manus. D\u00e4r l\u00e4ggs fortfarande till och dras ifr\u00e5n. Det handlar ocks\u00e5 om att v\u00e4nta in publiken, att vara tydlig. N\u00e5gra av ungdomarna \u00e4r uppvuxna i Sverige och har l\u00e4ttare att formulera sig. Andra har bott h\u00e4r betydligt kortare tid, d\u00e5 \u00e4r utmaningen st\u00f6rre.<\/p>\n<p>\u2013 Det var sv\u00e5rt, nerv\u00f6st och stressigt, tycker Milenna Ahebr om dagens genomg\u00e5ng.<\/p>\n<p>\u2013 Men det gick b\u00e4ttre idag \u00e4n ig\u00e5r, uppmuntrar Muna Hassan. Det h\u00e4r \u00e4r j\u00e4ttekul.<\/p>\n<p><em>Text och foto: Ann-Charlotte Sandelin<\/em><\/p>\n<p>BILDSPEL (FLASH) \u2013 KLICKA P\u00c5 BILDEN <em><br \/>\nALT\/MOBIL: SE BILDSPELET <a title=\"Bildspel\" href=\"https:\/\/www.flickr.com\/photos\/kultursidan\/sets\/72157656060258029\/show\/\" target=\"_blank\">H\u00c4R<\/a><\/em><br \/>\n<object width=\"400\" height=\"300\"><param name=\"flashvars\" value=\"offsite=true&amp;lang=en-us&amp;page_show_url=%2Fphotos%2Fkultursidan%2Fsets%2F72157656060258029%2Fshow%2F&amp;page_show_back_url=%2Fphotos%2Fkultursidan%2Fsets%2F72157656060258029%2F&amp;set_id=72157656060258029&amp;jump_to=\" \/><param name=\"movie\" value=\"https:\/\/www.flickr.com\/apps\/slideshow\/show.swf?v=1811922554\" \/><param name=\"allowFullScreen\" value=\"true\" \/><\/object><\/p>\n<blockquote>\n<h3><em>MARIELUND &amp; R\u00d6DA STAN Norrk\u00f6ping<\/em><\/h3>\n<p>3 \u2013 7 augusti 2015<em><br \/>\n<strong>Stadsvandring<\/strong><\/em><br \/>\n<em> Arr: Upplev Norrk\u00f6ping och projektet Konst-PIMPA i Marielund<\/em><\/p>\n<p style=\"padding-left: 30px;\"><em>MEDVERKANDE <\/em><br \/>\n<em> Projektledare: Eva Lundgren Stenbom<\/em><br \/>\n<em> Arbetsledare: Said Hassan<\/em><br \/>\n<em> Abbe Nuur<\/em><br \/>\n<em> Abdi Muse Ali<\/em><br \/>\n<em> Emrah Ahmeti<\/em><br \/>\n<em> Millena Ashebr<\/em><br \/>\n<em> Muna Hassan<\/em><br \/>\n<em> Samia Abada<\/em><br \/>\n<em> Yussuf Mohamed Adow<br \/>\n<\/em><\/p>\n<\/blockquote>\n<p>L\u00c4NKAR<br \/>\nStadsvandring <a href=\"https:\/\/www.facebook.com\/pages\/Marielundr%C3%B6dastan\/1138517296165521?fref=ts\" target=\"_blank\">Facebook<\/a> <a href=\"http:\/\/www.ostergotland.events\/135058\/marielund-roda-stan-3-aug-2015-3231734\" target=\"_blank\">info<\/a><\/p>\n","protected":false},"excerpt":{"rendered":"<p>NORRK\u00d6PING Sju ungdomar har ett annorlunda sommarjobb. De guidar i Marielund och R\u00f6da stan, tv\u00e5 stadsdelar som har mycket gemensamt. Efter en veckas forskning \u00e4r det testpublik som g\u00e4ller. N\u00e4sta vecka \u00e4r det skarpt l\u00e4ge. <a class=\"continue-reading-link\" href=\"https:\/\/www.kultursidan.nu\/?p=20805\">L\u00e4s mer <span class=\"meta-nav\">&rarr; <\/span><\/a><\/p>\n","protected":false},"author":1001006,"featured_media":0,"comment_status":"closed","ping_status":"open","sticky":false,"template":"","format":"standard","meta":{"_jetpack_memberships_contains_paid_content":false,"footnotes":""},"categories":[7],"tags":[53,59],"class_list":["post-20805","post","type-post","status-publish","format-standard","hentry","category-norrkoping","tag-foredrag","tag-vandring"],"jetpack_featured_media_url":"","jetpack_sharing_enabled":true,"_links":{"self":[{"href":"https:\/\/www.kultursidan.nu\/index.php?rest_route=\/wp\/v2\/posts\/20805","targetHints":{"allow":["GET"]}}],"collection":[{"href":"https:\/\/www.kultursidan.nu\/index.php?rest_route=\/wp\/v2\/posts"}],"about":[{"href":"https:\/\/www.kultursidan.nu\/index.php?rest_route=\/wp\/v2\/types\/post"}],"author":[{"embeddable":true,"href":"https:\/\/www.kultursidan.nu\/index.php?rest_route=\/wp\/v2\/users\/1001006"}],"replies":[{"embeddable":true,"href":"https:\/\/www.kultursidan.nu\/index.php?rest_route=%2Fwp%2Fv2%2Fcomments&post=20805"}],"version-history":[{"count":0,"href":"https:\/\/www.kultursidan.nu\/index.php?rest_route=\/wp\/v2\/posts\/20805\/revisions"}],"wp:attachment":[{"href":"https:\/\/www.kultursidan.nu\/index.php?rest_route=%2Fwp%2Fv2%2Fmedia&parent=20805"}],"wp:term":[{"taxonomy":"category","embeddable":true,"href":"https:\/\/www.kultursidan.nu\/index.php?rest_route=%2Fwp%2Fv2%2Fcategories&post=20805"},{"taxonomy":"post_tag","embeddable":true,"href":"https:\/\/www.kultursidan.nu\/index.php?rest_route=%2Fwp%2Fv2%2Ftags&post=20805"}],"curies":[{"name":"wp","href":"https:\/\/api.w.org\/{rel}","templated":true}]}}