{"id":20831,"date":"2015-07-31T10:39:57","date_gmt":"2015-07-31T09:39:57","guid":{"rendered":"https:\/\/intelligent-friend-7861.standoutwp.com\/?p=20831"},"modified":"2015-07-31T11:10:38","modified_gmt":"2015-07-31T10:10:38","slug":"knappingsborg-exploderade-med-hurula-recension","status":"publish","type":"post","link":"https:\/\/www.kultursidan.nu\/?p=20831","title":{"rendered":"Kn\u00e4ppingsborg exploderade med Hurula (recension)"},"content":{"rendered":"<p><a href=\"https:\/\/www.kultursidan.nu\/wp-content\/uploads\/2015\/07\/IMG_5280.jpg\"><img loading=\"lazy\" decoding=\"async\" class=\"alignnone size-medium wp-image-20832\" src=\"https:\/\/www.kultursidan.nu\/wp-content\/uploads\/2015\/07\/IMG_5280-567x378.jpg\" alt=\"Hurula\" width=\"567\" height=\"378\" srcset=\"https:\/\/www.kultursidan.nu\/wp-content\/uploads\/2015\/07\/IMG_5280-567x378.jpg 567w, https:\/\/www.kultursidan.nu\/wp-content\/uploads\/2015\/07\/IMG_5280-1024x682.jpg 1024w, https:\/\/www.kultursidan.nu\/wp-content\/uploads\/2015\/07\/IMG_5280-500x333.jpg 500w, https:\/\/www.kultursidan.nu\/wp-content\/uploads\/2015\/07\/IMG_5280-150x100.jpg 150w, https:\/\/www.kultursidan.nu\/wp-content\/uploads\/2015\/07\/IMG_5280.jpg 1280w\" sizes=\"auto, (max-width: 567px) 100vw, 567px\" \/><\/a><br \/>\n<em>T\u00f6rnekrans. Hurula inleder fr\u00e5n ryggposition mot publiken.<\/em><\/p>\n<p>&nbsp;<\/p>\n<h1><span style=\"color: #ff0000;\">\u2026det j\u00e4vla ekot lyste med sin fr\u00e5nvaro<\/span><\/h1>\n<p>&nbsp;<\/p>\n<p><strong>Den folkskygga mannen i blottarrocken och skinnbyxorna kommer in p\u00e5 scenen och st\u00e4ller sig med ryggen mot publiken och st\u00e4mmer gitarren.<\/strong> Backdropen visar en d\u00f6dskalle inringad av taggtr\u00e5d. St\u00e4mningen \u00e4r andl\u00f6s. S\u00e5 exploderar allt!<\/p>\n<p><em>Allt ska f\u00f6rsvinna<\/em> inleder b\u00e5de konserten och skivan <em>Vi \u00e4r m\u00e4nniskorna v\u00e5ra f\u00f6r\u00e4ldrar varnade oss f\u00f6r<\/em>. Den har g\u00e5tt varm hemma den senaste tiden, men jag \u00e4r inte odelat positiv till den. S\u00e5 punkig som titeln antyder \u00e4r den inte, d\u00e4rtill \u00e4r tempot f\u00f6r l\u00e5gt och ekot f\u00f6r massivt. Det l\u00e5ter som den riktar sig till ton\u00e5ringar, \u00e4ven om Robert Hurula Pettersson hunnit fylla 35. Hans tidigare band Masshysteri var d\u00e4remot punk, men det tog ju slut 2010.<\/p>\n<p><strong>Han har kallats \u201den H\u00e5kan Hellstr\u00f6m som kan sjunga\u201d och det ligger det v\u00e4l lite i, s\u00e4rskilt som de har delat producent.<\/strong> Han har \u00e4ven spelat f\u00f6rband till Kruneg\u00e5rd, och \u00e4ven d\u00e4r finns en likhet om man bara lyssnar p\u00e5 skivorna. Men han har ocks\u00e5 \u00f6ppnat f\u00f6r Th\u00e5str\u00f6m, och nu b\u00f6rjar det bli intressant. Kommer ni ih\u00e5g Ebba Gr\u00f6n?<\/p>\n<p>&nbsp;<\/p>\n<p><a title=\"Hurula\" href=\"https:\/\/www.flickr.com\/photos\/kultursidan\/19978290670\/in\/album-72157656176843930\/\"><img loading=\"lazy\" decoding=\"async\" src=\"https:\/\/farm1.staticflickr.com\/391\/19978290670_007f8500e8.jpg\" alt=\"Hurula\" width=\"400\" height=\"274\" \/><\/a><br \/>\n<em> Andetag. Sedan exploderar det.<\/em><\/p>\n<p>&nbsp;<\/p>\n<p><strong>Ett av mitt livs st\u00f6rsta besvikelser var n\u00e4r min flickv\u00e4ns lillasyster kom hem till oss med deras andra platta K\u00e4rlek &amp; Uppror.<\/strong> \u00c5ret var 1981. L\u00e5nga i synen lyssnade vi p\u00e5 denna smetiga popplatta (jag har omv\u00e4rderat den sen). Deprimerade gick vi till deras konsert p\u00e5 rockklubben Bergsbron&#8230; och fick v\u00e5ra huvuden bortbl\u00e5sta av samma l\u00e5tar i de rockigaste punkversioner jag har h\u00f6rt! S\u00e5 jag var beredd. Jag h\u00f6rde hur Hurulas skiva borde l\u00e5ta.<\/p>\n<p>Och precis s\u00e5 l\u00e4t det! Tempot var dubblat, gitarrerna tj\u00f6t och det j\u00e4vla ekot lyste med sin fr\u00e5nvaro. Har Hurula gjort en Ebba Gr\u00f6n-cover? Ja, p\u00e5 sin EP. Kommer den fr\u00e5n den skivan? Gissa! Det \u00e4r lustigt hur allt g\u00e5r i cirklar. Men han spelar den inte ikv\u00e4ll.<\/p>\n<p><strong>D\u00e4remot spelar han tv\u00e5 Masshysteri-l\u00e5tar: <em>Masshysteri Del Tv\u00e5<\/em> och <em>L\u00e5t Dom Hata Oss<\/em>. <\/strong>Inte f\u00f6r att de avviker p\u00e5 n\u00e5got s\u00e4tt, allt \u00e4r en pop\/punk\/rockblandning ikv\u00e4ll. Bandet bakom honom \u00e4r k\u00f6nskvoterat med tjejer p\u00e5 rytmsektionen och killar p\u00e5 gitarrer.<\/p>\n<p>Annars \u00e4r det l\u00e5tar fr\u00e5n f\u00f6rra \u00e5rets soloskiva som g\u00e4ller. <em>22<\/em> f\u00e5r n\u00e4var att flyga i luften, och <em>Stockholm Brinner<\/em> f\u00e5r temperaturen (urs\u00e4kta) att stiga ytterligare. Torget \u00e4r s\u00e5 fullsatt att man i princip m\u00e5ste h\u00e5lla andan f\u00f6r att f\u00e5 plats. I <em>Sveriges Ungdom <\/em>glimtar punk\u00e5dran igenom.<\/p>\n<p style=\"padding-left: 60px;\"><em>Vi skulle leva f\u00f6r alltid<br \/>\ns\u00e5 h\u00e4r l\u00e5ngt har det g\u00e5tt bra<br \/>\nVi skulle leva f\u00f6r alltid<br \/>\ndu och jag<br \/>\nN\u00e4r vi var sm\u00e5 s\u00e5 hoppade vi<br \/>\nemellan hustaken i stan<br \/>\nVi var precis som alla andra<br \/>\nuttr\u00e5kade stadsbarn<\/em><\/p>\n<p>&nbsp;<\/p>\n<p><a title=\"Hurula\" href=\"https:\/\/www.flickr.com\/photos\/kultursidan\/19545350693\/in\/album-72157656176843930\/\"><img loading=\"lazy\" decoding=\"async\" src=\"https:\/\/farm1.staticflickr.com\/265\/19545350693_747e9eb113.jpg\" alt=\"Hurula\" width=\"400\" height=\"269\" \/><\/a><br \/>\n<em> Uppburen. Till slut, under extranumret m\u00f6tte Hurula publiken.<\/em><\/p>\n<p>&nbsp;<\/p>\n<p><strong>P\u00e5 avslutande <em>Det \u00c4r OK Om Du Gl\u00f6mmer Mig<\/em> stegras tempot mer och mer.<\/strong> Till slut har alla g\u00e5tt av scenen f\u00f6rutom en av gitarristerna som kvider fram ett evighetssolo innan \u00e4ven han g\u00e5r. Det tar oss s\u00e4kert 5 minuter att f\u00e5 tillbaks dem. Men nu visar Hurula lite k\u00e4nslor f\u00f6r f\u00f6rsta g\u00e5ngen under kv\u00e4llen. Tidigare har han g\u00f6mt sig under luggen och studerat sina skor. (Han \u00e4r blyg, det \u00e4r allt.) Och n\u00e4r han v\u00e4l best\u00e4mt sig f\u00f6r publikkontakt ger han sig ut och publiksurfar. Ett brett leende klyver ansiktet.<\/p>\n<p>Publiken \u00e4r i extas och vill ha mer. Men det hj\u00e4lper inte med 10 minuters klappande. Underbart \u00e4r kort och n\u00e5gon g\u00e5ng tar det roliga slut. Men det var fullkomligt s\u00e5 l\u00e4nge det varade.<\/p>\n<p><strong>Jag g\u00e5r hem och inser att jag missade honom p\u00e5 Br\u00e5valla f\u00f6rra \u00e5ret.<\/strong> Hittar en kritisk recension som f\u00e5r mig att skratta. Det var b\u00e4ttre att lyssna p\u00e5 skivan hemma tyckte murveln. Vad begriper v\u00e4l recensenter? Konstaterar att jag har motsatt \u00e5sikt p\u00e5 alla punkter och sl\u00e5r (med bara en gnutta sj\u00e4lvkritik) fast att det \u00e4r jag som har r\u00e4tt. Men fr\u00e5ga, f\u00f6r all del, vem som helst som var d\u00e4r!<\/p>\n<p><em>Text och foto: Michael Strandhed<\/em><\/p>\n<p>BILDSPEL (FLASH) \u2013 KLICKA P\u00c5 BILDEN <em><br \/>\nALT\/MOBIL: SE BILDSPELET <a title=\"Bildspel\" href=\"https:\/\/www.flickr.com\/photos\/kultursidan\/sets\/72157656176843930\/show\/\" target=\"_blank\">H\u00c4R<\/a><\/em><br \/>\n<object width=\"400\" height=\"300\"><param name=\"flashvars\" value=\"offsite=true&amp;lang=en-us&amp;page_show_url=%2Fphotos%2Fkultursidan%2Fsets%2F72157656176843930%2Fshow%2F&amp;page_show_back_url=%2Fphotos%2Fkultursidan%2Fsets%2F72157656176843930%2F&amp;set_id=72157656176843930&amp;jump_to=\" \/><param name=\"movie\" value=\"https:\/\/www.flickr.com\/apps\/slideshow\/show.swf?v=1811922554\" \/><param name=\"allowFullScreen\" value=\"true\" \/><\/object><\/p>\n<blockquote>\n<h3><em>RESTAURANGTORGET, KN\u00c4PPINGSBORG Norrk\u00f6ping<\/em><\/h3>\n<p>28 juli 2015<em><br \/>\n<strong>Hurula<\/strong><\/em><br \/>\n<em> Arr: Lucky You<\/em><\/p><\/blockquote>\n<p>L\u00c4NKAR<br \/>\nHurula <a href=\"https:\/\/www.facebook.com\/hurulaofficial?fref=ts\" target=\"_blank\">Facebook<\/a> <a href=\"http:\/\/www.rocknytt.net\/live\/14844-hurula-liverecension-fran-bravalla-festival-2014-06-28\" target=\"_blank\">recension\/Rocknytt<\/a><\/p>\n","protected":false},"excerpt":{"rendered":"<p>NORRK\u00d6PING Torget \u00e4r s\u00e5 fullsatt att man i princip m\u00e5ste h\u00e5lla andan f\u00f6r att f\u00e5 plats. Mest spelar Robert Hurula Pettersson l\u00e5tar fr\u00e5n solokarri\u00e4ren. Med tv\u00e5 Masshysteril\u00e5tar glimtar punk\u00e5dran fram. <a class=\"continue-reading-link\" href=\"https:\/\/www.kultursidan.nu\/?p=20831\">L\u00e4s mer <span class=\"meta-nav\">&rarr; <\/span><\/a><\/p>\n","protected":false},"author":1001006,"featured_media":0,"comment_status":"closed","ping_status":"open","sticky":false,"template":"","format":"standard","meta":{"_jetpack_memberships_contains_paid_content":false,"footnotes":""},"categories":[7],"tags":[13],"class_list":["post-20831","post","type-post","status-publish","format-standard","hentry","category-norrkoping","tag-musik"],"jetpack_featured_media_url":"","jetpack_sharing_enabled":true,"_links":{"self":[{"href":"https:\/\/www.kultursidan.nu\/index.php?rest_route=\/wp\/v2\/posts\/20831","targetHints":{"allow":["GET"]}}],"collection":[{"href":"https:\/\/www.kultursidan.nu\/index.php?rest_route=\/wp\/v2\/posts"}],"about":[{"href":"https:\/\/www.kultursidan.nu\/index.php?rest_route=\/wp\/v2\/types\/post"}],"author":[{"embeddable":true,"href":"https:\/\/www.kultursidan.nu\/index.php?rest_route=\/wp\/v2\/users\/1001006"}],"replies":[{"embeddable":true,"href":"https:\/\/www.kultursidan.nu\/index.php?rest_route=%2Fwp%2Fv2%2Fcomments&post=20831"}],"version-history":[{"count":0,"href":"https:\/\/www.kultursidan.nu\/index.php?rest_route=\/wp\/v2\/posts\/20831\/revisions"}],"wp:attachment":[{"href":"https:\/\/www.kultursidan.nu\/index.php?rest_route=%2Fwp%2Fv2%2Fmedia&parent=20831"}],"wp:term":[{"taxonomy":"category","embeddable":true,"href":"https:\/\/www.kultursidan.nu\/index.php?rest_route=%2Fwp%2Fv2%2Fcategories&post=20831"},{"taxonomy":"post_tag","embeddable":true,"href":"https:\/\/www.kultursidan.nu\/index.php?rest_route=%2Fwp%2Fv2%2Ftags&post=20831"}],"curies":[{"name":"wp","href":"https:\/\/api.w.org\/{rel}","templated":true}]}}