{"id":2091,"date":"2011-08-12T11:32:47","date_gmt":"2011-08-12T09:32:47","guid":{"rendered":"https:\/\/intelligent-friend-7861.standoutwp.com\/?p=2091"},"modified":"2014-09-06T09:58:06","modified_gmt":"2014-09-06T08:58:06","slug":"ostergotlands-musikdagar-hyllar-jussi","status":"publish","type":"post","link":"https:\/\/www.kultursidan.nu\/?p=2091","title":{"rendered":"\u00d6sterg\u00f6tlands musikdagar hyllar Jussi"},"content":{"rendered":"<p><iframe loading=\"lazy\" src=\"https:\/\/www.flickr.com\/photos\/kultursidan\/6034921288\/in\/set-72157627414479596\/player\/\" width=\"500\" height=\"333\" frameborder=\"0\" allowfullscreen=\"allowfullscreen\"><\/iframe><\/p>\n<p><em>Kille med klarinett. En g\u00e5ng bodde Staffan M\u00e5rtensson i Norrk\u00f6ping och ville bli jazzmusiker.<br \/>\nHan valde klassiskt. \u00d6stg\u00f6ta musikdagars konstn\u00e4rlige ledare unnar sig <\/em><em>numera <\/em><em>b\u00e5de det ena och det andra.<\/em><\/p>\n<p>&nbsp;<\/p>\n<h1><span style=\"color: #ff0000;\">Det lilla formatets musik sl\u00e5r p\u00e5 stort<\/span><\/h1>\n<p>&nbsp;<\/p>\n<p><strong>\u00d6sterg\u00f6tland. Augusti. Musikdagar.<\/strong> Det \u00e4r likadant varje \u00e5r. Det \u00e4r lika nytt varje \u00e5r. Konstn\u00e4rlige ledaren <em>Staffan M\u00e5rtensson<\/em> drar i v\u00e4l tvinnade varptr\u00e5dar till slott (Link\u00f6ping, Bj\u00e4rka-S\u00e4by, L\u00f6fstad) och koja (det ska v\u00e4l vara Crescendo det) och lite till (alla \u00f6vriga samarbetspartners). Ringer n\u00e5gra v\u00e4nner och bekanta. Kanske <em>Staffan Scheja<\/em>? YES! Kanske <em>Steffo T\u00f6rnquist<\/em>, inte musiker men passionerad\u2026 ? YES! Vilken internationell kammargrupp i \u00e5r? Tjeckiskt? <em>Vlachkvartetten<\/em>? YES!<\/p>\n<p>Grunnar. Putsar. S\u00e5 sitter det som en sm\u00e4ck \u2013 festivalprogrammet.<\/p>\n<p><strong>Vem hyllar inte Jussi i \u00e5r?<\/strong> \u00d6sterg\u00f6tlands musikdagar till och med p\u00e5st\u00e5r att <em>Jussi lever! <\/em>i inledningskonserten p\u00e5 borgg\u00e5rden till Link\u00f6pings slott. Det ska f\u00f6rst\u00e5s vara en hovs\u00e5ngare som kan ta i s\u00e5 det h\u00f6rs \u00e4nda ute till havs, <em>Karl-Magnus Fredriksson<\/em> och <em>\u00d6stg\u00f6ta Bl\u00e5sarsymfoniker<\/em> hj\u00e4lps \u00e5t.<\/p>\n<p><strong>Levande musik i det mindre formatet \u00e4r Musikdagarnas signum,<\/strong> det blir jazz, s\u00e5ng och barnkonserter. Och massor med kammarmusik, f\u00f6rst\u00e5s, eftersom <em>Link\u00f6pings kammarmusikfestival <\/em>ing\u00e5r som en s\u00e4rskild del i programmet.<\/p>\n<p><strong>I Norrk\u00f6ping ges 6 konserter,<\/strong> i Link\u00f6ping ocks\u00e5 6 plus kammarmusikfestivalens 4 plus lite kv\u00e4llsjam med artisterna p\u00e5 hotellet i Link\u00f6ping, f\u00e5r man ocks\u00e5 lyssna p\u00e5. I \u00f6vriga \u00d6sterg\u00f6tland \u2013 Bj\u00e4rka-S\u00e4by, K\u00e4ttilstad, Vadstena och Kisa \u2013 blir det fyra konserter. <em>Love Derwinger<\/em>, v\u00e4n i n\u00f6den n\u00e4r Otto Freudenthal skadat handen, ger en pianokonsert och <em>\u00d6stg\u00f6ta Kammark\u00f6r<\/em> g\u00f6r nedslag i l\u00e4net med <em>S\u00e5ngcykel<\/em> medan <em>\u00d6stg\u00f6tabandet<\/em> jazzar, som traditionen bjuder.<\/p>\n<p><strong>\u00c5rets tons\u00e4ttare \u00e4r Johan Ull\u00e9n<\/strong>, f\u00f6dd 1972, och hans notskrift lyser i programmet. Han har skrivit musiken till barnkonserten <em>Vem ska tr\u00f6sta Knyttet?<\/em> (ges i b\u00e5de Norrk\u00f6ping och Link\u00f6ping) Och han medverkar vid programpunkterna <em>Nu kommer kv\u00e4llen<\/em>, <em>Dr\u00f6mmar och tangos<\/em> och slutligen vid Musikdagarnas <em>Grande Finale<\/em> d\u00e4r specialbest\u00e4llda stycket <em>Sorgedr\u00f6m<\/em> f\u00f6r klarinett och str\u00e5kkvartett uruppf\u00f6rs \u2013 av <em>Staffan M\u00e5rtensson<\/em> och <em>Vlachkvartetten<\/em>.<\/p>\n<p><strong>Alla konserter listas nedan i ordningen<\/strong> Norrk\u00f6ping, Link\u00f6ping, Kammarmusikfestivalen i Link\u00f6ping och \u00d6vriga \u00d6sterg\u00f6tland. K\u00f6per man festivalpasset f\u00f6r 600 kronor \u00e4r intr\u00e4det fritt till alla program.<\/p>\n<p><em>Text: Ann-Charlotte Sandelin<br \/>\nPressbilder: Carl Thorborg, Maave Mustonen, Mars B\u00e4cker, Johan Ljungstr\u00f6m\/SR m fl<\/em><\/p>\n<p>&nbsp;<\/p>\n<p>\u00d6sterg\u00f6tlands musikdagar <a title=\"\u00d6sterg\u00f6tlands musikdagar\" href=\"http:\/\/www.musikdagar.just.nu\/\" target=\"_blank\">hemsida<\/a><\/p>\n<p>&nbsp;<\/p>\n<p>BILDSPEL (FLASH) \u2013 KLICKA P\u00c5 BILDEN <em>ALT\/MOBIL: SE BILDSPELET <a title=\"Bildspel\" href=\"https:\/\/www.flickr.com\/photos\/kultursidan\/sets\/72157627414479596\/show\/\" target=\"_blank\">H\u00c4R<\/a><\/em><br \/>\n<object width=\"400\" height=\"300\"><param name=\"flashvars\" value=\"offsite=true&#038;lang=en-us&#038;page_show_url=%2Fphotos%2Fkultursidan%2Fsets%2F72157627414479596%2Fshow%2F&#038;page_show_back_url=%2Fphotos%2Fkultursidan%2Fsets%2F72157627414479596%2F&#038;set_id=72157627414479596&#038;jump_to=\"><\/param><param name=\"movie\" value=\"https:\/\/www.flickr.com\/apps\/slideshow\/show.swf?v=1811922554\"><\/param><param name=\"allowFullScreen\" value=\"true\"><\/param><\/object><\/p>\n<ul>\n<li>\n<h3>\u00d6STERG\u00d6TLANDS MUSIKDAGAR<\/h3>\n<h3><em>13-20 augusti 2011<\/em><\/h3>\n<\/li>\n<li><\/li>\n<li>NORRK\u00d6PING<\/li>\n<li><em>S\u00f6ndag 14 augusti kl 19.00<br \/>\n<\/em>Immanuelskyrkan <em><br \/>\n<\/em><strong>Trio Con Trast<\/strong><br \/>\nUnga musiker med \u00f6stg\u00f6taanknytning p\u00e5 v\u00e4g mot en professionell karri\u00e4r.<br \/>\nMasako Karlsson, piano; Sofia Nerman, fl\u00f6jt; Alexandra Carlgren, violoncell.<br \/>\nMusik av bl a Jeppesen, Okumura och Martinu.<br \/>\nFri entr\u00e9<\/li>\n<li><em>M\u00e5ndag 15 augusti kl 19.00<br \/>\n<\/em>Crescendo<br \/>\n<strong>Getz Together\u2026<br \/>\n<\/strong>S\u00e5ngaren Peter Getz m\u00f6ter Staffan M\u00e5rtensson och Tilling Adefelt Ikiz OP3, en av Sveriges fr\u00e4msta jazzpianotrios.<br \/>\nJazzklassiker fr\u00e5n the Great American Songbook med inspiration av Oscar Peterson.<br \/>\nEntr\u00e9: 150 kr. Under 25 \u00e5r: gratis<\/li>\n<li><em>Tisdag 16 augusti kl 19.00<br \/>\n<\/em>Immanuelskyrkan, Norrk\u00f6ping<br \/>\n<strong>En kv\u00e4ll med Scheja<br \/>\n<\/strong>Staffan Scheja, piano.<br \/>\nMusik av bl a 200-\u00e5rsjubilaren Franz Liszt, Brahms och Debussy.<br \/>\nEntr\u00e9: 200 kr. Under 25 \u00e5r: 100 kr<\/li>\n<li><em>Onsdag 17 augusti kl 12.30<br \/>\n<\/em>Norrk\u00f6pings Konstmuseum<br \/>\n<strong>Vem ska tr\u00f6sta Knyttet?<br \/>\n<\/strong>En kammarmusiksaga om blyghet, mod och v\u00e4nskap av Johan Ull\u00e9n efter Tove Janssons ber\u00e4ttelse. F\u00f6r stora och sm\u00e5, fr\u00e5n fyra \u00e5r.<br \/>\nBer\u00e4ttare\/s\u00e5ngerska: Ann-Sofie Andersson.<br \/>\nMusiker: Semmy Stalhammer, violin; Torbj\u00f6rn Helander, viola; Isabel Blomm\u00e9, cello.<br \/>\nFri entr\u00e9<\/li>\n<li><em>Fredag 19 augusti kl 12.30<br \/>\n<\/em>Norrk\u00f6pings Konstmuseum<br \/>\n<strong>Soppkonsert: Tau(be) or not<br \/>\n<\/strong>Evert Taube p\u00e5 nytt s\u00e4tt med \u00d6stg\u00f6ta Brasskvintett och Magnus Eriksson, tenorsax\/dator\/sequenzer.<br \/>\nSoppa och konsert: 140 kr, endast konsert 80 kr. Bes\u00f6kare under 25 \u00e5r eller med festivalpass: fri entr\u00e9, soppa 60 kr<\/li>\n<li><em>L\u00f6rdag 20 augusti<br \/>\n<\/em>kl 15.00 G\u00e4stabudssalen, L\u00f6fstad slott<br \/>\n<strong>Str\u00e5kar fr\u00e5n Prag<br \/>\n<\/strong>Slottsmatin\u00e9 med Vlach-kvartetten.<br \/>\nJana Vlachov\u00e1 och Karel Stadtherr, violin; Ji\u0159\u00ed Kab\u00e1t, viola; Mikael Ericsson, cello.<br \/>\nMusik av Mozart, Dvo\u0159\u00e1k och J Kab\u00e1t \u2013 kvartettens altviolinist.<br \/>\nEntr\u00e9: 150 kr. Under 25 \u00e5r: gratis<\/li>\n<li><\/li>\n<li>LINK\u00d6PING<\/li>\n<li><em>L\u00f6rdag 13 augusti kl 19.00<br \/>\n<\/em>Inre borgg\u00e5rden, Link\u00f6pings slott<br \/>\n<strong>Jussi lever!<br \/>\n<\/strong>Hovs\u00e5ngare Karl-Magnus Fredriksson och \u00d6stg\u00f6ta Bl\u00e5sarsymfoniker hyllar Jussi Bj\u00f6rling 100 \u00e5r. Dirigent: Staffan M\u00e5rtensson.<br \/>\nProgramv\u00e4rd: Landsh\u00f6vding Elisabeth Nilsson.<br \/>\nVid regn flyttas konserten till Wallenbergsalen, L\u00e4nsmuseet<br \/>\nEntr\u00e9: 200 kr. Under 25 \u00e5r: 100 kr<\/li>\n<li><em>Onsdag 17 augusti ca kl 22<\/em><br \/>\nFirst Hotels lobby<br \/>\n<strong>Spontanmusik med festivalens artister<br \/>\n<\/strong>Fri entr\u00e9<\/li>\n<li><em>Torsdag 18 augusti kl 18.30<br \/>\n<\/em>Tr\u00e4dg\u00e5rdsf\u00f6reningen, Link\u00f6ping<br \/>\n<strong>Grenadj\u00e4rkonsert<br \/>\n<\/strong>En sommartradition med \u00d6stg\u00f6ta Bl\u00e5sarsymfoniker. Milit\u00e4rmusik n\u00e4r den \u00e4r som b\u00e4st.<br \/>\nDirigent: Mats Janhagen.<br \/>\nVid regn: Wallenbergsalen<br \/>\nFri entr\u00e9<\/li>\n<li><em>Torsdag 18 augusti kl 20.00<br \/>\n<\/em>Baptistkyrkan, Link\u00f6ping<br \/>\n<strong>Getz Together\u2026<br \/>\n<\/strong>S\u00e5ngaren Peter Getz m\u00f6ter Staffan M\u00e5rtensson och Tilling Adefelt Ikiz OP3, en av Sveriges fr\u00e4msta jazzpianotrios.<br \/>\nJazzklassiker fr\u00e5n the Great American Songbook med inspiration av Oscar Peterson.<br \/>\nEntr\u00e9: 150 kr. Under 25 \u00e5r: gratis<\/li>\n<li><em>Torsdag 18 augusti kl 22<\/em><br \/>\nFirst Hotels lobby<br \/>\n<strong>Spontanmusik med festivalens artister<br \/>\n<\/strong>Fri entr\u00e9<\/li>\n<li><em>Fredag 19 augusti kl 19.00<br \/>\n<\/em>Baptistkyrkan, Link\u00f6ping<br \/>\n<strong>Nu kommer kv\u00e4llen<br \/>\n<\/strong>Ett m\u00f6te mellan s\u00e5ng och str\u00e5k.<br \/>\nHovs\u00e5ngare Karl-Magnus Fredriksson; Vlach-kvartetten, str\u00e5kkvartett fr\u00e5n Prag; Johan Ull\u00e9n, piano.<br \/>\nS\u00e5nger av bl a Pettersson-Berger, Olle Adolphsson, Ull\u00e9n, Sibelius.<br \/>\nStr\u00e5kkvartetter av Jan\u00e1\u010dek \u2013 \u201dIntima brev\u201d \u2013 och Suk.<br \/>\nEntr\u00e9: 150 kr. Under 25 \u00e5r: gratis<\/li>\n<li><em>Fredag 19 augusti kl 22.00<br \/>\n<\/em>First Hotels lobby<br \/>\n<strong>Spontanmusik med festivalens artister<br \/>\n<\/strong>Fri entr\u00e9<\/li>\n<li><em>L\u00f6rdag 20 augusti kl 19.00<br \/>\n<\/em>Crusellhallen, Konsert &amp; Kongress, Link\u00f6ping<br \/>\n<strong>Grande Finale \u2013 En kavalkad av kammarmusik<br \/>\n<\/strong>Programv\u00e4rd: Steffo T\u00f6rnquist.<br \/>\nArtister: Johan Ull\u00e9n, Vlach-kvartetten, Katarina Leoson, Markus Leoson, Semmy Stalhammer, Isabel Blomm\u00e9, Staffan M\u00e5rtensson.<br \/>\nMusik av festivaltons\u00e4ttaren Johan Ull\u00e9n, Dvo\u0159\u00e1k, Bizet och andra.<br \/>\nDessutom framtr\u00e4der f\u00f6reningen MIL:s Kulturskolestipendiater.<br \/>\nEntr\u00e9: 200 kr. Under 25 \u00e5r: 100 kr. Onumrerade platser.<br \/>\nBiljetter till denna konsert s\u00e4ljs i biljettkassan, Konsert &amp; Kongress och via <a href=\"http:\/\/%20www.ticnet.se\/\">www.ticnet.se<\/a>.<\/li>\n<li><\/li>\n<li>LINK\u00d6PINGS KAMMARMUSIKFESTIVAL<\/li>\n<li><em>Onsdag 17 augusti kl 19.00<br \/>\n<\/em>Crusellhallen, Konsert &amp; Kongress, Link\u00f6ping<br \/>\n<strong>En kv\u00e4ll med Scheja<br \/>\n<\/strong>Staffan Scheja, piano.<br \/>\nMusik av 200-\u00e5rsjubilaren Franz Liszt, Brahms och Debussy.<br \/>\nKammarmusikfestivalen invigs av Carina Boberg, kommunalr\u00e5d med ansvar f\u00f6r kultur, fritid och utbildning.<br \/>\nEntr\u00e9: 200 kr. Under 25 \u00e5r: 100 kr. Onumrerade platser.<br \/>\nBiljetter till denna konsert s\u00e4ljs i biljettkassan, Konsert &amp; Kongress och via<a href=\"http:\/\/%20www.ticnet.se\/\"> www.ticnet.se<\/a>.<\/li>\n<li><em>Torsdag 18 augusti kl 10.00<\/em><br \/>\nSagateatern, Link\u00f6ping<br \/>\n<strong>Vem ska tr\u00f6sta Knyttet?<br \/>\n<\/strong>En kammarmusiksaga om blyghet, mod och v\u00e4nskap av Johan Ull\u00e9n efter Tove Janssons ber\u00e4ttelse. F\u00f6r stora och sm\u00e5, fr\u00e5n fyra \u00e5r.<br \/>\nBer\u00e4ttare\/s\u00e5ngerska: Ann-Sofie Andersson.<br \/>\nMusiker: Semmy Stalhammer, violin; Torbj\u00f6rn Helander, viola; Isabel Blomm\u00e9, cello.<br \/>\nFri entr\u00e9<\/li>\n<li><em>Fredag 19 augusti kl 12.15<br \/>\n<\/em>Baptistkyrkan, Link\u00f6ping<br \/>\n<strong>Dr\u00f6mmar och tangos<br \/>\n<\/strong>Lunchkonsert med \u00e5rets komposit\u00f6r\/pianist Johan Ull\u00e9n, Crusellkvintetten och Staffan M\u00e5rtensson. Musik av bl a Ull\u00e9n och Piazolla.<br \/>\nEntr\u00e9: 150 kr. Under 25 \u00e5r: gratis<\/li>\n<li><em>L\u00f6rdag 20 augusti kl 17.30<br \/>\n<\/em>Spegelfoaj\u00e9n, Konsert &amp; Kongress, Link\u00f6ping<br \/>\n<strong>Kammarmusik \u2013 av vem, f\u00f6r vem? Paneldiskussion<br \/>\n<\/strong>Moderator: Maria Eby von Zweigbergk, journalist, SR P2<br \/>\nMedverkande: Tomas L\u00f6ndahl, st\u00e4ndig sekreterare, Musikaliska Akademien<br \/>\nThomas Anderberg, musikkritiker<br \/>\nLeo Wijkmark, programchef<br \/>\nJohan Ull\u00e9n, komposit\u00f6r<br \/>\nStaffan M\u00e5rtensson, \u00d6stg\u00f6ta musikdagars konstn\u00e4rlige ledare<br \/>\nFri entr\u00e9<\/li>\n<li><\/li>\n<li>\u00d6VRIGA \u00d6STERG\u00d6TLAND<\/li>\n<li><em>S\u00f6ndag 14 augusti kl 14.30<br \/>\n<\/em>Rotundan, Nya Slottet, Bj\u00e4rka-S\u00e4by<br \/>\n<strong>Slottsmatin\u00e9 med Love Derwinger<\/strong><br \/>\nPianisten Love Derwinger l\u00e4ser ur sin bok &#8221;Godnatt&#8221; och spelar Bach, Chopin och Debussy.<em><br \/>\nErs\u00e4tter tidigare annonserad konsert med Otto Freudenthal<\/em><br \/>\nEntr\u00e9: 150 kr. Under 25 \u00e5r: gratis<\/li>\n<li><em>M\u00e5ndag 15 augusti kl 19.00<br \/>\n<\/em>K\u00e4ttilstad kyrka, Kinda<br \/>\n<strong>S\u00e5ngcykel<br \/>\n<\/strong>Somrig musik med \u00d6stg\u00f6ta Kammark\u00f6r och Crusellkvintetten, bl a sviten A Cycle Round Britain av Goff Richards.<br \/>\nDessutom musik av Sven-Eric Johanson, Holst, \u00d6hrwall.<br \/>\nDirigent: Hans Lundgren.<br \/>\nEntr\u00e9: 100 kr. Under 25 \u00e5r: gratis<\/li>\n<li><em>Tisdag 16 augusti kl 19.00<\/em><br \/>\nVadstena Klosterkyrka<br \/>\n<strong>S\u00e5ngcykel<br \/>\n<\/strong>Somrig musik med \u00d6stg\u00f6ta Kammark\u00f6r och Crusellkvintetten, bl a sviten A Cycle Round Britain av Goff Richards.<br \/>\nDessutom musik av Sven-Eric Johanson, Holst, \u00d6hrwall.<br \/>\nDirigent: Hans Lundgren.<br \/>\nEntr\u00e9: 100 kr. Under 25 \u00e5r: gratis<\/li>\n<li><em>Tisdag 16 augusti kl 19.00<br \/>\n<\/em>Kisa F\u00f6rsamlingsg\u00e5rd<br \/>\n<strong>Sommarjazz med \u00d6stg\u00f6tabandet<br \/>\n<\/strong>En tradition i Musikdagarna, alltid lika uppskattad. Det brukar bli fullt \u2013 kom i tid!<br \/>\nEntr\u00e9: 100 kr. Under 25 \u00e5r: gratis<\/li>\n<\/ul>\n","protected":false},"excerpt":{"rendered":"<p>Fr\u00e5n Staffan till Steffo. \u00c5ter drabbar musiken och passionen l\u00e4net under en intensiv augustivecka. Scheja kommer, \u00d6stg\u00f6ta Kammark\u00f6r och dito bl\u00e5sare, Vlachkvartetten. Hovs\u00e5ngare och jazz. \u2026 och Jussi lever! Och \u00e5rets komposit\u00f6r \u00e4r\u2026 <a class=\"continue-reading-link\" href=\"https:\/\/www.kultursidan.nu\/?p=2091\">L\u00e4s mer <span class=\"meta-nav\">&rarr; <\/span><\/a><\/p>\n","protected":false},"author":1001006,"featured_media":0,"comment_status":"open","ping_status":"open","sticky":false,"template":"","format":"standard","meta":{"_jetpack_memberships_contains_paid_content":false,"footnotes":""},"categories":[55,7],"tags":[13],"class_list":["post-2091","post","type-post","status-publish","format-standard","hentry","category-linkoping","category-norrkoping","tag-musik"],"jetpack_featured_media_url":"","jetpack_sharing_enabled":true,"_links":{"self":[{"href":"https:\/\/www.kultursidan.nu\/index.php?rest_route=\/wp\/v2\/posts\/2091","targetHints":{"allow":["GET"]}}],"collection":[{"href":"https:\/\/www.kultursidan.nu\/index.php?rest_route=\/wp\/v2\/posts"}],"about":[{"href":"https:\/\/www.kultursidan.nu\/index.php?rest_route=\/wp\/v2\/types\/post"}],"author":[{"embeddable":true,"href":"https:\/\/www.kultursidan.nu\/index.php?rest_route=\/wp\/v2\/users\/1001006"}],"replies":[{"embeddable":true,"href":"https:\/\/www.kultursidan.nu\/index.php?rest_route=%2Fwp%2Fv2%2Fcomments&post=2091"}],"version-history":[{"count":0,"href":"https:\/\/www.kultursidan.nu\/index.php?rest_route=\/wp\/v2\/posts\/2091\/revisions"}],"wp:attachment":[{"href":"https:\/\/www.kultursidan.nu\/index.php?rest_route=%2Fwp%2Fv2%2Fmedia&parent=2091"}],"wp:term":[{"taxonomy":"category","embeddable":true,"href":"https:\/\/www.kultursidan.nu\/index.php?rest_route=%2Fwp%2Fv2%2Fcategories&post=2091"},{"taxonomy":"post_tag","embeddable":true,"href":"https:\/\/www.kultursidan.nu\/index.php?rest_route=%2Fwp%2Fv2%2Ftags&post=2091"}],"curies":[{"name":"wp","href":"https:\/\/api.w.org\/{rel}","templated":true}]}}