{"id":20962,"date":"2015-08-13T15:00:50","date_gmt":"2015-08-13T14:00:50","guid":{"rendered":"https:\/\/intelligent-friend-7861.standoutwp.com\/?p=20962"},"modified":"2015-08-13T15:00:50","modified_gmt":"2015-08-13T14:00:50","slug":"uppskoljt-tidvatten-pa-radhusgarden","status":"publish","type":"post","link":"https:\/\/www.kultursidan.nu\/?p=20962","title":{"rendered":"Uppsk\u00f6ljt Tidvatten p\u00e5 R\u00e5dhusg\u00e5rden"},"content":{"rendered":"<p><a href=\"https:\/\/www.kultursidan.nu\/wp-content\/uploads\/2015\/08\/IMG_9252.jpg\"><img loading=\"lazy\" decoding=\"async\" class=\"alignnone size-medium wp-image-20963\" src=\"https:\/\/www.kultursidan.nu\/wp-content\/uploads\/2015\/08\/IMG_9252-567x378.jpg\" alt=\"Grodor vid Tidvatten\" width=\"567\" height=\"378\" srcset=\"https:\/\/www.kultursidan.nu\/wp-content\/uploads\/2015\/08\/IMG_9252-567x378.jpg 567w, https:\/\/www.kultursidan.nu\/wp-content\/uploads\/2015\/08\/IMG_9252-1024x682.jpg 1024w, https:\/\/www.kultursidan.nu\/wp-content\/uploads\/2015\/08\/IMG_9252-500x333.jpg 500w, https:\/\/www.kultursidan.nu\/wp-content\/uploads\/2015\/08\/IMG_9252-150x100.jpg 150w, https:\/\/www.kultursidan.nu\/wp-content\/uploads\/2015\/08\/IMG_9252.jpg 1280w\" sizes=\"auto, (max-width: 567px) 100vw, 567px\" \/><\/a><br \/>\n<em>Grodorna vid Tidvatten. Danskollektivet Blauba bidrog till festligheterna vid invigningen av S\u00f6derk\u00f6pings nya konsttr\u00e4dg\u00e5rd R\u00e5dhusg\u00e5rden.<\/em><\/p>\n<p>&nbsp;<\/p>\n<h1><span style=\"color: #ff0000;\">Sm\u00e5 barn och stora grodor kan konsten<br \/>\n<\/span><\/h1>\n<p>&nbsp;<\/p>\n<p><strong>Sm\u00e5 barn och stora grodor tar genast S\u00f6derk\u00f6pings allra nyaste konstverk i bruk.<\/strong> Den sandvita skulpturen <em>Tidvatten<\/em> av konstn\u00e4ren Inger Sannes \u00e4r p\u00e4rlan i nya konsttr\u00e4dg\u00e5rden <em>R\u00e5dhusg\u00e5rden<\/em>. Utvalda v\u00e4xter, l\u00e5nga b\u00e4nkar utmed Stor\u00e5n.<\/p>\n<p>Reparationer av \u00e5ns stenkant f\u00f6rsenade invigningen som ursprungligen skulle \u00e4gt rum tidigt i somras. S\u00e5 \u00e4ven om konstverket kom p\u00e5 plats i tid har det legat som ett uppsk\u00f6ljt sn\u00e4ckskal vid kanten under den l\u00e5nga sommaren. P\u00e5 onsdagskv\u00e4llen var det \u00e4ntligen dags f\u00f6r invigning med kommunfullm\u00e4ktiges ordf\u00f6rande Gerd Aronsson i spetsen.<\/p>\n<p>&nbsp;<\/p>\n<p><a title=\"Blauba \u2013 Grodorna \u2013 i samband med invigningen av nya konsttr\u00e4dg\u00e5rden i S\u00f6derk\u00f6ping\" href=\"https:\/\/www.flickr.com\/photos\/kultursidan\/20349459980\/in\/album-72157657194925025\/\"><img loading=\"lazy\" decoding=\"async\" src=\"https:\/\/farm6.staticflickr.com\/5773\/20349459980_844d09c7a0.jpg\" alt=\"Blauba \u2013 Grodorna \u2013 i samband med invigningen av nya konsttr\u00e4dg\u00e5rden i S\u00f6derk\u00f6ping\" width=\"400\" height=\"274\" \/><\/a><br \/>\n<em>Snabba hiphop-grodor i dansf\u00f6rest\u00e4llningens senare del.<\/em><\/p>\n<p>&nbsp;<\/p>\n<p><strong>N\u00e5gra timmar tidigare tr\u00e4ffar jag grodorna.<\/strong> Det \u00e4r systrarna Sofia och Tea Harryson, b\u00e5da medlemmar i danskollektivet Blauba, som medverkar med just f\u00f6rest\u00e4llningen <em>Grodorna<\/em>. Jag f\u00f6ljer repetitionen med min kamera och ser tv\u00e5 kostymkl\u00e4dda grodor, m\u00e4nniskogrodor, r\u00f6ra sig mot, vid och p\u00e5 skulpturen.<\/p>\n<p>Till tonerna av Beethovens lekfulla <em>Femte symfoni<\/em> unders\u00f6ker de den och anv\u00e4nder den, springer upp p\u00e5, vilar p\u00e5, funderar p\u00e5. Ibland \u00e4r r\u00f6relserna synkrona, samtidiga och t\u00e4tt intill, ibland f\u00f6rdelas rollerna s\u00e5 att en \u00e4r aktiv, en \u00e4r i vila, skeendet sprids i rummet som \u00e4ven omfattar grusplanen d\u00e4r skulpturen st\u00e5r. Det \u00e4r lustfyllt, ofta med utg\u00e5ngspunkt fr\u00e5n verklighetsn\u00e4ra r\u00f6relser och gester, n\u00e5gon g\u00e5ng med en humoristisk anspelning p\u00e5 andra konstuttryck, som klassisk balett och Rodins skulptur <em>T\u00e4nkaren<\/em>.<\/p>\n<p><strong>Dansen passar s\u00e5 v\u00e4l in att jag skulle tro att <em>Grodorna<\/em> \u00e4r ett platsspecifikt verk, skapat f\u00f6r just denna milj\u00f6,<\/strong> men jag vet att det \u00e4r en anpassad version av <em>Friends &amp; Strangers<\/em> fr\u00e5n 2012 som dansats mycket f\u00f6r barnpublik och \u00e4ven i v\u00e5rden.<\/p>\n<p>N\u00e4r symfonins f\u00f6rsta sats tonat ut h\u00f6r vi musik av och med Norbert Lukacs och Gaianeh Pilossian och uttrycket skiftar fr\u00e5n den fria konstdansen till mer typisk street, v\u00e5r tids f\u00f6rh\u00e4rskande folkliga dansstil.<\/p>\n<p>&nbsp;<\/p>\n<p><a title=\"Konstn\u00e4ren Inger Sannes med skulpturen Tidvatten\" href=\"https:\/\/www.flickr.com\/photos\/kultursidan\/20537531795\/in\/album-72157657194925105\/\"><img loading=\"lazy\" decoding=\"async\" src=\"https:\/\/farm6.staticflickr.com\/5687\/20537531795_7acc75638c.jpg\" alt=\"Konstn\u00e4ren Inger Sannes med skulpturen Tidvatten\" width=\"400\" height=\"266\" \/><\/a><br \/>\n<em>Som gjord f\u00f6r rutschkana. Barnbarnet Hedda vet genast hur hon ska anv\u00e4nda Inger Sannes vita skulptur.<\/em><\/p>\n<p>&nbsp;<\/p>\n<p><strong>\u2013 F\u00f6r barn i alla \u00e5ldrar, det var tanken, s\u00e4ger konstn\u00e4ren Inger Sannes om sin skulptur <em>Tidvatten.<\/em><\/strong> Hon sk\u00f6ljer av den med rent vatten och gnider med en trasa, skulpturen ska ju vara fin till invigningen. Rent vatten \u00e4r det enda som beh\u00f6vs.<\/p>\n<p>Skulpturen v\u00e4ger ett och ett halvt ton, \u00e4r gjord i italiensk Carraramarmor. Den abstrakta formen leder tankarna \u00e5t olika h\u00e5ll, sj\u00e4lv s\u00e4ger hon b\u00e5t och v\u00e5g p\u00e5 samma g\u00e5ng och de mjukt randade sidorna f\u00e5r mig strax att t\u00e4nka p\u00e5 en strandbotten d\u00e4r v\u00e5gorna packat sanden i h\u00e5rda r\u00e4nder men ocks\u00e5 p\u00e5 vattnets vattrade yta n\u00e4r en vindil g\u00e5r \u00f6ver. Ovansidan \u00e4r sl\u00e4tare men inte blankpolerad, snarare l\u00e4tt ruggad, en aningens str\u00e4v f\u00f6r att ge liv \u00e5t stenen.<\/p>\n<p>\u2013 Jag kommer fr\u00e5n ett sj\u00f6omr\u00e5de, vatten betyder mycket f\u00f6r mig, s\u00e4ger norsksvenska konstn\u00e4ren Inger Sannes.<\/p>\n<p>Hon skapade konstverket f\u00f6r tre \u00e5r sedan och pr\u00f6vat den italienska marmorns h\u00e4rdighet i nordiskt utomhusklimat. Om verkets namn <em>Tidvatten<\/em> s\u00e4ger hon att &#8221;tidvattnet kommer och g\u00e5r\u00a0 \u2013 som livet. Det kommer goda tider och sv\u00e5ra tider. I de sv\u00e5rare tiderna l\u00e4r vi oss mer.&#8221;<\/p>\n<p><strong>Den vita skulpturen med den mjuka rundningen lyser fint mot \u00e5kantens kantiga gr\u00e5sten. <\/strong>H\u00e4r kommer ljus och skugga att v\u00e4xla, p\u00e5 ovansida och sidopartier under dagarnas lopp genom \u00e5rstiderna. Just nu vr\u00e4ker solen p\u00e5 med starkt ljus, kontrasterna \u00e4r h\u00e5rda.<\/p>\n<p><em>R\u00e5dhusg\u00e5rden<\/em> \u00e4r platsen, S\u00f6derk\u00f6pings nyaste konsttr\u00e4dg\u00e5rd invid R\u00e5dhuset, d\u00e4r landskapsarkitekt och konstn\u00e4r m\u00f6tt varandra. Inger Sannes uppskattar det n\u00e4ra samarbetet och S\u00f6derk\u00f6pings medvetna satsning p\u00e5 konstmilj\u00f6er.<\/p>\n<p>\u2013 Ingen annan konst \u00e4n skulptur kan skapa det offentliga rummet. Nu blir konsttr\u00e4dg\u00e5rdarna en del av identiteten f\u00f6r dem som v\u00e4xer upp i S\u00f6derk\u00f6ping, s\u00e4ger hon och tittar p\u00e5 n\u00e4r barnbarnet Hedda, som just kommit, direkt tar skulpturen i besittning, som rutschkana.<\/p>\n<p>&nbsp;<\/p>\n<p><a title=\"Konsttr\u00e4dg\u00e5rden R\u00e5dhusg\u00e5rden med skulpturen Tidvatten\" href=\"https:\/\/www.flickr.com\/photos\/kultursidan\/20349510828\/in\/album-72157657194925105\/\"><img loading=\"lazy\" decoding=\"async\" src=\"https:\/\/farm6.staticflickr.com\/5761\/20349510828_5e0a3564dd.jpg\" alt=\"Konsttr\u00e4dg\u00e5rden R\u00e5dhusg\u00e5rden med skulpturen Tidvatten\" width=\"400\" height=\"266\" \/><\/a><br \/>\n<em>Sk\u00f6n milj\u00f6. L\u00e5ngb\u00e4nkar, blommor i terassen och skulpturen ner mot Stor\u00e5ns vatten.<\/em><\/p>\n<p>&nbsp;<\/p>\n<p><strong>L\u00e5nga b\u00e4nkar inbjuder till l\u00e5ngsittning.<\/strong> Den terasserade utformningen, signerad Helena Hasselberg, ger plats f\u00f6r b\u00e5de hjulf\u00f6rsedd transport och f\u00f6r de viktiga blommorna. R\u00e5dhusg\u00e5rdens v\u00e4xtlighet pekar, som s\u00e5 ofta, bak\u00e5t mot \u00e4ldre tider.<\/p>\n<p>\u00c4n s\u00e5 l\u00e4nge \u00e4r det lite ynkapynka med blommorna, men om n\u00e5gra \u00e5r prunkar s\u00e4kert rosor, stj\u00e4rnflocka, nejlikor, alunrot och v\u00e4dd med flera arter invid fl\u00e4der och kl\u00e4tterhortensia. V\u00e5rens blomsterprakt blir vit.<\/p>\n<p><strong>Lite orolig f\u00f6r ivriga sm\u00e5 barns s\u00e4kerhet blir jag dock<\/strong>, med mindre \u00e4n en meter fr\u00e5n \u00e5kanten.<\/p>\n<p>\u2013 Det \u00e4r lite l\u00e4skigt, medger kommunens kultursekreterare Linda Staaf. Vi har diskuterat och kommit fram till att det finns f\u00f6r\u00e4ldrar. Och att barn \u00e4nd\u00e5 \u00e4r f\u00f6rsiktiga av sig.<\/p>\n<p><em>Text och foto: Ann-Charlotte Sandelin<\/em><\/p>\n<p>R\u00c5DHUSG\u00c5RDEN MED TIDVATTEN \u2013 BILDSPEL (FLASH) \u2013 KLICKA P\u00c5 BILDEN <em><br \/>\nALT\/MOBIL: SE BILDSPELET <a title=\"Bildspel\" href=\"https:\/\/www.flickr.com\/photos\/kultursidan\/sets\/72157657194925105\/show\/\" target=\"_blank\">H\u00c4R<\/a><\/em><br \/>\n<object width=\"400\" height=\"300\"><param name=\"flashvars\" value=\"offsite=true&amp;lang=en-us&amp;page_show_url=%2Fphotos%2Fkultursidan%2Fsets%2F72157657194925105%2Fshow%2F&amp;page_show_back_url=%2Fphotos%2Fkultursidan%2Fsets%2F72157657194925105%2F&amp;set_id=72157657194925105&amp;jump_to=\" \/><param name=\"movie\" value=\"https:\/\/www.flickr.com\/apps\/slideshow\/show.swf?v=1811922554\" \/><param name=\"allowFullScreen\" value=\"true\" \/><\/object><\/p>\n<p>GRODORNA \u2013 BILDSPEL (FLASH) \u2013 KLICKA P\u00c5 BILDEN <em><br \/>\nALT\/MOBIL: SE BILDSPELET <a title=\"Bildspel\" href=\"https:\/\/www.flickr.com\/photos\/kultursidan\/sets\/72157657194925025\/show\/\" target=\"_blank\">H\u00c4R<\/a><\/em><br \/>\n<object width=\"400\" height=\"300\"><param name=\"flashvars\" value=\"offsite=true&amp;lang=en-us&amp;page_show_url=%2Fphotos%2Fkultursidan%2Fsets%2F72157657194925025%2Fshow%2F&amp;page_show_back_url=%2Fphotos%2Fkultursidan%2Fsets%2F72157657194925025%2F&amp;set_id=72157657194925025&amp;jump_to=\" \/><param name=\"movie\" value=\"https:\/\/www.flickr.com\/apps\/slideshow\/show.swf?v=1811922554\" \/><param name=\"allowFullScreen\" value=\"true\" \/><\/object><\/p>\n<blockquote>\n<h3><em>R\u00c5DHUSG\u00c5RDEN S\u00f6derk\u00f6ping<\/em><\/h3>\n<p>12 augusti 2015<em><br \/>\n<strong>Invigning av R\u00e5dhusg\u00e5rden och skulpturen Tidvatten<\/strong><\/em><br \/>\n<em> Kommunfullm\u00e4ktiges ordf\u00f6rande Gerd Aronsson <\/em><br \/>\n<em> Landskapsarkitekt: Helena Hasselberg<\/em><br \/>\n<em> Konstn\u00e4r: Inger Sannes<\/em><br \/>\n<em> Grodorna av och med Blauba \u2013 Sofia och Tea Harryson, musik av Ludwig van Beethoven samt Norbert Lukacs och Gaianeh Pilossian<\/em><br \/>\n<em> Arr: S\u00f6derk\u00f6pings kommun<\/em><\/p><\/blockquote>\n<p>L\u00c4NKAR<br \/>\nBlauba <a href=\"http:\/\/blauba.com\/v2\/\" target=\"_blank\">hemsida<\/a> <a href=\"https:\/\/www.facebook.com\/pages\/Blauba\/252891918113058?fref=ts\" target=\"_blank\">Facebook<\/a><br \/>\nS\u00f6derk\u00f6pings kommun <a href=\"http:\/\/www.soderkoping.se\/kultur-fritid\/kultur\/\" target=\"_blank\">hemsida<\/a> Facebook<\/p>\n","protected":false},"excerpt":{"rendered":"<p>S\u00d6DERK\u00d6PING Sm\u00e5 barn och stora grodor tar genast S\u00f6derk\u00f6pings allra nyaste konstverk i bruk. Den sandvita skulpturen Tidvatten av konstn\u00e4ren Inger Sannes \u00e4r p\u00e4rlan i nya konsttr\u00e4dg\u00e5rden R\u00e5dhusg\u00e5rden. Utvalda v\u00e4xter, l\u00e5nga b\u00e4nkar utmed Stor\u00e5n. <a class=\"continue-reading-link\" href=\"https:\/\/www.kultursidan.nu\/?p=20962\">L\u00e4s mer <span class=\"meta-nav\">&rarr; <\/span><\/a><\/p>\n","protected":false},"author":1001006,"featured_media":0,"comment_status":"closed","ping_status":"open","sticky":false,"template":"","format":"standard","meta":{"_jetpack_memberships_contains_paid_content":false,"footnotes":""},"categories":[6],"tags":[66,14],"class_list":["post-20962","post","type-post","status-publish","format-standard","hentry","category-soderkoping","tag-arkitektur","tag-konst"],"jetpack_featured_media_url":"","jetpack_sharing_enabled":true,"_links":{"self":[{"href":"https:\/\/www.kultursidan.nu\/index.php?rest_route=\/wp\/v2\/posts\/20962","targetHints":{"allow":["GET"]}}],"collection":[{"href":"https:\/\/www.kultursidan.nu\/index.php?rest_route=\/wp\/v2\/posts"}],"about":[{"href":"https:\/\/www.kultursidan.nu\/index.php?rest_route=\/wp\/v2\/types\/post"}],"author":[{"embeddable":true,"href":"https:\/\/www.kultursidan.nu\/index.php?rest_route=\/wp\/v2\/users\/1001006"}],"replies":[{"embeddable":true,"href":"https:\/\/www.kultursidan.nu\/index.php?rest_route=%2Fwp%2Fv2%2Fcomments&post=20962"}],"version-history":[{"count":0,"href":"https:\/\/www.kultursidan.nu\/index.php?rest_route=\/wp\/v2\/posts\/20962\/revisions"}],"wp:attachment":[{"href":"https:\/\/www.kultursidan.nu\/index.php?rest_route=%2Fwp%2Fv2%2Fmedia&parent=20962"}],"wp:term":[{"taxonomy":"category","embeddable":true,"href":"https:\/\/www.kultursidan.nu\/index.php?rest_route=%2Fwp%2Fv2%2Fcategories&post=20962"},{"taxonomy":"post_tag","embeddable":true,"href":"https:\/\/www.kultursidan.nu\/index.php?rest_route=%2Fwp%2Fv2%2Ftags&post=20962"}],"curies":[{"name":"wp","href":"https:\/\/api.w.org\/{rel}","templated":true}]}}