{"id":20996,"date":"2015-08-16T17:43:50","date_gmt":"2015-08-16T16:43:50","guid":{"rendered":"https:\/\/intelligent-friend-7861.standoutwp.com\/?p=20996"},"modified":"2015-08-16T17:43:50","modified_gmt":"2015-08-16T16:43:50","slug":"ljuv-musik-for-mogna-vid-refvens-grund","status":"publish","type":"post","link":"https:\/\/www.kultursidan.nu\/?p=20996","title":{"rendered":"Ljuv musik f\u00f6r mogna vid Refvens grund"},"content":{"rendered":"<p><em><a href=\"https:\/\/www.kultursidan.nu\/wp-content\/uploads\/2015\/08\/22-Scendraget.jpg\"><img loading=\"lazy\" decoding=\"async\" class=\"alignnone size-medium wp-image-20997\" src=\"https:\/\/www.kultursidan.nu\/wp-content\/uploads\/2015\/08\/22-Scendraget-567x377.jpg\" alt=\"Scendraget\" width=\"567\" height=\"377\" srcset=\"https:\/\/www.kultursidan.nu\/wp-content\/uploads\/2015\/08\/22-Scendraget-567x377.jpg 567w, https:\/\/www.kultursidan.nu\/wp-content\/uploads\/2015\/08\/22-Scendraget-1024x680.jpg 1024w, https:\/\/www.kultursidan.nu\/wp-content\/uploads\/2015\/08\/22-Scendraget-501x333.jpg 501w, https:\/\/www.kultursidan.nu\/wp-content\/uploads\/2015\/08\/22-Scendraget-150x100.jpg 150w, https:\/\/www.kultursidan.nu\/wp-content\/uploads\/2015\/08\/22-Scendraget.jpg 1280w\" sizes=\"auto, (max-width: 567px) 100vw, 567px\" \/><\/a><br \/>\nG\u00e4rna en \u00e4kta schlager. Scendraget fick f\u00f6rst\u00e4rkning fr\u00e5n B\u00e4lgadraget under Augustifesten.<br \/>\n<\/em><\/p>\n<p>&nbsp;<\/p>\n<h1><span style=\"color: #ff0000;\">Sedan fl\u00f6dade dragspelstonerna \u00f6ver parken<\/span><\/h1>\n<p>&nbsp;<\/p>\n<p><strong>Refvens grund \u00e4r platsen f\u00f6r den n\u00e5got mognare publiken under <em>Augustifesten<\/em>.<\/strong> M\u00e5nga \u00e4r det kanske som inte hittar dit eftersom det i reklamen st\u00e5r att det \u00e4r \u201dPRO i parken\u201d vilket kanske l\u00e5ter som platsen enbart \u00e4r till f\u00f6r f\u00f6r \u00e4ldre!<\/p>\n<p>Vi bes\u00f6kte parken n\u00e5gra timmar under fredagskv\u00e4llen med start cirka kl 16. D\u00e5 hade ett antal k\u00f6rer och <em>Hemg\u00e5rdens folkdanslag<\/em> varit p\u00e5 plats sedan 12 p\u00e5 middagen. Innan vi kom hade <em>R.U.S.B Orkester <\/em>och<em> Chimney Rebels <\/em>reggaeband avslutat sitt framtr\u00e4dande.<\/p>\n<p><strong>Sedan fl\u00f6dade dragspelstoner \u00f6ver parken.<\/strong> F\u00f6rst ut var <em>B\u00e4lgadraget<\/em> som spelade traditionella dragspelsl\u00e5tar. Sedan tog <em>Scendraget<\/em> \u00f6ver scenen (och n\u00e5gra musikanter fr\u00e5n <em>B\u00e4lgadraget<\/em> stannade kvar). Det blev nu lite mera schlagers och snabbare l\u00e5tar under en knapp timme. <em>Sk\u00e4rblacka Dragspelare<\/em> stod p\u00e5 tur, l\u00e4tt decimerat, och fick i st\u00e4llet Anita Lindkvist med sin bas som bakgrund. Hon tog ocks\u00e5 fram sin s\u00e5ngr\u00f6st i ett bejublat potpurri av k\u00e4nda slagd\u00e4ngor.<\/p>\n<p><strong>Slutligen blev det s\u00e5 dags f\u00f6r dans till <em>Bosse Franks orkester.<\/em> <\/strong>Vi var m\u00e5nga som kom ih\u00e5g orkestern med det namnet och som d\u00e5 hade Frank Eklund p\u00e5 dragspel som kapellm\u00e4stare. Han finns inte med oss l\u00e4ngre men orkesternamnet lever vidare och deras spelgl\u00e4dje lockade upp ett antal danspar p\u00e5 dansbanan!<\/p>\n<p>Kv\u00e4llen var ljuvlig och Fiskestugan i Str\u00f6mparken s\u00e5g till att publiken kunde f\u00e5 en billig fika.<\/p>\n<p><em>Text och foto: Sven \u00c5ke Molund<\/em><\/p>\n<p>BILDSPEL (FLASH) \u2013 KLICKA P\u00c5 BILDEN <em><br \/>\nALT\/MOBIL: SE BILDSPELET <a title=\"Bildspel\" href=\"https:\/\/www.flickr.com\/photos\/kultursidan\/sets\/72157655006692904\/show\/\" target=\"_blank\">H\u00c4R<\/a><\/em><br \/>\n<object width=\"400\" height=\"300\"><param name=\"flashvars\" value=\"offsite=true&amp;lang=en-us&amp;page_show_url=%2Fphotos%2Fkultursidan%2Fsets%2F72157655006692904%2Fshow%2F&amp;page_show_back_url=%2Fphotos%2Fkultursidan%2Fsets%2F72157655006692904%2F&amp;set_id=72157655006692904&amp;jump_to=\" \/><param name=\"movie\" value=\"https:\/\/www.flickr.com\/apps\/slideshow\/show.swf?v=1811922554\" \/><param name=\"allowFullScreen\" value=\"true\" \/><\/object><\/p>\n<blockquote>\n<h3><em>REFVENS GRUND Norrk\u00f6ping<\/em><\/h3>\n<p>14 augusti 2015<em><br \/>\n<strong>PRO i parken<\/strong><\/em><br \/>\n<em> Augustifesten<\/em><\/p><\/blockquote>\n<p>L\u00c4NKAR<br \/>\nAugustifesten <a href=\"http:\/\/www.upplev.norrkoping.se\/augustifesten\/\" target=\"_blank\">hemsida<\/a> <a href=\"https:\/\/www.facebook.com\/Augustifesten?fref=ts\" target=\"_blank\">Facebook<br \/>\n<\/a>SON och &#8221;ABBA&#8221; Augustifestens succ\u00e9start <a href=\"https:\/\/www.kultursidan.nu\/?p=20953\" target=\"_blank\">reportage<\/a> Kultursidan.nu 12\/8 2015<br \/>\nAugustifesten sm\u00e4ller till igen <a href=\"https:\/\/www.kultursidan.nu\/?p=20943\" target=\"_blank\">reportage<\/a> Kultursidan.nu 12\/8 2015<\/p>\n","protected":false},"excerpt":{"rendered":"<p>NORRK\u00d6PING Lite vid sidan om Augustifestens stora scener ligger Refvens Grund, allts\u00e5 Str\u00f6mparken. Vinjetten \u201dPRO i parken\u201d var kanske lite missvisande f\u00f6r fredagens underh\u00e5llning inleddes med reggae. Sedan tog dragspelen \u00f6ver. <a class=\"continue-reading-link\" href=\"https:\/\/www.kultursidan.nu\/?p=20996\">L\u00e4s mer <span class=\"meta-nav\">&rarr; <\/span><\/a><\/p>\n","protected":false},"author":1001006,"featured_media":0,"comment_status":"closed","ping_status":"open","sticky":false,"template":"","format":"standard","meta":{"_jetpack_memberships_contains_paid_content":false,"footnotes":""},"categories":[7],"tags":[13],"class_list":["post-20996","post","type-post","status-publish","format-standard","hentry","category-norrkoping","tag-musik"],"jetpack_featured_media_url":"","jetpack_sharing_enabled":true,"_links":{"self":[{"href":"https:\/\/www.kultursidan.nu\/index.php?rest_route=\/wp\/v2\/posts\/20996","targetHints":{"allow":["GET"]}}],"collection":[{"href":"https:\/\/www.kultursidan.nu\/index.php?rest_route=\/wp\/v2\/posts"}],"about":[{"href":"https:\/\/www.kultursidan.nu\/index.php?rest_route=\/wp\/v2\/types\/post"}],"author":[{"embeddable":true,"href":"https:\/\/www.kultursidan.nu\/index.php?rest_route=\/wp\/v2\/users\/1001006"}],"replies":[{"embeddable":true,"href":"https:\/\/www.kultursidan.nu\/index.php?rest_route=%2Fwp%2Fv2%2Fcomments&post=20996"}],"version-history":[{"count":0,"href":"https:\/\/www.kultursidan.nu\/index.php?rest_route=\/wp\/v2\/posts\/20996\/revisions"}],"wp:attachment":[{"href":"https:\/\/www.kultursidan.nu\/index.php?rest_route=%2Fwp%2Fv2%2Fmedia&parent=20996"}],"wp:term":[{"taxonomy":"category","embeddable":true,"href":"https:\/\/www.kultursidan.nu\/index.php?rest_route=%2Fwp%2Fv2%2Fcategories&post=20996"},{"taxonomy":"post_tag","embeddable":true,"href":"https:\/\/www.kultursidan.nu\/index.php?rest_route=%2Fwp%2Fv2%2Ftags&post=20996"}],"curies":[{"name":"wp","href":"https:\/\/api.w.org\/{rel}","templated":true}]}}