{"id":21044,"date":"2015-08-20T16:23:16","date_gmt":"2015-08-20T15:23:16","guid":{"rendered":"https:\/\/intelligent-friend-7861.standoutwp.com\/?p=21044"},"modified":"2018-04-04T15:33:13","modified_gmt":"2018-04-04T14:33:13","slug":"cecilia-edefalk-staller-ut-i-hemstaden","status":"publish","type":"post","link":"https:\/\/www.kultursidan.nu\/?p=21044","title":{"rendered":"Cecilia Edefalk st\u00e4ller ut i hemstaden"},"content":{"rendered":"<p><a href=\"https:\/\/www.kultursidan.nu\/wp-content\/uploads\/2015\/08\/IMG_9449.jpg\"><img loading=\"lazy\" decoding=\"async\" class=\"alignnone size-medium wp-image-21045\" src=\"https:\/\/www.kultursidan.nu\/wp-content\/uploads\/2015\/08\/IMG_9449-567x378.jpg\" alt=\"Cecilia Edefalk\" width=\"567\" height=\"378\" srcset=\"https:\/\/www.kultursidan.nu\/wp-content\/uploads\/2015\/08\/IMG_9449-567x378.jpg 567w, https:\/\/www.kultursidan.nu\/wp-content\/uploads\/2015\/08\/IMG_9449-1024x682.jpg 1024w, https:\/\/www.kultursidan.nu\/wp-content\/uploads\/2015\/08\/IMG_9449-500x333.jpg 500w, https:\/\/www.kultursidan.nu\/wp-content\/uploads\/2015\/08\/IMG_9449-150x100.jpg 150w, https:\/\/www.kultursidan.nu\/wp-content\/uploads\/2015\/08\/IMG_9449.jpg 1280w\" sizes=\"auto, (max-width: 567px) 100vw, 567px\" \/><\/a><br \/>\n<em>I tr\u00e4dg\u00e5rdens frihet. Cecilia Edefalk, framg\u00e5ngsrik konstn\u00e4r, deltar i utst\u00e4llningen Cell som \u00f6ppnar i Norrk\u00f6pings gamla\u00a0f\u00e4ngelse p\u00e5 l\u00f6rdag.<\/em><\/p>\n<p>&nbsp;<\/p>\n<h1><span style=\"color: #ff0000;\">&#8221;Det k\u00e4ndes l\u00e4ttsamt med bara en cell&#8221;<\/span><\/h1>\n<p>&nbsp;<\/p>\n<p><strong><em>Cell<\/em><\/strong> <strong>heter samlingsutst\u00e4llningen i det nedlagda f\u00e4ngelset vid Drags, d\u00e4r varje konstn\u00e4r f\u00e5tt sig tilldelad en egen.<\/strong> Cecilia Edefalk har inte st\u00e4llt ut i forna hemstaden Norrk\u00f6ping ofta. \u201dNu \u00e4r det dags\u201d, s\u00e4ger hon.<\/p>\n<p>Familjen Rasch bor i R\u00f6da stan och tr\u00e4dg\u00e5rden \u00e4r ombonande lummig med blommor, k\u00f6ksland och \u00e4ppeltr\u00e4d. Olov Rasch, som itr\u00e4tt sig galleristens roll denna sensommar, lagar mat medan Cecilia Edefalk har en ledig stund efter avklarad h\u00e4ngning. Det blev en installation i cellen med tv\u00e5 fotografier, tre sm\u00e5 m\u00e5lningar, tio gatstenar och en d\u00f6d insekt. Mer om detta l\u00e4ngre ned i artikeln.<\/p>\n<p><strong>Cecilia Edefalk, det \u00e4r konstn\u00e4ren med <em>En annan r\u00f6relse<\/em>, m\u00e5lningen med solkr\u00e4mssm\u00f6rjelsen fast utan sololja.<\/strong> Konstmuseet har den, ett exemplar i alla fall av de sju m\u00e5lningarna i serien. Hennes verk betingar h\u00f6ga priser n\u00e4r de s\u00e4ljs vidare p\u00e5 auktion (rekord i kategorin nu levande svensk konstn\u00e4r). D\u00e5 f\u00e5r hon en liten procent i provision, det kan hon beh\u00f6va som \u00e4r k\u00e4nd f\u00f6r att arbeta l\u00e5ngsamt, eftert\u00e4nksamt.<\/p>\n<p>\u2013 Jag har gjort v\u00e4ldigt f\u00e5 m\u00e5lningar. Kanske \u00e5tta om man sl\u00e5r ut det per \u00e5r. N\u00e4r jag bodde i Berlin var jag produktiv men jag gjorde \u00e4nd\u00e5 inte s\u00e5 m\u00e5nga, kommenterar konstn\u00e4ren.<\/p>\n<p><strong>Det g\u00e5r snabbt att googla fram en rad av Cecilia Edefalks verk,<\/strong> kanske de inte \u00e4r s\u00e5 m\u00e5nga fler, r\u00e4knat som teman.<\/p>\n<p>D\u00e4r \u00e4r ofta en enkelhet i bilderna och nedtonade f\u00e4rgskalor. Annars \u00e4r hennes bildserier mycket olika sinsemellan. Helan och Halvan som tecknade figurer, utrivna fragment av reklambilder, en klassisk bronsskulptur, installationer, botaniska skisser, fotografi. Hon tycks kunna tr\u00e4da in i vilken stil som helst och g\u00f6ra den till sin. Hon har ocks\u00e5 blivit en ikon f\u00f6r det postmodernistiska m\u00e5leriet i Sverige. Jag fr\u00e5gar inte om hon ger sig sj\u00e4lv n\u00e5gon genrebeteckning, troligen inte.<\/p>\n<p>&nbsp;<\/p>\n<p><a title=\"Cecilia Edefalk\" href=\"https:\/\/www.flickr.com\/photos\/kultursidan\/20057778314\/in\/album-72157657015259250\/\"><img loading=\"lazy\" decoding=\"async\" src=\"https:\/\/farm1.staticflickr.com\/769\/20057778314_15eba5b882.jpg\" alt=\"Cecilia Edefalk\" width=\"500\" height=\"333\" \/><\/a><br \/>\n<em>Upprepningarnas konstn\u00e4r. Men varje g\u00e5ng m\u00e5ste Cecilia Edefalk hitta n\u00e5got nytt.<\/em><\/p>\n<p>&nbsp;<\/p>\n<p><strong>Viktigt f\u00f6r Cecilia Edefalk \u00e4r upprepning \u2013 <em>En annan r\u00f6relse<\/em> finns i allts\u00e5 i sju exemplar, i olika storlek, som alla h\u00e4ngdes p\u00e5 samma utst\u00e4llning hos Galleri Wallner i Malm\u00f6 d\u00e4r hon fick sitt genombrott \u00e5r 1990.<\/strong> \u201dHittar jag n\u00e5got intressant sl\u00e4pper jag det inte f\u00f6rr\u00e4n motivet \u00e4r utt\u00f6mt!\u201d sade hon i en DN-intervju 20 \u00e5r senare.<\/p>\n<p>\u2013 Utt\u00f6mt, det \u00e4r n\u00e4r det \u00e4r tr\u00e5kigt, svarar hon n\u00e4r jag nu fr\u00e5gar vad hon menade med det. Och till\u00e4gger:<br \/>\n\u2013 Det finns n\u00e5got i \u201dtr\u00e5kigt\u201d ocks\u00e5. Jag vill inte upprepa samma upprepningar. De m\u00e5ste ha nya vinklingar.<\/p>\n<p><strong>Nya vinklingar kommer ocks\u00e5 med sj\u00e4lva utst\u00e4llningarna.<\/strong> Gallerilokaler \u00e4r ofta vackra eller sp\u00e4nnande, luftiga eller ruffiga. De tillf\u00f6r impulser som f\u00e5ngas upp och tas med till n\u00e4sta utst\u00e4llning. Publiken l\u00e4mnar ocks\u00e5 sitt bidrag.<\/p>\n<p>\u2013 Det kan komma infall fr\u00e5n galleristen eller fr\u00e5n folk som ser och kommenterar, och som jag tar med mig. Med \u00e5ren har jag tillit till att jag har en egen styrka i mitt konstn\u00e4rskap, s\u00e5 jag kan l\u00e5ta andra komma in och p\u00e5verka.<\/p>\n<p><strong>Tillbaka till Norrk\u00f6ping, en stad hon uppskattar f\u00f6r dess enkelhet men \u00e4ven m\u00e5ngsidighet.<\/strong> Efter uppv\u00e4xten i Smedby fortsatte Cecilia Edefalk p\u00e5 Konstfack i Stockholm. Sedan slingrade sig v\u00e4gen under n\u00e5gra \u00e5r innan hon fortsatte p\u00e5 Konsth\u00f6gskolan. Under den sistn\u00e4mnda utbildningen st\u00e4llde hon ut i hemstaden 1986.<\/p>\n<p>\u2013 Conny \u00c4ng (d\u00e5varande bibliotekschefen, red:s anm) hade ett galleri p\u00e5 S:t Persgatan, minns Cecilia Edefalk.<\/p>\n<p>\u00c5ret d\u00e4rp\u00e5 avslutade hon studierna och karri\u00e4ren fick \u201draketfart\u201d efter genombrottet 1990. Det dr\u00f6jde \u00e4nda till 2005 innan hon \u00e5ter st\u00e4llde ut i hemstaden.<\/p>\n<p>\u2013 Birgitta Flensburg som d\u00e5 var chef f\u00f6r Konstmuseet st\u00e4llde fr\u00e5gan.<\/p>\n<p>Det blev en uppm\u00e4rksammad utst\u00e4llning med intendent Marianne Hultman som curator.<\/p>\n<p>&nbsp;<\/p>\n<p><a title=\"Cecilia Edefalk \u2013 detalj ur installationen i Cell\" href=\"https:\/\/www.flickr.com\/photos\/kultursidan\/20546791828\/in\/album-72157657015259250\/\"><img loading=\"lazy\" decoding=\"async\" src=\"https:\/\/farm6.staticflickr.com\/5646\/20546791828_03513e2e85.jpg\" alt=\"Cecilia Edefalk \u2013 detalj ur installationen i Cell\" width=\"500\" height=\"333\" \/><\/a><br \/>\n<em>Tv\u00e5 detaljer ur Cecilia Edefalks installation i Cell.<\/em><\/p>\n<p>&nbsp;<\/p>\n<p><strong>Varf\u00f6r st\u00e4lla ut i Norrk\u00f6ping nu? <\/strong>Svaret \u00e4r inte l\u00e5ngt ifr\u00e5n en slump. Hon \u201dhittade ett brev som l\u00e5g och puttrade\u201d p\u00e5 en mejladress hon inte l\u00e4ngre av\u00e4nder. Det kom fr\u00e5n en man vid namn Olov Rasch, konstn\u00e4rlig ledare f\u00f6r Norrk\u00f6pings Teaterkompani, som hade ett f\u00f6rslag&#8230;<\/p>\n<p>\u2013 Det verkade kul och jag var redo. Det k\u00e4ndes l\u00e4ttsamt i och med att det var begr\u00e4nsat till en cell.<\/p>\n<p>Till saken h\u00f6r att hon inte m\u00e5lar \u201djust nu\u201d \u00e4ven om de sm\u00e5 m\u00e5lningar som h\u00e4nger i cellen faktiskt \u00e4r nya f\u00f6r \u00e5ret. Fotograferandet har alltid funnits och blommat upp i perioder men mest \u00e4gnar hon sig \u00e5t att administrera utst\u00e4llningar med redan gjorda verk, n\u00e5got som vi kommer fram till ocks\u00e5 \u00e4r en konstart i sig.<\/p>\n<p>\u2013 Jag \u00e4r j\u00e4ttenoga med mina h\u00e4ngningar och \u00e4r j\u00e4tten\u00f6jd med den som det blev nu!<\/p>\n<p><strong>I installationen i <em>Cell<\/em> komponerar hon nya verk i litet format till en rummets helhet.<\/strong> F\u00f6rutom de saker hon hade med sig hittade hon en d\u00f6d insekt\u00a0 cellen och l\u00e4t den f\u00e5 plats. Viktigast \u00e4r f\u00f6rst\u00e5s tankarna, ordet \u00e4r \u201dflykt\u201d som v\u00e4cktes av f\u00f6rslaget.<\/p>\n<p>\u2013 Nu har jag fotografier \u2013 d\u00e4r var en brevduva som satt p\u00e5 min balkong, jag tyckte det var intressant \u2013 och n\u00e5gra sm\u00e5 m\u00e5lningar med och s\u00e5 bad jag om stenar till en installation, i relation till cellen, s\u00e4ger Cecilia Edefalk och f\u00f6rdjupar: Det var faktiskt en brevduva som satt d\u00e4r i en vecka. F\u00e5glar har ju m\u00e5nga symboliska inneb\u00f6rder.<\/p>\n<p><strong>Cecilia Edestam \u00e4r en av <em>Cells<\/em> tio utst\u00e4llare.<\/strong> Vernissage \u00e4r nu p\u00e5 l\u00f6rdag 22 augusti.<\/p>\n<p>\u2013 Nu \u00e4r det dags!<\/p>\n<p>Och nu st\u00e4ller Olov Rasch fram tallrikar och mat i tr\u00e4dg\u00e5rden.<\/p>\n<p><em>\u00a9 Text och foto: Ann-Charlotte Sandelin<\/em><\/p>\n<blockquote>\n<h3><em>F\u00c4NGELSET Norrk\u00f6ping<\/em><\/h3>\n<p>22 augusti \u2013 1 november 2015<br \/>\n<em> <strong>Cell<\/strong><\/em><br \/>\n<em> Konstutst\u00e4llning<\/em><br \/>\n<em> Arr: Norrk\u00f6pings Teaterkompani<\/em><\/p>\n<p style=\"padding-left: 30px;\"><em>MEDVERKANDE KONSTN\u00c4RER<\/em><br \/>\n<em> Cecilia Edefalk, Love Dahlstedt, Peter Johansson,<br \/>\nDesir\u00e9e Koslin, Anders Kris\u00e1r, Aldis E Hoff,<br \/>\nLars Olof Loeld, Elin Magnusson, Stefan Teleman samt Olov Rasch<\/em><\/p>\n<\/blockquote>\n<p>L\u00c4NKAR<br \/>\nCecilia Edefalk <a href=\"https:\/\/sv.wikipedia.org\/wiki\/Cecilia_Edefalk\" target=\"_blank\" rel=\"noopener\">Wikipedia<\/a> <a href=\"http:\/\/sverigesradio.se\/sida\/avsnitt\/464410?programid=4384\" target=\"_blank\" rel=\"noopener\">radiointervju<\/a><br \/>\nNorrk\u00f6pings Teaterkompani <a href=\"http:\/\/www.norrkopingsteaterkompani.com\/\" target=\"_blank\" rel=\"noopener\">hemsida<\/a> <a href=\"https:\/\/www.facebook.com\/pages\/Norrk%C3%B6pings-Teaterkompani\/203463023025467?fref=ts\" target=\"_blank\" rel=\"noopener\">Facebook<\/a><br \/>\n1900-talets huvudlinjer m\u00f6ter varandra p\u00e5 Konstmuseet <a href=\"https:\/\/www.kultursidan.nu\/?p=6648\" target=\"_blank\" rel=\"noopener\">reportage<\/a> Kultursidan.nu 14\/6 2012<\/p>\n","protected":false},"excerpt":{"rendered":"<p>NORRK\u00d6PING Cell. S\u00e5 heter samlingsutst\u00e4llningen i det nedlagda f\u00e4ngelset vid Drags, d\u00e4r varje konstn\u00e4r f\u00e5tt sig en egen cell. Cecilia Edefalk har inte st\u00e4llt ut i den forna hemstaden Norrk\u00f6ping ofta. \u201dNu \u00e4r det dags\u201d. Ett tr\u00e4dg\u00e5rdssamtal.<br \/>\n <a class=\"continue-reading-link\" href=\"https:\/\/www.kultursidan.nu\/?p=21044\">L\u00e4s mer <span class=\"meta-nav\">&rarr; <\/span><\/a><\/p>\n","protected":false},"author":1001006,"featured_media":0,"comment_status":"closed","ping_status":"open","sticky":false,"template":"","format":"standard","meta":{"_jetpack_memberships_contains_paid_content":false,"footnotes":""},"categories":[7],"tags":[14],"class_list":["post-21044","post","type-post","status-publish","format-standard","hentry","category-norrkoping","tag-konst"],"jetpack_featured_media_url":"","jetpack_sharing_enabled":true,"_links":{"self":[{"href":"https:\/\/www.kultursidan.nu\/index.php?rest_route=\/wp\/v2\/posts\/21044","targetHints":{"allow":["GET"]}}],"collection":[{"href":"https:\/\/www.kultursidan.nu\/index.php?rest_route=\/wp\/v2\/posts"}],"about":[{"href":"https:\/\/www.kultursidan.nu\/index.php?rest_route=\/wp\/v2\/types\/post"}],"author":[{"embeddable":true,"href":"https:\/\/www.kultursidan.nu\/index.php?rest_route=\/wp\/v2\/users\/1001006"}],"replies":[{"embeddable":true,"href":"https:\/\/www.kultursidan.nu\/index.php?rest_route=%2Fwp%2Fv2%2Fcomments&post=21044"}],"version-history":[{"count":2,"href":"https:\/\/www.kultursidan.nu\/index.php?rest_route=\/wp\/v2\/posts\/21044\/revisions"}],"predecessor-version":[{"id":35730,"href":"https:\/\/www.kultursidan.nu\/index.php?rest_route=\/wp\/v2\/posts\/21044\/revisions\/35730"}],"wp:attachment":[{"href":"https:\/\/www.kultursidan.nu\/index.php?rest_route=%2Fwp%2Fv2%2Fmedia&parent=21044"}],"wp:term":[{"taxonomy":"category","embeddable":true,"href":"https:\/\/www.kultursidan.nu\/index.php?rest_route=%2Fwp%2Fv2%2Fcategories&post=21044"},{"taxonomy":"post_tag","embeddable":true,"href":"https:\/\/www.kultursidan.nu\/index.php?rest_route=%2Fwp%2Fv2%2Ftags&post=21044"}],"curies":[{"name":"wp","href":"https:\/\/api.w.org\/{rel}","templated":true}]}}