{"id":21224,"date":"2015-09-02T20:02:20","date_gmt":"2015-09-02T19:02:20","guid":{"rendered":"https:\/\/intelligent-friend-7861.standoutwp.com\/?p=21224"},"modified":"2015-09-03T07:38:23","modified_gmt":"2015-09-03T06:38:23","slug":"festivalen-hemligheten-visade-sig-sann","status":"publish","type":"post","link":"https:\/\/www.kultursidan.nu\/?p=21224","title":{"rendered":"Festivalen Hemligheten visade sig sann"},"content":{"rendered":"<p><em><a href=\"https:\/\/www.kultursidan.nu\/wp-content\/uploads\/2015\/09\/IMG_7770.jpg\"><img loading=\"lazy\" decoding=\"async\" class=\"alignnone size-medium wp-image-21225\" src=\"https:\/\/www.kultursidan.nu\/wp-content\/uploads\/2015\/09\/IMG_7770-567x378.jpg\" alt=\"Kristian Anttila\" width=\"567\" height=\"378\" srcset=\"https:\/\/www.kultursidan.nu\/wp-content\/uploads\/2015\/09\/IMG_7770-567x378.jpg 567w, https:\/\/www.kultursidan.nu\/wp-content\/uploads\/2015\/09\/IMG_7770-1024x682.jpg 1024w, https:\/\/www.kultursidan.nu\/wp-content\/uploads\/2015\/09\/IMG_7770-500x333.jpg 500w, https:\/\/www.kultursidan.nu\/wp-content\/uploads\/2015\/09\/IMG_7770-150x100.jpg 150w, https:\/\/www.kultursidan.nu\/wp-content\/uploads\/2015\/09\/IMG_7770.jpg 1280w\" sizes=\"auto, (max-width: 567px) 100vw, 567px\" \/><\/a><br \/>\nK\u00f6rsb\u00e4r. Kristian Anttila g\u00f6r en utflykt i publiken och s\u00e4tter sig p\u00e5 govet.<\/em><\/p>\n<p>&nbsp;<\/p>\n<h1><span style=\"color: #ff0000;\">Konst, loppis och j\u00e4mst\u00e4lld musik<\/span><\/h1>\n<p>&nbsp;<\/p>\n<p><strong>Sm\u00e5skaligt, ombonat och med b\u00e5de konstutst\u00e4llning och loppis, d\u00e4refter musikakter som avl\u00f6ste varandra i en j\u00e4mst\u00e4lld str\u00f6m.<\/strong> Festivalen <em>Hemligheten<\/em> i kvarteret Hallarna var ett mycket lyckat arrangemang \u00e4ven om den stora publiken uteblev.<\/p>\n<p><strong>Dagtid var festivalen en barnv\u00e4nlig tillst\u00e4llning med s\u00e4te i Kulturhuset.<\/strong> Sm\u00e5skaligt, trivsamt och ombonat h\u00f6lls h\u00e4r vegokaf\u00e9 och loppmarknad till st\u00f6d f\u00f6r f\u00f6reningen Fatta! Inte f\u00f6r att det syntes till n\u00e5gra barn den tid jag var d\u00e4r, snarare var det nog den typen av ungdomar som h\u00e5ller till d\u00e4r i vanliga fall. Men det verkade relativt v\u00e4lbes\u00f6kt. En konstutst\u00e4llning fanns d\u00e4r ocks\u00e5.<\/p>\n<p>&nbsp;<\/p>\n<p><a title=\"Wilhelm Bohman\" href=\"https:\/\/www.flickr.com\/photos\/kultursidan\/21091829645\/in\/album-72157655765829334\/\"><img loading=\"lazy\" decoding=\"async\" src=\"https:\/\/farm1.staticflickr.com\/772\/21091829645_77d466a77e.jpg\" alt=\"Wilhelm Bohman\" width=\"500\" height=\"431\" \/><\/a><br \/>\n<em>Enh\u00f6rning. Wilhelm Bohman h\u00e4mtar motiv ur sagornas v\u00e4rldar i sitt m\u00e5leri. <\/em><\/p>\n<p>&nbsp;<\/p>\n<p><strong>William Sulka, Tone Linghult och Wilhelm Boman st\u00e4llde ut.<\/strong> Och s\u00e5 var det n\u00e5gra f\u00e4rgglada landskapsm\u00e5lningar av Ylva Festin, som verkar ha tillkommit. Tone s\u00e5g vi p\u00e5 Kulturhuset i februari. \u00c4ven d\u00e5 visade hon n\u00e4tskulpturer i Barbro B\u00e4ckstr\u00f6ms anda. \u00c4ven Sulka \u00e4r jag bekant med. Han forts\u00e4tter g\u00f6ra upp med sina barndomsfigurer, och nu har turen kommit \u00e4ven till Mumintrollet.<\/p>\n<p>Men flest bilder ligger Wilhelm Boman bakom. N\u00e5gra \u00e4r utf\u00f6rda i en fr\u00e4sch naivism, andra l\u00e5nar fr\u00e5n kubism, Chagalle och Asger Jorn, ser det ut som. Det ska bli sp\u00e4nnande att se var detta landar s\u00e5 sm\u00e5ningom. Det \u00e4r beg\u00e5vat men spretigt.<\/p>\n<p><strong>De andra 2\/3 av festivalen var musikaliska och h\u00f6ll till inne p\u00e5 Dynamo (vilket fantastiskt kvarter detta \u00e4r!).<\/strong> Det \u00e4r v\u00e4lorganiserat p\u00e5 ett n\u00e4stan tyskt vis. Huvudakternas spelningar p\u00e5 den stora scenen avl\u00f6ses av mindre spelningar p\u00e5 scenen i entr\u00e9n. Under tiden riggar man om och det blir i princip ingen d\u00f6tid n\u00e5gon g\u00e5ng.<\/p>\n<p>&nbsp;<\/p>\n<p><a title=\"Slowgold\" href=\"https:\/\/www.flickr.com\/photos\/kultursidan\/21082109362\/in\/album-72157657687084990\/\"><img loading=\"lazy\" decoding=\"async\" src=\"https:\/\/farm6.staticflickr.com\/5676\/21082109362_996b8ce71f.jpg\" alt=\"Slowgold\" width=\"500\" height=\"381\" \/><\/a><br \/>\n<em>Gl\u00e4nsande. Slowgold fick Tottapriset tidigare i \u00e5r.<\/em><\/p>\n<p>&nbsp;<\/p>\n<p><strong>Noice Noir<\/strong> f\u00e5r jag \u00e4ntligen h\u00f6ra live, och det \u00e4r lika lugnt och st\u00e4mningsfullt som jag trodde det skulle vara. Det \u00e4r indie med lite \u201coooh\u201d och en gnutta arenarock \u00e0 la U2. Det \u00e4r inte illa n\u00e4r det bara \u00e4r 50 personer i publiken.<\/p>\n<p><strong>Kristian Anttila<\/strong> ser ut som rockstj\u00e4rna i sin bredbr\u00e4ttade hatt och ljuger om att han har haft sex med Sylvia Vrethammar innan han sjunger <em>Magdalena (Livet f\u00f6re d\u00f6den)<\/em> som de sj\u00f6ng som duett f\u00f6r 5 \u00e5r sedan. Mellansnacket i \u00f6vrigt \u00e4r lika uselt, bortsett fr\u00e5n att han l\u00e4gger en trave skivor p\u00e5 scenkanten och uppmanar folk att ta och swisha pengarna till Fatta-kampanjen. Men spelningen \u00e4r bra, och han g\u00f6r \u00e4ven en utflykt i publiken och s\u00e4tter sig p\u00e5 golvet och spelar om <em>K\u00f6rsb\u00e4r<\/em>. Efter\u00e5t g\u00e5r han likt Fantomen kring p\u00e5 stadens&#8230; i festivalen.<\/p>\n<p><strong>Konflikten<\/strong> f\u00f6rst\u00e5r jag inte hur de t\u00e4nkte n\u00e4r de tog sitt namn. Inte kan man bli arg p\u00e5 dem, och att de skulle bli osams inb\u00f6rdes k\u00e4nns totalt osannolikt. I st\u00e4llet stryker de oss medh\u00e5rs med vacker st\u00e4ms\u00e5ng, akustiska gitarrer och waldorftrumma. De f\u00e5r v\u00e4lf\u00f6rtj\u00e4nt en uppm\u00e4rksam publik i entr\u00e9hallen. \u201cVi skulle bli gamla till sommaren\u201d sjunger de. Det var nog till n\u00e4sta sommar.<\/p>\n<p><strong>Slowgold<\/strong> \u00e4r kanske kv\u00e4llens \u00f6verraskning och uppenbarelse. Amanda Werne gl\u00e4nser b\u00e5de bildligt, bokstavligt och rent praktiskt l\u00e4ngst fram p\u00e5 scenkanten med sin Gibsongitarr och sina effektpedaler. Hon fick Tottapriset i \u00e5r och nu \u00e4r det v\u00e4l dags f\u00f6r G\u00f6teborg att sl\u00e4ppa l\u00f6s henne?! Det finns en EP och tv\u00e5 full\u00e4ngdare p\u00e5 Spotify, och jag undrar varf\u00f6r ingen har ber\u00e4ttat det f\u00f6r mig? Jas\u00e5? Lysande recensioner? Ja, det f\u00f6rst\u00e5r jag v\u00e4l, men n\u00e5gon m\u00e5ste ju ber\u00e4tta!<\/p>\n<p>&nbsp;<\/p>\n<p><a title=\"Bellaroush\" href=\"https:\/\/www.flickr.com\/photos\/kultursidan\/20905500369\/in\/album-72157655766587984\/\"><img loading=\"lazy\" decoding=\"async\" src=\"https:\/\/farm1.staticflickr.com\/781\/20905500369_6d28d6c12f.jpg\" alt=\"Bellaroush\" width=\"500\" height=\"333\" \/><\/a><br \/>\n<em> Partyst\u00e4mning med Bellaroush fr\u00e5n G\u00f6teborg. Basist \u00e4r Johan Karlberg.<br \/>\n<\/em><\/p>\n<p>&nbsp;<\/p>\n<p><strong>J\u00e4rnet<\/strong> spelar musik fr\u00e5n \u00f6demarken, l\u00e5ter det som. Ja, jag har l\u00e4st att de kommer fr\u00e5n Link\u00f6ping, men det m\u00e5ste vara en \u00f6dslig del. S\u00e4ttuna, typ. D\u00e4r g\u00e5r det s\u00e4kert zombies p\u00e5 gatorna. De drar till sig Kristian Anttila och m\u00e5nga andra till den lilla scenen.<\/p>\n<p><strong>Bellaroush<\/strong> kan kanske inte stava till \u201cvackert r\u00f6tt\u201d p\u00e5 franska, men spela kan de! Med 6 personer p\u00e5 scenen \u00e4r de kv\u00e4llens storband, och de spelar reggae och soul med bas-betoning. Bra bas! (Har jag inte sett den d\u00e4r basisten f\u00f6rut..?) Det \u00e4r partymusik, och de lyckas faktisk piska ig\u00e5ng lite spontan dans p\u00e5 golvet.<\/p>\n<p><strong>Ninsun Poli<\/strong> lyckas f\u00e5 det att sv\u00e4nga trots att hon bara har med sig en basist och en trummis. Man skulle kunna s\u00e4ga att musiken \u00e4r&#8230; rytmbetonad. Hon har ocks\u00e5 med sig en n\u00e4stan o\u00f6vertr\u00e4ffad scenn\u00e4rvaro. Publiken verkar trollbunden.<\/p>\n<p><strong>Sedan skulle det bli disco&#8230; nej, DJ:s heter det nu f\u00f6r tiden. <\/strong>Men jag fick inte vara ute l\u00e4ngre och troppade av.<\/p>\n<p>Det \u00e4r f\u00f6rst\u00e5s en besvikelse f\u00f6r arrang\u00f6rerna att bara cirka 170 personer deltog i festivalen. Och det p\u00e5verkar ju st\u00e4mningen lite att det bara \u00e4r halvfullt, men jag tycker \u00e4nd\u00e5 att som arrangemang var det mycket lyckat. Fast jag hade en farh\u00e5ga i f\u00f6rv\u00e4g att norrk\u00f6pingsborna skulle vara m\u00e4tta p\u00e5 arrangemang efter en sp\u00e4ckad sommar. Jag tror inte tidpunkten var den b\u00e4sta.<\/p>\n<p><strong>Jag pratade med Maria Ackerfors och Johan Karlberg (som h\u00e4ngt av sig basen) fr\u00e5n arrang\u00f6rsgruppen.<\/strong> De sa att arrangemanget g\u00e5r \u00e5tminstone ihop sig ekonomiskt. Men jag tycker ju att det \u00e4r synd att <em>Fatta<\/em>-kampanjen inte f\u00e5r s\u00e5 mycket \u00f6verskott som det var t\u00e4nkt.<\/p>\n<p>Jag fr\u00e5gade \u00e4ven Maria om det var t\u00e4nkt att det skulle bli en \u00e5terkommande festival, s\u00e5 som jag l\u00e4st i NT. Det m\u00e5ste vara ett missf\u00f6rst\u00e5nd, sa hon, n\u00e5got s\u00e5dant har vi inte talat om. Nu l\u00e4ser jag igen i NT att den kanske ska upprepas. Antingen forts\u00e4tter tidningen att missf\u00f6rst\u00e5 eller ocks\u00e5 har arrang\u00f6rerna t\u00e4nkt om.<\/p>\n<p><strong>Jag skulle g\u00e4rna se den igen.<\/strong> Men inte veckan efter <em>Knickedick<\/em> (som ju inte heller var fullsatt.) Innan sommaren, kanske. Eller p\u00e5 h\u00f6sten, m\u00f6jligen. Jag l\u00e4ste nyligen en spalt i en lokal gratistidning som h\u00e4vdade att musikutbudet i Norrk\u00f6ping var d\u00e5ligt. Jag skrattade \u00e5t dessa tokigheter skrivna av en d\u00e5ligt uppdaterad link\u00f6pingsbo. Nu har vi s\u00e5 mycket att de b\u00f6rjar konkurrera ut varandra.<\/p>\n<p>Men vi \u00e4r fortfarande inte j\u00e4mst\u00e4llda. Det \u00e4r det som \u00e4r <em>Hemligheten<\/em>.<\/p>\n<p><em>Text och foto: Michael Strandhed<\/em><\/p>\n<p>KULTURHUSET \u2013 BILDSPEL (FLASH) \u2013 KLICKA P\u00c5 BILDEN <em><br \/>\nALT\/MOBIL: SE BILDSPELET <a title=\"Bildspel\" href=\"https:\/\/www.flickr.com\/photos\/kultursidan\/sets\/72157655765829334\/show\/\" target=\"_blank\">H\u00c4R<\/a><\/em><br \/>\n<object width=\"400\" height=\"300\"><param name=\"flashvars\" value=\"offsite=true&amp;lang=en-us&amp;page_show_url=%2Fphotos%2Fkultursidan%2Fsets%2F72157655765829334%2Fshow%2F&amp;page_show_back_url=%2Fphotos%2Fkultursidan%2Fsets%2F72157655765829334%2F&amp;set_id=72157655765829334&amp;jump_to=\" \/><param name=\"movie\" value=\"https:\/\/www.flickr.com\/apps\/slideshow\/show.swf?v=1811922554\" \/><param name=\"allowFullScreen\" value=\"true\" \/><\/object><\/p>\n<p>NOICE NOIR BILDSPEL (FLASH) \u2013 KLICKA P\u00c5 BILDEN <em><br \/>\nALT\/MOBIL: SE BILDSPELET <a title=\"Bildspel\" href=\"https:\/\/www.flickr.com\/photos\/kultursidan\/sets\/72157658107048725\/show\/\" target=\"_blank\">H\u00c4R<\/a><\/em><br \/>\n<object width=\"400\" height=\"300\"><param name=\"flashvars\" value=\"offsite=true&amp;lang=en-us&amp;page_show_url=%2Fphotos%2Fkultursidan%2Fsets%2F72157658107048725%2Fshow%2F&amp;page_show_back_url=%2Fphotos%2Fkultursidan%2Fsets%2F72157658107048725%2F&amp;set_id=72157658107048725&amp;jump_to=\" \/><param name=\"movie\" value=\"https:\/\/www.flickr.com\/apps\/slideshow\/show.swf?v=1811922554\" \/><param name=\"allowFullScreen\" value=\"true\" \/><\/object><\/p>\n<p>KRISTIAN ANTTILA BILDSPEL (FLASH) \u2013 KLICKA P\u00c5 BILDEN <em><br \/>\nALT\/MOBIL: SE BILDSPELET <a title=\"Bildspel\" href=\"https:\/\/www.flickr.com\/photos\/kultursidan\/sets\/72157657686847260\/show\/\" target=\"_blank\">H\u00c4R<\/a><\/em><br \/>\n<object width=\"400\" height=\"300\"><param name=\"flashvars\" value=\"offsite=true&amp;lang=en-us&amp;page_show_url=%2Fphotos%2Fkultursidan%2Fsets%2F72157657686847260%2Fshow%2F&amp;page_show_back_url=%2Fphotos%2Fkultursidan%2Fsets%2F72157657686847260%2F&amp;set_id=72157657686847260&amp;jump_to=\" \/><param name=\"movie\" value=\"https:\/\/www.flickr.com\/apps\/slideshow\/show.swf?v=1811922554\" \/><param name=\"allowFullScreen\" value=\"true\" \/><\/object><\/p>\n<p>KONFLIKTEN \u2013 BILDSPEL (FLASH) \u2013 KLICKA P\u00c5 BILDEN <em><br \/>\nALT\/MOBIL: SE BILDSPELET <a title=\"Bildspel\" href=\"https:\/\/www.flickr.com\/photos\/kultursidan\/sets\/72157657691247498\/show\/\" target=\"_blank\">H\u00c4R<\/a><\/em><br \/>\n<object width=\"400\" height=\"300\"><param name=\"flashvars\" value=\"offsite=true&amp;lang=en-us&amp;page_show_url=%2Fphotos%2Fkultursidan%2Fsets%2F72157657691247498%2Fshow%2F&amp;page_show_back_url=%2Fphotos%2Fkultursidan%2Fsets%2F72157657691247498%2F&amp;set_id=72157657691247498&amp;jump_to=\" \/><param name=\"movie\" value=\"https:\/\/www.flickr.com\/apps\/slideshow\/show.swf?v=1811922554\" \/><param name=\"allowFullScreen\" value=\"true\" \/><\/object><\/p>\n<p>SLOWGOLD \u2013 BILDSPEL (FLASH) \u2013 KLICKA P\u00c5 BILDEN <em><br \/>\nALT\/MOBIL: SE BILDSPELET <a title=\"Bildspel\" href=\"https:\/\/www.flickr.com\/photos\/kultursidan\/sets\/72157657687084990\/show\/\" target=\"_blank\">H\u00c4R<\/a><\/em><br \/>\n<object width=\"400\" height=\"300\"><param name=\"flashvars\" value=\"offsite=true&amp;lang=en-us&amp;page_show_url=%2Fphotos%2Fkultursidan%2Fsets%2F72157657687084990%2Fshow%2F&amp;page_show_back_url=%2Fphotos%2Fkultursidan%2Fsets%2F72157657687084990%2F&amp;set_id=72157657687084990&amp;jump_to=\" \/><param name=\"movie\" value=\"https:\/\/www.flickr.com\/apps\/slideshow\/show.swf?v=1811922554\" \/><param name=\"allowFullScreen\" value=\"true\" \/><\/object><\/p>\n<p>J\u00c4RNET \u2013 BILDSPEL (FLASH) \u2013 KLICKA P\u00c5 BILDEN <em><br \/>\nALT\/MOBIL: SE BILDSPELET <a title=\"Bildspel\" href=\"https:\/\/www.flickr.com\/photos\/kultursidan\/sets\/72157658103392691\/show\/\" target=\"_blank\">H\u00c4R<\/a><\/em><br \/>\n<object width=\"400\" height=\"300\"><param name=\"flashvars\" value=\"offsite=true&amp;lang=en-us&amp;page_show_url=%2Fphotos%2Fkultursidan%2Fsets%2F72157658103392691%2Fshow%2F&amp;page_show_back_url=%2Fphotos%2Fkultursidan%2Fsets%2F72157658103392691%2F&amp;set_id=72157658103392691&amp;jump_to=\" \/><param name=\"movie\" value=\"https:\/\/www.flickr.com\/apps\/slideshow\/show.swf?v=1811922554\" \/><param name=\"allowFullScreen\" value=\"true\" \/><\/object><\/p>\n<p>BELLAROUSH \u2013 BILDSPEL (FLASH) \u2013 KLICKA P\u00c5 BILDEN <em><br \/>\nALT\/MOBIL: SE BILDSPELET <a title=\"Bildspel\" href=\"https:\/\/www.flickr.com\/photos\/kultursidan\/sets\/72157655766587984\/show\/\" target=\"_blank\">H\u00c4R<\/a><\/em><br \/>\n<object width=\"400\" height=\"300\"><param name=\"flashvars\" value=\"offsite=true&amp;lang=en-us&amp;page_show_url=%2Fphotos%2Fkultursidan%2Fsets%2F72157655766587984%2Fshow%2F&amp;page_show_back_url=%2Fphotos%2Fkultursidan%2Fsets%2F72157655766587984%2F&amp;set_id=72157655766587984&amp;jump_to=\" \/><param name=\"movie\" value=\"https:\/\/www.flickr.com\/apps\/slideshow\/show.swf?v=1811922554\" \/><param name=\"allowFullScreen\" value=\"true\" \/><\/object><\/p>\n<p>NINSUN POLI \u2013 BILDSPEL (FLASH) \u2013 KLICKA P\u00c5 BILDEN <em><br \/>\nALT\/MOBIL: SE BILDSPELET <a title=\"Bildspel\" href=\"https:\/\/www.flickr.com\/photos\/kultursidan\/sets\/72157655766696934\/show\/\" target=\"_blank\">H\u00c4R<\/a><\/em><br \/>\n<object width=\"400\" height=\"300\"><param name=\"flashvars\" value=\"offsite=true&amp;lang=en-us&amp;page_show_url=%2Fphotos%2Fkultursidan%2Fsets%2F72157655766696934%2Fshow%2F&amp;page_show_back_url=%2Fphotos%2Fkultursidan%2Fsets%2F72157655766696934%2F&amp;set_id=72157655766696934&amp;jump_to=\" \/><param name=\"movie\" value=\"https:\/\/www.flickr.com\/apps\/slideshow\/show.swf?v=1811922554\" \/><param name=\"allowFullScreen\" value=\"true\" \/><\/object><\/p>\n<blockquote><p><strong><em>HALLARNA Norrk\u00f6ping<\/em><\/strong><\/p>\n<p>29 augusti 2015 15\u201303<em><br \/>\n<strong>Festivalen Hemligheten<\/strong><\/em><br \/>\n<em>Musik, konst, caf\u00e9, loppis<\/em><\/p>\n<p style=\"padding-left: 30px;\"><strong><em>Kulturhuset <\/em><\/strong><br \/>\n<em>DAGPASSET kl 15-19 (fritt intr\u00e4de)<\/em><br \/>\n<em>Queercaf\u00e9 med Norrk\u00f6ping Pride<\/em><br \/>\n<em>Marknad och FATTA-loppis<\/em><br \/>\n<em>Utst\u00e4llningar med William Sulka, Tone Linghult och Wilhelm Boman samt Ylva Festin<\/em><br \/>\n<em>Musik med DJ:s Emelie Nilsson &amp; Maria Ackerfors<\/em><\/p>\n<p style=\"padding-left: 30px;\"><strong><em>Dynamo <\/em><\/strong><br \/>\n<em>KV\u00c4LLSPASSET kl 19\u201303 (intr\u00e4de)<\/em><br \/>\n<em>19.30 Reveries<\/em><br \/>\n<em>20.00 Noice Noir<\/em><br \/>\n<em>20.30 High Cheru<\/em><br \/>\n<em>20.45 Kristian Anttila<\/em><br \/>\n<em>21.30 Konflikten<\/em><br \/>\n<em>22.00 Slowgold<\/em><br \/>\n<em>22.45 J\u00e4rnet<\/em><br \/>\n<em>23.15 Bellaroush<\/em><br \/>\n<em>00.15 Ninsun Poli<\/em><br \/>\n<em>01.00 DJ: Univibes + Zumaario<\/em><\/p>\n<\/blockquote>\n<p>L\u00c4NKAR<br \/>\nFestivalen Hemligheten <a href=\"https:\/\/www.facebook.com\/pages\/Festivalen-Hemligheten\/1583588651905247?fref=ts\" target=\"_blank\">Facebook<\/a> <a href=\"https:\/\/www.facebook.com\/events\/372310872976754\/\" target=\"_blank\">FB-evenemang<\/a> <a href=\"https:\/\/open.spotify.com\/%E2%80%A6\/%E2%80%A6\/playlist\/6IWYqDM2j5Y7w2KHV9ttjV\" target=\"_blank\">Spotify-playlist<\/a><br \/>\nNorrk\u00f6pings Kulturhus <a href=\"http:\/\/norrkopingskulturhus.se\/blogg\/\" target=\"_blank\">hemsida<\/a> <a href=\"https:\/\/www.facebook.com\/norrkopingskulturhus\" target=\"_blank\">Facebook<\/a><br \/>\nDynamo <a href=\"https:\/\/www.facebook.com\/dynamonkpg?fref=ts\" target=\"_blank\">Facebook<\/a><br \/>\nKvarteret Hallarna <a href=\"http:\/\/www.hallarna.org\" target=\"_blank\">hemsida<\/a> <a href=\"https:\/\/www.facebook.com\/kulturkvarterethallarna?fref=ts\" target=\"_blank\">Facebook<br \/>\n<\/a>De \u00f6ppnar f\u00f6r h\u00f6stens hemligheter <a href=\"https:\/\/www.kultursidan.nu\/?p=21161\" target=\"_blank\">reportage<\/a> Kultursidan.nu 28\/8 2015<\/p>\n","protected":false},"excerpt":{"rendered":"<p>NORRK\u00d6PING Sm\u00e5skaligt, ombonat och med b\u00e5de konstutst\u00e4llning och loppis. Musikakter som avl\u00f6ste varandra i en j\u00e4mst\u00e4lld str\u00f6m. Festivalen Hemligheten var ett mycket lyckat arrangemang \u00e4ven om den stora publiken uteblev. <a class=\"continue-reading-link\" href=\"https:\/\/www.kultursidan.nu\/?p=21224\">L\u00e4s mer <span class=\"meta-nav\">&rarr; <\/span><\/a><\/p>\n","protected":false},"author":1001006,"featured_media":0,"comment_status":"closed","ping_status":"open","sticky":false,"template":"","format":"standard","meta":{"_jetpack_memberships_contains_paid_content":false,"footnotes":""},"categories":[7],"tags":[29,61,14,13],"class_list":["post-21224","post","type-post","status-publish","format-standard","hentry","category-norrkoping","tag-festival","tag-hantverk","tag-konst","tag-musik"],"jetpack_featured_media_url":"","jetpack_sharing_enabled":true,"_links":{"self":[{"href":"https:\/\/www.kultursidan.nu\/index.php?rest_route=\/wp\/v2\/posts\/21224","targetHints":{"allow":["GET"]}}],"collection":[{"href":"https:\/\/www.kultursidan.nu\/index.php?rest_route=\/wp\/v2\/posts"}],"about":[{"href":"https:\/\/www.kultursidan.nu\/index.php?rest_route=\/wp\/v2\/types\/post"}],"author":[{"embeddable":true,"href":"https:\/\/www.kultursidan.nu\/index.php?rest_route=\/wp\/v2\/users\/1001006"}],"replies":[{"embeddable":true,"href":"https:\/\/www.kultursidan.nu\/index.php?rest_route=%2Fwp%2Fv2%2Fcomments&post=21224"}],"version-history":[{"count":0,"href":"https:\/\/www.kultursidan.nu\/index.php?rest_route=\/wp\/v2\/posts\/21224\/revisions"}],"wp:attachment":[{"href":"https:\/\/www.kultursidan.nu\/index.php?rest_route=%2Fwp%2Fv2%2Fmedia&parent=21224"}],"wp:term":[{"taxonomy":"category","embeddable":true,"href":"https:\/\/www.kultursidan.nu\/index.php?rest_route=%2Fwp%2Fv2%2Fcategories&post=21224"},{"taxonomy":"post_tag","embeddable":true,"href":"https:\/\/www.kultursidan.nu\/index.php?rest_route=%2Fwp%2Fv2%2Ftags&post=21224"}],"curies":[{"name":"wp","href":"https:\/\/api.w.org\/{rel}","templated":true}]}}