{"id":21416,"date":"2015-09-15T17:54:57","date_gmt":"2015-09-15T16:54:57","guid":{"rendered":"https:\/\/intelligent-friend-7861.standoutwp.com\/?p=21416"},"modified":"2015-09-16T07:20:12","modified_gmt":"2015-09-16T06:20:12","slug":"ostergotlands-bokmassa-tar-ny-mark","status":"publish","type":"post","link":"https:\/\/www.kultursidan.nu\/?p=21416","title":{"rendered":"\u00d6sterg\u00f6tlands bokm\u00e4ssa tar ny Mark"},"content":{"rendered":"<p><a href=\"https:\/\/www.kultursidan.nu\/wp-content\/uploads\/2015\/09\/BOK.jpg\"><img loading=\"lazy\" decoding=\"async\" class=\"alignnone size-medium wp-image-21420\" src=\"https:\/\/www.kultursidan.nu\/wp-content\/uploads\/2015\/09\/BOK-567x378.jpg\" alt=\"BOK\" width=\"567\" height=\"378\" srcset=\"https:\/\/www.kultursidan.nu\/wp-content\/uploads\/2015\/09\/BOK-567x378.jpg 567w, https:\/\/www.kultursidan.nu\/wp-content\/uploads\/2015\/09\/BOK-1024x682.jpg 1024w, https:\/\/www.kultursidan.nu\/wp-content\/uploads\/2015\/09\/BOK-500x333.jpg 500w, https:\/\/www.kultursidan.nu\/wp-content\/uploads\/2015\/09\/BOK-150x100.jpg 150w, https:\/\/www.kultursidan.nu\/wp-content\/uploads\/2015\/09\/BOK.jpg 1280w\" sizes=\"auto, (max-width: 567px) 100vw, 567px\" \/><\/a><br \/>\n<em>Lyfter in bokm\u00e4ssan. Johan Hagesund, Louise Kruse-Svensson, Emma Stockman Jonsson och Jan Holmbom i ideella f\u00f6reningen \u00d6sterg\u00f6tlands Bokm\u00e4ssa. <\/em><\/p>\n<p>&nbsp;<\/p>\n<h1><span style=\"color: #ff0000;\">Vill lyfta de lokala f\u00f6rfattarna och litteraturen<\/span><\/h1>\n<p>&nbsp;<\/p>\n<p><strong>Fj\u00e4rde upplagan av \u00d6sterg\u00f6tlands bokm\u00e4ssa tar plats i Link\u00f6pings Stadsbibliotek nu p\u00e5 l\u00f6rdag.<\/strong> \u00c5rets tema \u00e4r \u201dbarnet i dig\u201d med barnteater, l\u00e4rda f\u00f6rel\u00e4sningar och tv-profilen Mark Levengood.<\/p>\n<p>\u00d6sterg\u00f6tlands bokm\u00e4ssa har fr\u00e5n start blivit en uppskattad kulturh\u00e4ndelse. Det handlar om att lyfta fram den lokala, n\u00e4rodlade litteraturen. Det \u00e4r fri entr\u00e9 f\u00f6r bes\u00f6karna och humana priser f\u00f6r de 49 anm\u00e4lda utst\u00e4llarna, som kommer fr\u00e5n hela \u00d6sterg\u00f6tland. I \u00e5r sammanfaller den med Link\u00f6pings stora kulturdag City Art Link.<\/p>\n<p>&nbsp;<\/p>\n<p><a title=\"Mark Levengood\" href=\"https:\/\/www.flickr.com\/photos\/kultursidan\/21447706331\/in\/album-72157656333755843\/\"><img loading=\"lazy\" decoding=\"async\" src=\"https:\/\/farm1.staticflickr.com\/589\/21447706331_38742ef748.jpg\" alt=\"Mark Levengood\" width=\"334\" height=\"500\" \/><\/a><br \/>\n<em>Solblekt av livet. Mark Levengood f\u00f6rel\u00e4ser om fina och fula b\u00f6cker. Dessutom signerar han sin bok.<\/em><\/p>\n<p>&nbsp;<\/p>\n<p><strong>Mark Levengood ger ut en ny bok <em>Solblekt av livet<\/em> lagom till \u00d6sterg\u00f6tlands bokm\u00e4ssa. <\/strong>Den handlar om klokhet, v\u00e4rme och galenskap. Det \u00e4r n\u00e5got som ocks\u00e5 sammanfattar Mark Levengoods liv och v\u00e4rld. P\u00e5 m\u00e4ssan g\u00f6r han sitt f\u00f6rsta offentliga framtr\u00e4dande med boken. Det blir boksignering och f\u00f6rhoppningsvis m\u00e5nga skratt bland bes\u00f6karna d\u00e5 han ocks\u00e5 h\u00e5ller f\u00f6redrag och talar om \u201dFina b\u00f6cker och fula\u201d .<\/p>\n<p><strong>M\u00e4ssan har 49 deltagare, fler f\u00e5r inte plats<\/strong>. Det \u00e4r en stor variation med bokf\u00f6rlag, f\u00f6rfattare, hembygdsf\u00f6reningar, museer, skrivcoacher, litter\u00e4ra s\u00e4llskap, bokhandlare, antikvariat och tryckerier. Nytt f\u00f6r i \u00e5r \u00e4r en f\u00f6rb\u00e4ttrad logistik genom att alla utst\u00e4llare placeras i en samlad och l\u00e5ng rad. Alla f\u00e5r p\u00e5 s\u00e5 s\u00e4tt lika mycket uppm\u00e4rksamhet.<\/p>\n<p>Det blir aktiviteter s\u00e5v\u00e4l inomhus som utomhus p\u00e5 torget utanf\u00f6r Stadsbiblioteket. Med fyra scener, ett rum, en h\u00f6rna, workshops, t\u00e4vlingar, f\u00f6rs\u00e4ljning och filmf\u00f6revisning fyller man ett sp\u00e4ckat program.<\/p>\n<p>\u2013 Vi tillhandh\u00e5ller lokaler som v\u00e4l passar f\u00f6r det h\u00e4r arrangemanget. Hos oss \u00e4r det gratis att l\u00e5na b\u00f6cker, po\u00e4ngterar Louise Kruse-Svensson, bibliotekarie och ansvarig f\u00f6r utst\u00e4llningar p\u00e5 Link\u00f6pings stadsbibliotek, med lite humor i blicken.<\/p>\n<p><strong>M\u00e4ssan har kr\u00e4vt ett \u00e5rs f\u00f6rberedelse.<\/strong> Nu har arrang\u00f6ren starkare muskler genom att bokf\u00f6rlag, f\u00f6reningar och privatpersoner organiserat sig i ideella f\u00f6reningen med samma namn. F\u00f6reningen genomf\u00f6r \u00e4ven andra arrangemang f\u00f6r medlemmarna som kallas f\u00f6r \u201dBokst\u00f6d\u201d.<\/p>\n<p>\u2013 En id\u00e9 kan vara att i framtiden ta med en f\u00f6rfattare i bokbussen, s\u00e4ger Louise Kruse-Svensson.<\/p>\n<p>Genom alla aktiviteter vill man i regionen \u00f6ka intresset f\u00f6r \u00f6stg\u00f6tsk litteratur. Det handlar om att f\u00e5 ut litteratur av \u00f6stg\u00f6taf\u00f6rfattare p\u00e5 l\u00e4nets bibliotek i samarbete med G\u00f6tabiblioteken och Region \u00d6sterg\u00f6tland.<\/p>\n<p>&nbsp;<\/p>\n<p><a title=\"I ljusg\u00e5rden.\" href=\"https:\/\/www.flickr.com\/photos\/kultursidan\/15134790198\/in\/album-72157656333755843\/\"><img loading=\"lazy\" decoding=\"async\" src=\"https:\/\/farm4.staticflickr.com\/3919\/15134790198_928a325057.jpg\" alt=\"I ljusg\u00e5rden.\" width=\"500\" height=\"333\" \/><\/a><br \/>\n<em>Myller. S\u00e5 h\u00e4r s\u00e5g det ut i ljusg\u00e5rden f\u00f6rra \u00e5ret. I \u00e5r satsar bokm\u00e4ssan p\u00e5 att alla utst\u00e4llare samsas i en l\u00e5ng rad genom hela biblioteket.<\/em><\/p>\n<p>&nbsp;<\/p>\n<p><strong>\u2013 Genom att man f\u00e5r tr\u00e4ffa f\u00f6rfattare p\u00e5 m\u00e4ssan s\u00e5 hoppas vi att det inspirerar att v\u00e5ga ta klivet till att bli f\u00f6rfattare sj\u00e4lv.<\/strong> Det kan vara s\u00e4rskilt viktigt f\u00f6r barn att f\u00e5 den kontakten, tycker barnboksf\u00f6rfattaren Emma Stockman Jonsson, som sitter i styrelsen f\u00f6r f\u00f6reningen.<\/p>\n<p>F\u00f6r m\u00e5nga som g\u00e5r och dr\u00f6mmer om att bli f\u00f6rfattare eller varf\u00f6r inte bokf\u00f6rl\u00e4ggare \u00e4r m\u00e4ssan en chans att f\u00e5 en ing\u00e5ng till branschen. M\u00e4ssan \u00e4r ett levande forum d\u00e4r man f\u00e5r m\u00f6jlighet att st\u00e4lla nyfikna fr\u00e5gor.<\/p>\n<p><strong>\u2013 <\/strong>De f\u00f6rfattare som inte \u00e4r s\u00e5 duktiga p\u00e5 att marknadsf\u00f6ra sig sj\u00e4lva, f\u00e5r h\u00e4r verkligen sin chans att n\u00e5 ut och s\u00e4lja fler b\u00f6cker, ber\u00e4ttar Johan Hagesund, DIBB f\u00f6rlag, som \u00e4r projektledare f\u00f6r \u00d6sterg\u00f6tlands Bokm\u00e4ssa.<\/p>\n<p><strong>Svenska barn och ungdomar l\u00e4ser allt s\u00e4mre. <\/strong>De senaste tio \u00e5ren har l\u00e4sf\u00f6rm\u00e5gan hos svenska tio\u00e5ringar f\u00f6rs\u00e4mrats markant. L\u00e4sf\u00f6rm\u00e5gan sjunker \u00e4ven bland svenska femton\u00e5ringar. F\u00f6r\u00e4ldrar har h\u00e4r en stor betydelse f\u00f6r sitt barns l\u00e4sf\u00f6rm\u00e5ga genom uppmuntran.<\/p>\n<p>L\u00e4shunden Ludde \u00e4r ett projekt d\u00e4r barn f\u00e5r \u00f6va l\u00e4sning helt okritiskt. Det \u00e4r Malmsl\u00e4tts biblioteks egen l\u00e4shund som under dagen finns p\u00e5 plats utanf\u00f6r biblioteksentr\u00e9n.<\/p>\n<p>\u2013 Vi satsar p\u00e5 att f\u00e5 barnen att l\u00e4sa men det \u00e4r inte s\u00e5 viktigt vad de l\u00e4ser utan det kan vara Mangab\u00f6cker, s\u00e4ger Jan Holmbom, styrelseledamot.<\/p>\n<p><strong>En nyhet under m\u00e4ssan \u00e4r samarbetet med Film i \u00d6st. <\/strong>Boel Zetterman, projektledare f\u00f6r talangutvecklingsprojektet Eastwood, hj\u00e4lper ungdomar med dr\u00f6mmar om att g\u00f6ra film. Hon ber\u00e4ttar om hur Film i \u00d6st arbetar f\u00f6r att utbilda ungdomar som vill jobba med film. Det visas film och man f\u00e5r m\u00f6jlighet att st\u00e4lla fr\u00e5gor, bolla id\u00e9er och knyta kontakter.<\/p>\n<p><strong>\u2013 Det omedelbara \u00e4r inte att s\u00e4lja b\u00f6cker utan att skapa en dialog f\u00f6r att l\u00e4sandet ska \u00f6ka.<\/strong> D\u00e5 kommer det andra av sig sj\u00e4lvt, t\u00e4nker Jan Holmbom, f\u00f6reningen \u00d6sterg\u00f6tlands Bokm\u00e4ssa.<\/p>\n<p><em>Text: Per Oddman<br \/>\nFoto: Per Oddman och Ann-Charlotte Sandelin<\/em><\/p>\n<p>BILDSPEL (FLASH) \u2013 KLICKA P\u00c5 BILDEN <em><br \/>\nALT\/MOBIL: SE BILDSPELET <a title=\"Bildspel\" href=\"https:\/\/www.flickr.com\/photos\/kultursidan\/sets\/72157656333755843\/show\/\" target=\"_blank\">H\u00c4R<\/a><\/em><br \/>\n<object width=\"400\" height=\"300\"><param name=\"flashvars\" value=\"offsite=true&amp;lang=en-us&amp;page_show_url=%2Fphotos%2Fkultursidan%2Fsets%2F72157656333755843%2Fshow%2F&amp;page_show_back_url=%2Fphotos%2Fkultursidan%2Fsets%2F72157656333755843%2F&amp;set_id=72157656333755843&amp;jump_to=\" \/><param name=\"movie\" value=\"https:\/\/www.flickr.com\/apps\/slideshow\/show.swf?v=1811922554\" \/><param name=\"allowFullScreen\" value=\"true\" \/><\/object><\/p>\n<blockquote>\n<h3><em>HUVUDBIBLIOTEKET Link\u00f6ping<\/em><\/h3>\n<p>19 september 2015<em><br \/>\n<strong>\u00d6sterg\u00f6tlands bokm\u00e4ssa<\/strong><\/em><br \/>\n<em> Arr: F\u00f6reningen \u00d6sterg\u00f6tlands bokm\u00e4ssa<\/em><\/p>\n<p style=\"padding-left: 30px;\"><em>MEDVERKANDE FR\u00c5N NORRK\u00d6PING &amp; S\u00d6DERK\u00d6PING<\/em><\/p>\n<p style=\"padding-left: 60px;\"><em>Martin Ackerfors\/Sjuttonde f\u00f6rlaget<\/em><br \/>\n<em> \u00c5ke Bjurhamn<\/em><br \/>\n<em> Ingegerd Edman<\/em><br \/>\n<em> Jan Ekermann<\/em><br \/>\n<em> Melker Garay<\/em><br \/>\n<em> Anna Blixt<\/em><br \/>\n<em> Sofia Jardviken (Sk\u00e4rblacka)<\/em><br \/>\n<em> Inger K\u00e4llander (S\u00f6derk\u00f6ping)<\/em><br \/>\n<em> Stina Nilsson Bassell<\/em><br \/>\n<em> S\u00e4llskapet f\u00f6r Ester Ringn\u00e9r-Lungren<\/em><br \/>\n<em> Emelie Schepp<\/em><br \/>\n<em> S\u00f6derk\u00f6pings Bokhandel &amp; Antikvariat<\/em><br \/>\n<em> Stefan Teleman<\/em><br \/>\n<em> Boel Zetterman<\/em><\/p>\n<p style=\"padding-left: 30px;\"><em>PROGRAM<\/em><\/p>\n<p style=\"padding-left: 60px;\"><strong><em>FOAJ\u00c9N <\/em><\/strong><br \/>\n<em> 10.00 Invigning<\/em><\/p>\n<p style=\"padding-left: 60px;\"><strong><em>UTOMHUS <\/em><\/strong><br \/>\n<em> 10.00 \u2013 16.00 L\u00e4s f\u00f6r en hund, T\u00e4vla med LHC, Bokfynd<\/em><br \/>\n<em> 11.00 &amp; 13.30 Gymnastikuppvisning<\/em><\/p>\n<p style=\"padding-left: 60px;\"><strong><em>H\u00d6RSALEN <\/em><\/strong><br \/>\n<em> 10.15 \u201dVad \u00e4r barn v\u00e4rda?\u201d med professor Bengt Sandin, Tema Barn<\/em><br \/>\n<em> 10.45 \u201dReklam till barn\u201d med Fil. dr Johanna Sj\u00f6berg<\/em><br \/>\n<em> 11.15 \u201dVem \u00e4r en god f\u00f6r\u00e4lder?\u201d med lektorerna Judith Lind och Cecilia Lindgren, Tema Barn<\/em><br \/>\n<em> 11.45 \u201dEtt f\u00f6rb\u00e4ttrat leende\u201d med Anette Wickstr\u00f6m, lektor vid Tema Barn<\/em><br \/>\n<em> 13.00 \u201dFina b\u00f6cker, och fula\u201d med Mark Levengood <\/em><br \/>\n<em> 14.00 \u201dFosterbarn i tid och rum\u201d med Johanna Sk\u00f6ld, lektor vid Tema Barn<\/em><br \/>\n<em> 14.30 \u201dGester och spr\u00e5k i barns kommunikativa utveckling\u201d med Mats Andr\u00e9n, lektor vid Tema Barn<\/em><br \/>\n<em> 15.00 \u201dF\u00f6r\u00e4lder och barn p\u00e5 nya villkor\u201d med Disa Bergn\u00e9hr, lektor vid Tema Barn<\/em><\/p>\n<p style=\"padding-left: 60px;\"><strong><em>TIDNINGSHYLLAN <\/em><\/strong><br \/>\n<em> 10.30 Jakob Carlander samtal med Melker Garay om dennes f\u00f6rfattarskap och om litteratur i allm\u00e4nhet <\/em><br \/>\n<em> 11.00 \u201dKvinnligt skrivande ur 3 perspektiv\u201d med Ord &amp; Kulturs f\u00f6rlag<\/em><br \/>\n<em> 11.30 \u201dKonstscen \u00d6sterg\u00f6tland\u201d bok och presentation av och med Christer F\u00e4llman<\/em><br \/>\n<em> 14.30 \u201dTa med prinsbakelser\u201d av Lena Lindhe S\u00f6derlund<\/em><br \/>\n<em> 15.00 \u201dKonsten att skapa romankarakt\u00e4rer\u201d med f\u00f6rfattarna Susanne Boll och Anne Liljeroth<\/em><\/p>\n<p style=\"padding-left: 60px;\"><strong><em>FILMSCENEN <\/em><\/strong><br \/>\n<em> 10.30 \u201dMusiken i Slaka\u201d med Marie L\u00e4nne Persson<\/em><br \/>\n<em> 11.00 \u201dOsynliga mirakel\u201d med Inger K\u00e4llander<\/em><br \/>\n<em> 11.40 \u201dI en annan del av \u00c5tvid\u201d med Daniel Carlberg och Christer Engstr\u00f6m<\/em><br \/>\n<em> 12.05 \u201dMed film i samtiden\u201d med Boel Zetterman, projektledare f\u00f6r Film i \u00d6sts filmprojekt Eastwood<\/em><br \/>\n<em> 14.30 \u201dLink\u00f6ping p\u00e5 film\u201d, tre filmer fr\u00e5n 1900-talet utgivna av DIBB f\u00f6rlag<\/em><br \/>\n<em> 15.10 \u201dMaskrosungen\u201d med f\u00f6rfattaren Sandra Gustafsson<\/em><\/p>\n<p style=\"padding-left: 60px;\"><strong><em>DJUNGELRUMMET <\/em><\/strong><br \/>\n<em> 10.30 H\u00f6gl\u00e4sning ur Hugo-b\u00f6ckerna med Sofia Jardviken<\/em><br \/>\n<em> 11.30 \u201dTre sm\u00e5 grisar\u201d med Kulturakt\u00f6rerna<\/em><br \/>\n<em> 12.30 H\u00f6gl\u00e4sning med fr\u00e5gestund<\/em><br \/>\n<em> 13.00 Sagostund<\/em><br \/>\n<em> 14.00 \u201dGuldlock\u201d med Kulturakt\u00f6rerna<\/em><\/p>\n<p style=\"padding-left: 60px;\"><strong><em>SERIEH\u00d6RNAN <\/em><\/strong><br \/>\n<em> 13.00 \u2013 14.00 Mangateckning \u2013 Workshop<\/em><br \/>\n<em> 14.00 Boksignering med Natalia Batista<\/em><\/p>\n<p style=\"padding-left: 60px;\"><strong><em>LINDBLOMSRUMMET <\/em><\/strong><br \/>\n<em> 11.00 \u2013 12.00 Skrivarverkstad<\/em><\/p>\n<p style=\"padding-left: 60px;\"><strong><em>STORA TORGET <\/em><\/strong><br \/>\n<em> 14.00 Boksignering Mark Levengood<\/em><\/p>\n<\/blockquote>\n<p>L\u00c4NKAR<br \/>\n\u00d6sterg\u00f6tlands Bokm\u00e4ssa <a href=\"http:\/\/ostergotlandsbokmassa.se\" target=\"_blank\">hemsida<\/a> <a href=\"https:\/\/www.facebook.com\/events\/478874882278283\/\" target=\"_blank\">FB-evenemang<\/a><\/p>\n","protected":false},"excerpt":{"rendered":"<p>LINK\u00d6PING Fj\u00e4rde upplagan av \u00d6sterg\u00f6tlands bokm\u00e4ssa tar plats i Link\u00f6pings Stadsbibliotek nu p\u00e5 l\u00f6rdag. \u00c5rets tema \u00e4r \u201dbarnet i dig\u201d med barnteater, l\u00e4rda f\u00f6rel\u00e4sningar och tv-profilen Mark Levengood. <a class=\"continue-reading-link\" href=\"https:\/\/www.kultursidan.nu\/?p=21416\">L\u00e4s mer <span class=\"meta-nav\">&rarr; <\/span><\/a><\/p>\n","protected":false},"author":1001006,"featured_media":0,"comment_status":"closed","ping_status":"open","sticky":false,"template":"","format":"standard","meta":{"_jetpack_memberships_contains_paid_content":false,"footnotes":""},"categories":[55,64],"tags":[53,16,47],"class_list":["post-21416","post","type-post","status-publish","format-standard","hentry","category-linkoping","category-litteratur-2","tag-foredrag","tag-litteratur","tag-utstallning"],"jetpack_featured_media_url":"","jetpack_sharing_enabled":true,"_links":{"self":[{"href":"https:\/\/www.kultursidan.nu\/index.php?rest_route=\/wp\/v2\/posts\/21416","targetHints":{"allow":["GET"]}}],"collection":[{"href":"https:\/\/www.kultursidan.nu\/index.php?rest_route=\/wp\/v2\/posts"}],"about":[{"href":"https:\/\/www.kultursidan.nu\/index.php?rest_route=\/wp\/v2\/types\/post"}],"author":[{"embeddable":true,"href":"https:\/\/www.kultursidan.nu\/index.php?rest_route=\/wp\/v2\/users\/1001006"}],"replies":[{"embeddable":true,"href":"https:\/\/www.kultursidan.nu\/index.php?rest_route=%2Fwp%2Fv2%2Fcomments&post=21416"}],"version-history":[{"count":0,"href":"https:\/\/www.kultursidan.nu\/index.php?rest_route=\/wp\/v2\/posts\/21416\/revisions"}],"wp:attachment":[{"href":"https:\/\/www.kultursidan.nu\/index.php?rest_route=%2Fwp%2Fv2%2Fmedia&parent=21416"}],"wp:term":[{"taxonomy":"category","embeddable":true,"href":"https:\/\/www.kultursidan.nu\/index.php?rest_route=%2Fwp%2Fv2%2Fcategories&post=21416"},{"taxonomy":"post_tag","embeddable":true,"href":"https:\/\/www.kultursidan.nu\/index.php?rest_route=%2Fwp%2Fv2%2Ftags&post=21416"}],"curies":[{"name":"wp","href":"https:\/\/api.w.org\/{rel}","templated":true}]}}