{"id":21430,"date":"2015-09-17T19:20:02","date_gmt":"2015-09-17T18:20:02","guid":{"rendered":"https:\/\/intelligent-friend-7861.standoutwp.com\/?p=21430"},"modified":"2015-09-17T19:20:02","modified_gmt":"2015-09-17T18:20:02","slug":"en-odes-timme-pa-tyska-torget-kronika","status":"publish","type":"post","link":"https:\/\/www.kultursidan.nu\/?p=21430","title":{"rendered":"En \u00d6des-timme p\u00e5 Tyska Torget (kr\u00f6nika)"},"content":{"rendered":"<p><a href=\"https:\/\/www.kultursidan.nu\/wp-content\/uploads\/2015\/09\/IMG_3666.jpg\"><img loading=\"lazy\" decoding=\"async\" class=\"alignnone size-medium wp-image-21431\" src=\"https:\/\/www.kultursidan.nu\/wp-content\/uploads\/2015\/09\/IMG_3666-567x425.jpg\" alt=\"R\u00f6da Korsets ungdomsf\u00f6rbund\" width=\"567\" height=\"425\" srcset=\"https:\/\/www.kultursidan.nu\/wp-content\/uploads\/2015\/09\/IMG_3666-567x425.jpg 567w, https:\/\/www.kultursidan.nu\/wp-content\/uploads\/2015\/09\/IMG_3666-1024x768.jpg 1024w, https:\/\/www.kultursidan.nu\/wp-content\/uploads\/2015\/09\/IMG_3666-444x333.jpg 444w, https:\/\/www.kultursidan.nu\/wp-content\/uploads\/2015\/09\/IMG_3666-150x113.jpg 150w, https:\/\/www.kultursidan.nu\/wp-content\/uploads\/2015\/09\/IMG_3666.jpg 1280w\" sizes=\"auto, (max-width: 567px) 100vw, 567px\" \/><\/a><em><br \/>\nDe inte bara har en \u00e5sikt. De g\u00f6r n\u00e5got ocks\u00e5. R\u00f6da Korsets ungdomsf\u00f6rbund uppmanade fler att ansluta sig till deras kompisgrupper som st\u00e4ller upp f\u00f6r asyls\u00f6kande barn och ungdomar.<\/em><\/p>\n<p>&nbsp;<\/p>\n<h1><span style=\"color: #ff0000;\">De flesta som \u00e4r p\u00e5 flykt, de kommer inte hit<\/span><\/h1>\n<p>&nbsp;<\/p>\n<p><strong>\u201dRefugees are Welcome!\u201d Flyktingar \u00e4r v\u00e4lkomna!<\/strong> Tyska torget \u00e4r mer v\u00e4lfyllt \u00e4n jag varit med om tidigare, \u00e4nd\u00e5 kunde vi varit fler. Manifestationen \u00e4r v\u00e4lorganiserad med talare \u2013 och musiker \u2013 som t\u00e4cker \u00e4mnet fr\u00e5n skilda h\u00e5ll. Innerst inne handlar det om att genom att hj\u00e4lpa andra samtidigt r\u00e4dda oss sj\u00e4lva. \u201dStay human!\u201d Bevara m\u00e4nniskan i dig.<\/p>\n<p>P\u00e5 R\u00e5dhuset h\u00e4nger ett r\u00f6tt hj\u00e4rta, Let\u2019s create. Sj\u00e4lva manifestationen h\u00e5lls nedanf\u00f6r trappan, Refugees Welcomes numera k\u00e4nda emblem \u00e4r m\u00e5lat p\u00e5 en stor banderoll. I bakgrunden str\u00e5lar Svenska kyrkans budskap om k\u00e4rlek och fred.<\/p>\n<p><strong>Hans r\u00f6st brister, han vacklar.<\/strong> En hand, en kram och djupa andetag. Sedan forts\u00e4tter Alex, hans riktiga namn \u00e4r Mohamad Oudeh, att ber\u00e4tta om flykten som tog honom fr\u00e5n Syrien till Sverige f\u00f6r ett \u00e5r och tre m\u00e5nader sedan. Nu \u00e5terkommer minnena och tar makten: Huset de st\u00e4ngdes in i. Lastbilarna d\u00e4r de packades in. B\u00e5ten som skulle vara stor och s\u00e4ker men visade sig vara en gummib\u00e5t och redan fylld av m\u00e4nniskor.<\/p>\n<p>\u2013 De skrek \u00e5t oss att springa till stranden. M\u00e5nga tvekade. Vi lyfte upp barnen och sprang.<\/p>\n<p>&nbsp;<\/p>\n<p><a title=\"Manifestation, Refugees Welcome\" href=\"https:\/\/www.flickr.com\/photos\/kultursidan\/21304563860\/in\/album-72157658332156470\/\"><img loading=\"lazy\" decoding=\"async\" src=\"https:\/\/farm6.staticflickr.com\/5698\/21304563860_76a8fc51cb.jpg\" alt=\"Manifestation, Refugees Welcome\" width=\"500\" height=\"333\" \/><\/a><br \/>\n<em>En v\u00e4lkomnande st\u00e4mning. Manifestationen fyllde Tyska torget.<\/em><\/p>\n<p>&nbsp;<\/p>\n<p><strong>Vi st\u00e5r p\u00e5 Tyska torget och vi \u00e4r m\u00e5nga.<\/strong> Inte s\u00e5 m\u00e5nga som de 2.700 som klickat p\u00e5 Facebookevenemanget men siffror jag ser senare uppskattar antalet till mellan drygt tusen och 1.500. Omkring en procent av Norrk\u00f6pings befolkning. Det \u00e4r gott s\u00e5, ett starkt uttryck f\u00f6r \u00f6nskan om en human flyktingpolitik.<\/p>\n<p>Vi har nu p\u00e5mints om att det \u00e4r det som beh\u00f6vs, s\u00e4kra v\u00e4gar till Europa. Men i s\u00e5 fall kr\u00e4vs att EU:s politiker l\u00e4gger om sin politik 180 grader \u2013 och d\u00e5 \u00e4r det inte f\u00f6rdelningen av de flyktingar som lyckats ta sig innanf\u00f6r EU:s gr\u00e4nser det handlar om.<\/p>\n<p>\u2013 Detta \u00e4r den st\u00f6rsta flyktingkatastrofen sedan Andra v\u00e4rldskriget, d\u00e5 14 miljoner tyskar var p\u00e5 flykt. I dag finns inte fler \u00e4n 1 miljon flyktingar i Europa.<\/p>\n<p>Peo Hansen har just kopplat ihop fakta och politik. Han \u00e4r professor vid Link\u00f6pings universitet, har forskat i \u00e4mnet under tio \u00e5rs tid och under lika m\u00e5nga \u00e5r sett hur d\u00f6den p\u00e5 Medelhavet v\u00e4xt med de hinder som EU-politiker byggt. Dublinf\u00f6rordningens krav p\u00e5 att den som s\u00f6ker asyl g\u00f6r det i f\u00f6rsta n\u00e5dda EU-land (det fyller Italien, Spanien, Grekland). Krav p\u00e5 flygbolagen att vid incheckningdisken avg\u00f6ra om en person har asylsk\u00e4l eller inte.<\/p>\n<p>\u2013 \u00d6ka trycket p\u00e5 makthavarna, manar Peo Hansen oss.<\/p>\n<p>&nbsp;<\/p>\n<p><a title=\"Peo Hansen\" href=\"https:\/\/www.flickr.com\/photos\/kultursidan\/20871608593\/in\/album-72157658332156470\/\"><img loading=\"lazy\" decoding=\"async\" src=\"https:\/\/farm6.staticflickr.com\/5787\/20871608593_fd86174cdf.jpg\" alt=\"Peo Hansen\" width=\"341\" height=\"500\" \/><\/a><br \/>\n<em>EU:s politik bygger allt h\u00f6gre murar. Forskaren Peo Hansen beskrev spelet.<\/em><\/p>\n<p>&nbsp;<\/p>\n<p><strong>De som \u00e4r p\u00e5 flykt, i hela v\u00e4rlden \u00e4r det 60 miljoner (h\u00e4lften av dem \u00e4r barn), de kommer inte hit.<\/strong> Inte till Tyska torget, inte till Norrk\u00f6ping, inte till Sverige. Inte ens till Europa. De har inte en chans. Jo, en liten chans, smuggelv\u00e4gen som \u00e4r den enda v\u00e4gen och den kostar mer \u00e4n b\u00e5tresans 12.500 kronor. Den kostar de \u00f6verlevandes h\u00e4lsa. Den kostar liv.<\/p>\n<p>\u2013 Vi beh\u00f6ver legala flyktv\u00e4gar nu! s\u00e4ger Sofia Bergstr\u00f6m Malm, den av arrang\u00f6rerna som talat allra f\u00f6rst p\u00e5 m\u00f6tet och som snart sl\u00e4pper fram talare och musikgrupper i god blandning.<\/p>\n<p>\u2013 We say it loud and we say it clear: Refugees are Welcome here! fyller hennes kollega Rosanna Nordrup i.<\/p>\n<p><strong>Vi m\u00e5ste komma ih\u00e5g att det inte bara handlar om Syrien, \u00e4ven om det just nu verkar s\u00e5.<\/strong> Det kommer ju s\u00e5 m\u00e5nga fr\u00e5n det en g\u00e5ng p\u00e5 ytan s\u00e5 moderna samh\u00e4llet som nu slitits s\u00f6nder och malts till grus av kriget.<\/p>\n<p>Konstn\u00e4ren Sahar Burhan, som f\u00e5tt s\u00e5 m\u00e5nga v\u00e4nner h\u00e4r under sina \u00e5tta \u00e5r, l\u00e4mnade Syrien d\u00e4r konstn\u00e4rer inte kunde verka fritt. Nu \u00e4r halva befolkningen p\u00e5 flykt. Det hon s\u00e4ger om diktatorer och terroristgrupper som f\u00f6der varandra g\u00e4ller flera l\u00e4nder, inte bara Syrien, inte bara IS, Islamiska staten.<\/p>\n<p><strong>Under 1970-talet l\u00e4rde vi oss om musik fr\u00e5n Latinamerika och sj\u00f6ng om en svart tupp och om en r\u00f6d.<\/strong> Nu \u00e4r tiden inne f\u00f6r oss att l\u00e4ra nya s\u00e5nger, arabisk musik. Arriz (jag vet inte hur du stavar ditt namn) sjunger, glider p\u00e5 de korta tonstegen, till ackompanjemang i molltonart av Daniel Al Attrash p\u00e5 qanoun, Raumo Youssef, klarinett, och Gabriel Yakoub, fiol. \u201dSkicka mig till vilket land som helst\u201d sjunger hon och \u00e4ven om vi inte f\u00f6rst\u00e5r orden s\u00e5 f\u00f6rst\u00e5r vi.<\/p>\n<p>&nbsp;<\/p>\n<p><a title=\"Syrisk musikgrupp med Arriz, s\u00e5ng, Daniel Al Attrash p\u00e5 qanoun, Raumo Youssef, klarinett, och Gabriel Yakoub, fiol.\" href=\"https:\/\/www.flickr.com\/photos\/kultursidan\/21304564020\/in\/album-72157658332156470\/\"><img loading=\"lazy\" decoding=\"async\" src=\"https:\/\/farm1.staticflickr.com\/614\/21304564020_b61ef7140d.jpg\" alt=\"Syrisk musikgrupp med Arriz, s\u00e5ng, Daniel Al Attrash p\u00e5 qanoun, Raumo Youssef, klarinett, och Gabriel Yakoub, fiol.\" width=\"500\" height=\"305\" \/><\/a><br \/>\n<em>\u201dSkicka mig till vilket land som helst\u201d sjunger Arriz ackompanjerad av Daniel Al Attrash p\u00e5 qanoun, Raumo Youssef, klarinett, och Gabriel Yakoub, fiol.<\/em><\/p>\n<p>&nbsp;<\/p>\n<p><strong>En asyls\u00f6kande man, som nu bor p\u00e5 forna studenthemmet Bollen, ber\u00e4ttar om v\u00e5ldet f\u00f6r att tvinga flyktingar att registrera sig i Ungern.<\/strong> Hans lilla dotter kvittrar bredvid.<\/p>\n<p>Kanske de passerade samma t\u00e5gstation d\u00e4r fem\u00e5riga Amira och hennes f\u00f6r\u00e4ldrar v\u00e4ntade p\u00e5 ett t\u00e5g f\u00f6r 22 \u00e5r sedan, ett t\u00e5g vilket som helst bara det tog dem bort fr\u00e5n hemlandet.<\/p>\n<p>\u2013 Det \u00e4r h\u00f6g tid att omvandla ord till handling, manar Amira Bajrik idag. Sverige kan och m\u00e5ste nu ta emot fler flyktingar. Vi ska vara stolta och tacksamma \u00f6ver att vara ett land som folk flyr till i st\u00e4ller f\u00f6r flyr ifr\u00e5n.<\/p>\n<p><strong>M\u00e5nga st\u00f6der manifestationen: organisationer, partier, f\u00f6reningar f\u00e5r vi veta.<\/strong> N\u00e5gra \u00e4r p\u00e5 plats och f\u00e5r talartid. Ted och Karin ber\u00e4ttar om <em>Asylgruppens<\/em> arbete. Fler \u00e4r v\u00e4lkomna. <em>R\u00f6da Korsets ungdomsf\u00f6rbund<\/em> ber\u00e4ttar om Kompisgrupper som st\u00f6ttar barn och unga. Fler \u00e4r v\u00e4lkomna. <em>R\u00e4dda barnen<\/em> ber\u00e4ttar om sitt arbete, lokalt och internationellt. Fler \u00e4r v\u00e4lkomna.<\/p>\n<p>Jag hoppas att deras ord faller i god jord bland alla som st\u00e5r p\u00e5 torget, som klickat Gilla p\u00e5 Facebook, som bor n\u00e5gon helt annanstans d\u00e4r fred r\u00e5der. Att vi verkligen vill dela med oss av v\u00e5ra liv, inte bara av pengar och avlagda kl\u00e4der.<\/p>\n<p><strong>M\u00e5nga blir glada n\u00e4r Norrk\u00f6pings schysstaste musikkollektiv Den Svenska Bj\u00f6rnstammen spelar<\/strong> <em>Vart jag mig i v\u00e4rlden v\u00e4nder<\/em> <em>st\u00e5r jag h\u00e4r med tomma h\u00e4nder.<\/em> N\u00e5gon vill locka barnen att dansa.<\/p>\n<p>Lite senare f\u00e5r de reggaesvar fr\u00e5n Caroline fr\u00e5n Unity Yard. Hon har en bra r\u00f6st och n\u00e5r ut:<\/p>\n<p><em>Vart jag mig i v\u00e4rlden v\u00e4nder<br \/>\n\u00e4r det krig i alla v\u00e4rldens l\u00e4nder.<br \/>\nVart jag mig i v\u00e4rlden v\u00e4nder<br \/>\n\u00e4r det blod p\u00e5 maktens h\u00e4nder.<\/em><\/p>\n<p>&nbsp;<\/p>\n<p><a title=\"Mats Granberg\" href=\"https:\/\/www.flickr.com\/photos\/kultursidan\/20871501503\/in\/album-72157658332156470\/\"><img loading=\"lazy\" decoding=\"async\" src=\"https:\/\/farm1.staticflickr.com\/651\/20871501503_d855825a8b.jpg\" alt=\"Mats Granberg\" width=\"500\" height=\"333\" \/><\/a><br \/>\n<em>&#8221;Stay human!&#8221; \u2013 Bevara er m\u00e4nsklighet. Mats Granberg framf\u00f6r h\u00e4lsningen fr\u00e5n Fabrizio Gatti, journalisten som antog en flyktings identitet och f\u00f6ljde sp\u00e5ret \u00f6ver Afrika.<\/em><\/p>\n<p>&nbsp;<\/p>\n<p><strong>D\u00e4remellan har Mats Granberg, Norrk\u00f6pings Tidningars kulturredakt\u00f6r, beskrivit tidningens h\u00e5llning f\u00f6r ett \u00f6ppet samh\u00e4lle och ett gener\u00f6st mottagande.<\/strong> Han har p\u00e5mint om att Tyska torget uppkallats efter Norrk\u00f6pings f\u00f6rsta stora invandrargrupp.<\/p>\n<p>Han har (\u00e4n en g\u00e5ng, f\u00f6r det h\u00e4r har han skrivit engagerat om vid flera tillf\u00e4llen, l\u00e5ngt innan bilden av lille Aylan Kurdi spreds och v\u00e4ckte Europa) \u00e5tergett m\u00f6tet med italienske journalisten Fabrizio Gatti som antog identiteten som <em>Bilal<\/em> och efter en resa genom \u00f6knens br\u00e4nnande helvete skrev boken med samma namn med till\u00e4gget <em>P\u00e5 slavrutten till Europa<\/em>.<\/p>\n<p>\u2013 Han pl\u00e4derar f\u00f6r s\u00e4kra v\u00e4gar till EU, framf\u00f6r Mats Granberg.<\/p>\n<p>Under m\u00f6tet p\u00e5 Bokm\u00e4ssan i G\u00f6teborg h\u00f6sten 2014 framh\u00f6ll Fabrizio Gatti nationalismen som det stora hotet i Europa.<\/p>\n<p>\u2013 \u201dStay human\u201d, det var det sista han sa till mig. Bevara er m\u00e4nsklighet!<\/p>\n<p><strong>Manifestationen p\u00e5 Tyska torget tar lite mer \u00e4n en timme. Det \u00e4r p\u00e5 samma g\u00e5ng en \u00f6desstund f\u00f6r hela Europa. <\/strong>F\u00f6r mister vi europeer v\u00e5r f\u00f6rm\u00e5ga till medm\u00e4nsklighet \u00e4r vi f\u00f6rlorade. Ett \u00e5ldrande och krympande sl\u00e4kte, bittert och missunnsamt. Bristerna f\u00f6rminskar oss, v\u00e5rt m\u00e4nniskov\u00e4rde. F\u00f6r v\u00e5r egen skull och f\u00f6r deras, b\u00f6r vi \u201dStay human\u201d och bjuda \u201dRefugees are Welcome Here\u201d.<\/p>\n<p><em>Text: Ann-Charlotte Sandelin<br \/>\nFoto: Michael Strandhed, Ann-Charlotte Sandelin och Hjalmar M\u00e5rdh Sandelin <\/em><\/p>\n<p>BILDSPEL (FLASH) \u2013 KLICKA P\u00c5 BILDEN <em><br \/>\nALT\/MOBIL: SE BILDSPELET <a title=\"Bildspel\" href=\"https:\/\/www.flickr.com\/photos\/kultursidan\/sets\/72157658332156470\/show\/\" target=\"_blank\">H\u00c4R<\/a><\/em><br \/>\n<object width=\"400\" height=\"300\"><param name=\"flashvars\" value=\"offsite=true&amp;lang=en-us&amp;page_show_url=%2Fphotos%2Fkultursidan%2Fsets%2F72157658332156470%2Fshow%2F&amp;page_show_back_url=%2Fphotos%2Fkultursidan%2Fsets%2F72157658332156470%2F&amp;set_id=72157658332156470&amp;jump_to=\" \/><param name=\"movie\" value=\"https:\/\/www.flickr.com\/apps\/slideshow\/show.swf?v=1811922554\" \/><param name=\"allowFullScreen\" value=\"true\" \/><\/object><\/p>\n<blockquote>\n<h3><em>TYSKA TORGET Norrk\u00f6ping<\/em><\/h3>\n<p>Onsdag 16 september 2015 kl 18<em><br \/>\n<strong>Refugees Welcome Manifestation<\/strong><\/em><br \/>\n<em>Arr: Rosanna Nordrup, Sofia Bergstr\u00f6m Malm m.fl.<\/em><\/p><\/blockquote>\n<p>L\u00c4NKAR<br \/>\nRefugees Welcome Manifestation <a href=\"https:\/\/www.facebook.com\/events\/880738165335229\/\" target=\"_blank\">FB-evenemang<\/a><br \/>\nRefugees Welcome offentlig <a href=\"https:\/\/www.facebook.com\/groups\/766861823425565\/?fref=ts\" target=\"_blank\">FB-grupp<\/a><br \/>\nStort och brett st\u00f6d f\u00f6r Refugees Welcome <a href=\"https:\/\/www.kultursidan.nu\/?p=21362\" target=\"_blank\">reportage<\/a> Kultursidan.nu 11\/9 2015<\/p>\n","protected":false},"excerpt":{"rendered":"<p>NORRK\u00d6PING \u201dRefugees are Welcome here!\u201d Flyktingar \u00e4r v\u00e4lkomna! Tyska torget \u00e4r mer v\u00e4lfyllt \u00e4n jag varit med om tidigare, \u00e4nd\u00e5 kunde vi varit fler. Manifestationen \u00e4r v\u00e4lorganiserad med talare \u2013 och musiker \u2013 som t\u00e4cker \u00e4mnet fr\u00e5n skilda h\u00e5ll. Innerst inne handlar det om att genom att hj\u00e4lpa andra samtidigt r\u00e4dda oss sj\u00e4lva. \u201dStay human!\u201d Bevara m\u00e4nniskan i dig. <a class=\"continue-reading-link\" href=\"https:\/\/www.kultursidan.nu\/?p=21430\">L\u00e4s mer <span class=\"meta-nav\">&rarr; <\/span><\/a><\/p>\n","protected":false},"author":1001006,"featured_media":0,"comment_status":"closed","ping_status":"open","sticky":false,"template":"","format":"standard","meta":{"_jetpack_memberships_contains_paid_content":false,"footnotes":""},"categories":[7],"tags":[15,56],"class_list":["post-21430","post","type-post","status-publish","format-standard","hentry","category-norrkoping","tag-debatt","tag-politik"],"jetpack_featured_media_url":"","jetpack_sharing_enabled":true,"_links":{"self":[{"href":"https:\/\/www.kultursidan.nu\/index.php?rest_route=\/wp\/v2\/posts\/21430","targetHints":{"allow":["GET"]}}],"collection":[{"href":"https:\/\/www.kultursidan.nu\/index.php?rest_route=\/wp\/v2\/posts"}],"about":[{"href":"https:\/\/www.kultursidan.nu\/index.php?rest_route=\/wp\/v2\/types\/post"}],"author":[{"embeddable":true,"href":"https:\/\/www.kultursidan.nu\/index.php?rest_route=\/wp\/v2\/users\/1001006"}],"replies":[{"embeddable":true,"href":"https:\/\/www.kultursidan.nu\/index.php?rest_route=%2Fwp%2Fv2%2Fcomments&post=21430"}],"version-history":[{"count":0,"href":"https:\/\/www.kultursidan.nu\/index.php?rest_route=\/wp\/v2\/posts\/21430\/revisions"}],"wp:attachment":[{"href":"https:\/\/www.kultursidan.nu\/index.php?rest_route=%2Fwp%2Fv2%2Fmedia&parent=21430"}],"wp:term":[{"taxonomy":"category","embeddable":true,"href":"https:\/\/www.kultursidan.nu\/index.php?rest_route=%2Fwp%2Fv2%2Fcategories&post=21430"},{"taxonomy":"post_tag","embeddable":true,"href":"https:\/\/www.kultursidan.nu\/index.php?rest_route=%2Fwp%2Fv2%2Ftags&post=21430"}],"curies":[{"name":"wp","href":"https:\/\/api.w.org\/{rel}","templated":true}]}}