{"id":21436,"date":"2015-09-18T09:59:01","date_gmt":"2015-09-18T08:59:01","guid":{"rendered":"https:\/\/intelligent-friend-7861.standoutwp.com\/?p=21436"},"modified":"2015-09-18T14:14:01","modified_gmt":"2015-09-18T13:14:01","slug":"dags-for-city-art-link-med-gatulivs-vimmel","status":"publish","type":"post","link":"https:\/\/www.kultursidan.nu\/?p=21436","title":{"rendered":"Dags f\u00f6r City art link med Gatulivs vimmel"},"content":{"rendered":"<p><a href=\"https:\/\/www.kultursidan.nu\/wp-content\/uploads\/2015\/09\/Lars-Hesselstrand-Galleri-Magnifiket.jpg\"><img loading=\"lazy\" decoding=\"async\" class=\"alignnone size-medium wp-image-21437\" src=\"https:\/\/www.kultursidan.nu\/wp-content\/uploads\/2015\/09\/Lars-Hesselstrand-Galleri-Magnifiket-567x378.jpg\" alt=\"Lars Hesselstrand Galleri Magnifiket\" width=\"567\" height=\"378\" srcset=\"https:\/\/www.kultursidan.nu\/wp-content\/uploads\/2015\/09\/Lars-Hesselstrand-Galleri-Magnifiket-567x378.jpg 567w, https:\/\/www.kultursidan.nu\/wp-content\/uploads\/2015\/09\/Lars-Hesselstrand-Galleri-Magnifiket-1024x682.jpg 1024w, https:\/\/www.kultursidan.nu\/wp-content\/uploads\/2015\/09\/Lars-Hesselstrand-Galleri-Magnifiket-500x333.jpg 500w, https:\/\/www.kultursidan.nu\/wp-content\/uploads\/2015\/09\/Lars-Hesselstrand-Galleri-Magnifiket-150x100.jpg 150w, https:\/\/www.kultursidan.nu\/wp-content\/uploads\/2015\/09\/Lars-Hesselstrand-Galleri-Magnifiket.jpg 1280w\" sizes=\"auto, (max-width: 567px) 100vw, 567px\" \/><\/a><br \/>\n<em>Vacker och farlig. Lars Hesselstrand, Galleri Magnifik, visar Gayos Leoparden.<\/em><\/p>\n<p>&nbsp;<\/p>\n<h1><span style=\"color: #ff0000;\">Bilfritt ger livsrum p\u00e5 Platensgatan<\/span><\/h1>\n<p>&nbsp;<\/p>\n<p><strong>Nu p\u00e5 l\u00f6rdag den 19 september \u00e4r det dags f\u00f6r nionde upplagan av kulturfestivalen City art link. <\/strong>Kulturen flyttar ut p\u00e5 Link\u00f6pings gator och staden lever upp till fest. Platensgatan bannlyser bilarna och satsar p\u00e5 Gatuliv.<\/p>\n<p>Ute eller inne \u2013 stadens kulturutbud visar sin bredd med lokala p\u00e4rlor f\u00f6r alla: konst, konsthantverk, hemsl\u00f6jd, foto, dans, musik, teater och mycket mer.<\/p>\n<p><strong>Det \u00e4r ett digert program mitt i Link\u00f6pings hj\u00e4rta.<\/strong> En av h\u00f6jdpunkterna \u00e4r \u00d6sterg\u00f6tlands bokm\u00e4ssa med 49 utst\u00e4llare. Mark Levengood h\u00e5ller f\u00f6redrag och signerar sin senaste bok.<\/p>\n<p>&nbsp;<\/p>\n<p><a title=\"Ulrika Cederberg, Sk\u00e5debanan, med Helena Sj\u00f6grens keramik\" href=\"https:\/\/www.flickr.com\/photos\/kultursidan\/21320061959\/in\/album-72157658702601036\/\"><img loading=\"lazy\" decoding=\"async\" src=\"https:\/\/farm1.staticflickr.com\/755\/21320061959_2fcd728650.jpg\" alt=\"Ulrika Cederberg, Sk\u00e5debanan, med Helena Sj\u00f6grens keramik\" width=\"500\" height=\"333\" \/><\/a><br \/>\n<em>Ulrika Cederberg med ett verk ur Helena Sj\u00f6grens utst\u00e4llning Rumineringar vid vatten p\u00e5 Galleri Sk\u00e5debanan.<br \/>\n<\/em><\/p>\n<p>&nbsp;<\/p>\n<p><strong>Konstgallerierna har vernissage och livem\u00e5lning<\/strong>. En vandring till dem alla rekommenderas d\u00e5 man nu p\u00e5 en och samma g\u00e5ng kan f\u00e5 ta del av m\u00e5nga tekniker, uttryck och intryck. Hos fyra konstgallerier \u00e4r konstn\u00e4rer p\u00e5 plats och bjuder in till intressanta samtal om konsten.<\/p>\n<p>Link\u00f6pings konsthall Passagen bjuder p\u00e5 musik av <em>The Great Discord<\/em>, musik som f\u00e5r dig att rysa.<\/p>\n<p><strong>\u2013 I \u00e5r satsar vi p\u00e5 att ta fram barnet inom sig.<\/strong> Vi vill ta fram lekfullheten och utmana Link\u00f6pingsborna till att vara extra kreativa denna dag. Link\u00f6pingsborna ska f\u00e5 m\u00e5la en tavla som sedan auktioneras ut, s\u00e4ger Ulrika Cederberg, Sk\u00e5debanan.<\/p>\n<p>Krogen Amerika har grafikutst\u00e4llning, visning av verkstaden och man f\u00e5r se hur ett grafiskt blad blir till. I Domkyrkan ger man passande en konsert som en tidsresa bak\u00e5t i tiden med vacker barockmusik.<\/p>\n<p><strong>Galleri Magnifik visar utst\u00e4llningen <em>Tinga Tanga<\/em>, exotiskt och barnv\u00e4nlig afrikansk konst i Missionskyrkan. <\/strong>Det \u00e4r tavlor m\u00e5lade p\u00e5 duk med olja i starka f\u00e4rger med motiv av f\u00e5glar, djur, m\u00e4nniskor och h\u00e4ndelser som man vill lyfta fram. Tinga tinga som konstgenren heter uppskattas av s\u00e5v\u00e4l barn som vuxna och har visats flitigt i barnprogrammet Bolibompa. Utst\u00e4llningen har visats hela sommaren och h\u00e4nger kvar till mitten av oktober.<\/p>\n<p>Namnet kommer fr\u00e5n Edward Saidi Tingatinga som m\u00e5lade tavlor med cykellack p\u00e5 masonit i slutet av 1960-talet. Fr\u00e5n b\u00f6rjan var detta helt enkelt ett s\u00e4tt f\u00f6r honom att tj\u00e4na pengar men sedan dess har Tinga Tinga blivit en etablerad konstform med omkring 100 konstn\u00e4rer som bildar ett kollektiv i Tanzania. Sonen Daudie S Tingatinga medverkar i utst\u00e4llningen.<\/p>\n<p>\u2013 Under <em>Gatuliv<\/em> visar konstf\u00f6reningen Magnifik konst. Det blir ocks\u00e5 glada toner fr\u00e5n gospelk\u00f6r och barnmusik, s\u00e4ger Lars Hesselstrand, Galleri Magnifik.<\/p>\n<p>&nbsp;<\/p>\n<p><a title=\"Sebu, elefant och nosh\u00f6rning av Abdul Mkura\" href=\"https:\/\/www.flickr.com\/photos\/kultursidan\/20884204544\/in\/album-72157658702601036\/\"><img loading=\"lazy\" decoding=\"async\" src=\"https:\/\/farm1.staticflickr.com\/689\/20884204544_6d64bba552.jpg\" alt=\"Sebu, elefant och nosh\u00f6rning av Abdul Mkura\" width=\"500\" height=\"394\" \/><\/a><br \/>\n<em>Plats f\u00f6r liv? Tingatingas djur \u00e4r inte bara f\u00e4rgglatt naiva. Abdul Mkuras Sebu, elefant och nosh\u00f6rning st\u00e4ller fr\u00e5gor om framtiden.<\/em><\/p>\n<p>&nbsp;<\/p>\n<p><strong>Hur skulle Link\u00f6ping vara utan bilar i centrum?<\/strong> Den <em>Europeiska trafikantveckan<\/em> \u00e4r en upplysningskampanj som h\u00e5lls 16\u201322 september varje \u00e5r. Den har lett fram till att Link\u00f6pings kommun startat <em>Gatuliv<\/em> i Link\u00f6ping och som v\u00e4xt fr\u00e5n \u00e5r till \u00e5r. Syftet \u00e4r att motivera stadens inv\u00e5nare till att cykla, g\u00e5 och anv\u00e4nda kollektivtrafik.<\/p>\n<p>\u2013 Vi vill arbeta f\u00f6r ett bilfritt samh\u00e4lle. D\u00e5 \u00e4r cyklar i fokus med l\u00e5dcyklar och guidade cykelturer i Link\u00f6ping. Vi visar ocks\u00e5 hur man kan g\u00f6ra \u00e5terbruk av t ex gamla cykelslangar ber\u00e4ttar Sandra Viktor fr\u00e5n Milj\u00f6- och samh\u00e4llsbyggnadsf\u00f6rvaltningen, Link\u00f6pings kommun.<\/p>\n<p>En st\u00f6rre fr\u00e5ga st\u00e4lls om hur vi anv\u00e4nder v\u00e5ra gator. \u00c4r det d\u00f6da gator som anv\u00e4nds till bilparkering eller till levande handel, uteserveringar och restauranger? <em>Gatuliv<\/em> g\u00f6r Platensgatan till en bilfri gata 19 september. 42 deltagare f\u00e5r en parkeringsplats n\u00e5gonstans p\u00e5 gatan fr\u00e5n Vasav\u00e4gen till Stora torget. Det blir cykelkorgsloppis, bytesdag av leksaker, hela gatans aff\u00e4rer och restauranger och mycket mer.<\/p>\n<p>&nbsp;<\/p>\n<p><a title=\"Sanna Rooth och Anja \u00c5kesson, Kulturhusen Elsa och Skylten\" href=\"https:\/\/www.flickr.com\/photos\/kultursidan\/21506973445\/in\/album-72157658702601036\/\"><img loading=\"lazy\" decoding=\"async\" src=\"https:\/\/farm1.staticflickr.com\/722\/21506973445_97b19bb597.jpg\" alt=\"Sanna Rooth och Anja \u00c5kesson, Kulturhusen Elsa och Skylten\" width=\"500\" height=\"333\" \/><\/a><em><br \/>\nSanna Rooth och Anja \u00c5kesson, EVS European Voluntary Service, Kulturhusen Elsas &amp; Skylten, vill skapa en mysig fikamilj\u00f6 under Gatuliv. <\/em><\/p>\n<p>&nbsp;<\/p>\n<p><strong>Sanna Rooth och Anja \u00c5kesson, EVS European Voluntary Service, Kulturhusen Elsas &amp; Skylten, vill skapa en mysig fikamilj\u00f6 under Gatuliv. <\/strong><\/p>\n<p>\u2013 Vi kommer att ha en konstutst\u00e4llning med unga konstn\u00e4rer, kreativ workshop d\u00e4r man kan tillverka saker av \u00e5terbruk, vilket ligger i tiden. F\u00f6r den som \u00e4r sugen p\u00e5 en artisktkarri\u00e4r har vi en mobil inspelningsrigg d\u00e4r man kan spela in musik eller testa att producera musik, ber\u00e4ttar Sanna Rooth, Kulturhusen Elsas &amp; Skylten.<\/p>\n<p>I deras program hittar vi vidare m\u00e5nga kreativa aktiviteter som: en DJ, Fuldansklubben, som dansar fridans, och akustiska liveupptr\u00e4danden.<\/p>\n<p><strong>N\u00e5gra av arrangemangen g\u00e5r till v\u00e4lg\u00f6rande \u00e4ndam\u00e5l.<\/strong> Restaurangen Yellow fellow serverar lunch d\u00e4r int\u00e4kterna g\u00e5r till R\u00e4dda barnen. Arenabolaget g\u00f6r reklam f\u00f6r Musikhj\u00e4lpen som samlar in pengar till Radiohj\u00e4lpen.<\/p>\n<p><strong>City Art Link \u00e4r en festival som dr\u00f6mmer om s\u00f6dra Europa och s\u00e4ttet att leva d\u00e4r.<\/strong> Den \u00f6kar acceptansen f\u00f6r ett levande bilfri innerstad och att m\u00e4nniskorna ska f\u00e5 ta plats. Framf\u00f6rallt handlar den om att folk kan ta egna initiativ, det fria skapandet och att nya kulturer kan uppst\u00e5 och m\u00f6tas.<\/p>\n<p><em>Text: Per Oddman<br \/>\nFoto: Per Oddman, Lars Hesselstrand<\/em><\/p>\n<p>BILDSPEL (FLASH) \u2013 KLICKA P\u00c5 BILDEN <em><br \/>\nALT\/MOBIL: SE BILDSPELET <a title=\"Bildspel\" href=\"https:\/\/www.flickr.com\/photos\/kultursidan\/sets\/72157658702601036\/show\/\" target=\"_blank\">H\u00c4R<\/a><\/em><br \/>\n<object width=\"400\" height=\"300\"><param name=\"flashvars\" value=\"offsite=true&amp;lang=en-us&amp;page_show_url=%2Fphotos%2Fkultursidan%2Fsets%2F72157658702601036%2Fshow%2F&amp;page_show_back_url=%2Fphotos%2Fkultursidan%2Fsets%2F72157658702601036%2F&amp;set_id=72157658702601036&amp;jump_to=\" \/><param name=\"movie\" value=\"https:\/\/www.flickr.com\/apps\/slideshow\/show.swf?v=1811922554\" \/><param name=\"allowFullScreen\" value=\"true\" \/><\/object><\/p>\n<blockquote>\n<h3><em>CENTRALA Link\u00f6ping<\/em><\/h3>\n<p>19 september 2015<em><br \/>\n<strong>City art link<\/strong><\/em><br \/>\n<em> <strong>Gatuliv<\/strong><\/em><br \/>\n<em> Festival<\/em><\/p><\/blockquote>\n<p>L\u00c4NKAR<br \/>\nCity art link <a href=\"http:\/\/www.cityartlink.se\/\" target=\"_blank\">hemsida<\/a>\u00a0 <a href=\"https:\/\/www.facebook.com\/City-Art-Link-89347813106\" target=\"_blank\">Facebook<\/a><br \/>\nGatuliv <a href=\"http:\/\/www.cityartlink.se\/gatuliv-28258306\" target=\"_blank\">hemsida <\/a><br \/>\nMissionskyrkan <a href=\"http:\/\/www.linkoping.missionskyrkan.se\" target=\"_blank\">hemsida<\/a><br \/>\nKulturhusen Elsa &amp; Skylten <a href=\"http:\/\/www.elsaskylten.se\" target=\"_blank\">hemsida <\/a><br \/>\nSk\u00e5debanan <a href=\"http:\/\/www.skadebanan.nu\" target=\"_blank\">hemsida<\/a><br \/>\n\u00d6sterg\u00f6tlands bokm\u00e4ssa tar ny Mark <a href=\"https:\/\/www.kultursidan.nu\/?p=21416\" target=\"_blank\">reportage<\/a> Kultursidan.nu 15\/9 2015<\/p>\n","protected":false},"excerpt":{"rendered":"<p>LINK\u00d6PING Fest i stan! Nu p\u00e5 l\u00f6rdag \u00e4r det dags f\u00f6r kulturfestivalen City art link. Med Gatuliv p\u00e5 Platensgatan \u00e4r bilarna bannlysta. Ute eller inne \u2013 Link\u00f6pings kulturutbud visar sin bredd. <a class=\"continue-reading-link\" href=\"https:\/\/www.kultursidan.nu\/?p=21436\">L\u00e4s mer <span class=\"meta-nav\">&rarr; <\/span><\/a><\/p>\n","protected":false},"author":1001006,"featured_media":0,"comment_status":"closed","ping_status":"open","sticky":false,"template":"","format":"standard","meta":{"_jetpack_memberships_contains_paid_content":false,"footnotes":""},"categories":[55],"tags":[29],"class_list":["post-21436","post","type-post","status-publish","format-standard","hentry","category-linkoping","tag-festival"],"jetpack_featured_media_url":"","jetpack_sharing_enabled":true,"_links":{"self":[{"href":"https:\/\/www.kultursidan.nu\/index.php?rest_route=\/wp\/v2\/posts\/21436","targetHints":{"allow":["GET"]}}],"collection":[{"href":"https:\/\/www.kultursidan.nu\/index.php?rest_route=\/wp\/v2\/posts"}],"about":[{"href":"https:\/\/www.kultursidan.nu\/index.php?rest_route=\/wp\/v2\/types\/post"}],"author":[{"embeddable":true,"href":"https:\/\/www.kultursidan.nu\/index.php?rest_route=\/wp\/v2\/users\/1001006"}],"replies":[{"embeddable":true,"href":"https:\/\/www.kultursidan.nu\/index.php?rest_route=%2Fwp%2Fv2%2Fcomments&post=21436"}],"version-history":[{"count":0,"href":"https:\/\/www.kultursidan.nu\/index.php?rest_route=\/wp\/v2\/posts\/21436\/revisions"}],"wp:attachment":[{"href":"https:\/\/www.kultursidan.nu\/index.php?rest_route=%2Fwp%2Fv2%2Fmedia&parent=21436"}],"wp:term":[{"taxonomy":"category","embeddable":true,"href":"https:\/\/www.kultursidan.nu\/index.php?rest_route=%2Fwp%2Fv2%2Fcategories&post=21436"},{"taxonomy":"post_tag","embeddable":true,"href":"https:\/\/www.kultursidan.nu\/index.php?rest_route=%2Fwp%2Fv2%2Ftags&post=21436"}],"curies":[{"name":"wp","href":"https:\/\/api.w.org\/{rel}","templated":true}]}}