{"id":21762,"date":"2015-10-06T10:18:16","date_gmt":"2015-10-06T09:18:16","guid":{"rendered":"https:\/\/intelligent-friend-7861.standoutwp.com\/?p=21762"},"modified":"2015-10-06T10:29:33","modified_gmt":"2015-10-06T09:29:33","slug":"flimmer-vinterboj-med-regissorsamtal-recension","status":"publish","type":"post","link":"https:\/\/www.kultursidan.nu\/?p=21762","title":{"rendered":"Flimmer: Vinterboj med regiss\u00f6rsamtal (recension)"},"content":{"rendered":"<p><a href=\"https:\/\/www.kultursidan.nu\/wp-content\/uploads\/2015\/10\/05-Miranda_PHOTOBY-CatherineLutes.jpg\"><img loading=\"lazy\" decoding=\"async\" class=\"alignnone size-medium wp-image-21763\" src=\"https:\/\/www.kultursidan.nu\/wp-content\/uploads\/2015\/10\/05-Miranda_PHOTOBY-CatherineLutes-567x319.jpg\" alt=\"Vinterboj PHOTOBY-CatherineLutes\" width=\"567\" height=\"319\" srcset=\"https:\/\/www.kultursidan.nu\/wp-content\/uploads\/2015\/10\/05-Miranda_PHOTOBY-CatherineLutes-567x319.jpg 567w, https:\/\/www.kultursidan.nu\/wp-content\/uploads\/2015\/10\/05-Miranda_PHOTOBY-CatherineLutes-150x84.jpg 150w, https:\/\/www.kultursidan.nu\/wp-content\/uploads\/2015\/10\/05-Miranda_PHOTOBY-CatherineLutes.jpg 768w\" sizes=\"auto, (max-width: 567px) 100vw, 567px\" \/><\/a><br \/>\n<em>Anknytning f\u00f6r k\u00e4rlek. P\u00e5 Flimmer visades en f\u00f6rhandsvisning av Vinterboj. Den officiella premi\u00e4ren \u00e4r 9 oktober.<\/em><\/p>\n<p>&nbsp;<\/p>\n<h1><span style=\"color: #ff0000;\">Vackert, sorgset och hoppfullt<\/span><\/h1>\n<p>&nbsp;<\/p>\n<p><strong>Filmfestivalen Flimmer har rullat ig\u00e5ng p\u00e5 Cnemas filmdukar. <\/strong>Dokument\u00e4ren <em>Vinterboj<\/em> (originaltiteln \u00e4r <em>Winter Buoy<\/em>) tar oss n\u00e4ra. S\u00e5 n\u00e4ra att det g\u00e5r att k\u00e4nna varje andetag de medverkande tar. En hoppfull och \u00e4rlig beskrivning av en verklighet vi annars mest ser p\u00e5 h\u00e5ll.<\/p>\n<p><strong>En sen kv\u00e4ll i Toronto. Fotsteg mot den kalla asfalten och en \u00e4ldre kvinna som kommer joggandes mot kameran.<\/strong> S\u00e5 inleds <em>Vinterboj<\/em>. Dokument\u00e4ren f\u00f6ljer en upps\u00e4ttning gravida kvinnor i Toronto som alla lever med olika sv\u00e5righeter s\u00e5som missbruk och v\u00e5ldsamma relationer. Som \u00e5sk\u00e5dare \u00e4r vi en del av den grupp sjuksk\u00f6terskor som g\u00f6r sitt yttersta f\u00f6r att p\u00e5 olika s\u00e4tt hj\u00e4lpa kvinnorna p\u00e5 deras v\u00e4g mot f\u00f6dseln och resten av livet.<\/p>\n<p>Det k\u00e4nns som att smyglyssna p\u00e5 de samtal som dokument\u00e4ren bygger kring. L\u00e5nga pauser, n\u00e4ra bilder och l\u00e5ga samtalsniv\u00e5er g\u00f6r att intimiteten hamnar i ett gr\u00e4nsland d\u00e4r det ibland k\u00e4nns f\u00f6r mycket, att kameran borde st\u00e4ngas av och vi borde l\u00e4mna dem ifred. Samtidigt verkar de medverkande inte obekv\u00e4ma av kamerans n\u00e4rvaro och som \u00e5sk\u00e5dare dras jag med i historien som om det vore en n\u00e4ra v\u00e4n eller familjemedlem som filmas.<\/p>\n<p>&nbsp;<\/p>\n<p><a title=\"Samtal med Vinterbojs regiss\u00f6r Frida Kempff\" href=\"https:\/\/www.flickr.com\/photos\/kultursidan\/21801364028\/in\/album-72157657201814344\/\"><img loading=\"lazy\" decoding=\"async\" src=\"https:\/\/farm6.staticflickr.com\/5785\/21801364028_cda7d38b5a.jpg\" alt=\"Samtal med Vinterbojs regiss\u00f6r Frida Kempff\" width=\"500\" height=\"333\" \/><\/a><br \/>\n<em>Hon googlade efter hoppfulla historier. Samtal med regiss\u00f6ren Frida Kempff (t.h) <\/em><\/p>\n<p>&nbsp;<\/p>\n<p><strong>Det m\u00e4rks att fotografen Catherine Lutes \u00e4r stillbildsfotograf.<\/strong> L\u00e5nga tagningar med stadsbilder, korridorer och den stora kyrkan anv\u00e4nds som andningspauser mellan de olika scenerna. Hon lyckas f\u00e5nga kontrasten mellan det h\u00e5rda och h\u00e4nsynsl\u00f6sa som \u00e4r staden och det varma och omt\u00e4nksamma som \u00e4r individerna.<\/p>\n<p>I en scen ber\u00e4ttar en sjuksk\u00f6terska att de f\u00f6rs\u00f6ker f\u00e5 klienterna att g\u00f6ra ett ultraljud, eftersom att se bilder p\u00e5 barnet i magen f\u00e5r dem att l\u00e4ttare knyta an till det. P\u00e5 samma s\u00e4tt k\u00e4nns det som att denna film har gjorts f\u00f6r att skapa f\u00f6rst\u00e5else och knyta an till denna grupp m\u00e4nniskor. Det \u00e4r ingen snyfthistoria \u00e4ven om det kan anas n\u00e5gra v\u00e5ta kinder i publiken.<\/p>\n<p><strong>Efter att filmen visats s\u00e5 \u00e4gnas en stund \u00e5t offentligt samtal och diskussion med regiss\u00f6ren Frida Kempff.<\/strong> Hon ber\u00e4ttar om processen fr\u00e5n id\u00e9 till f\u00e4rdig film. Hur hon tycker att s\u00e5 m\u00e5nga historier om hemska \u00f6den visas. Att hon d\u00e4rf\u00f6r googlade efter hoppfulla historier och lyckades hitta projektet i Toronto.<\/p>\n<p>De trodde hon sk\u00e4mtade n\u00e4r hon ber\u00e4ttade att hon ville g\u00f6ra en dokument\u00e4rfilm om dem. Som tur \u00e4r gjorde hon inte det och kanske \u00e4r det just denna typ av filmer som beh\u00f6vs som motpol till den mis\u00e4r och avhumanisering som ofta visas i v\u00e5ra medier.<\/p>\n<p><em>Text: Christoffer Mannsdorff Djurberg<br \/>\nFoto: Christoffer Mannsdorff Djurberg &amp; Catherine Lutes<\/em><\/p>\n<p>BILDSPEL (FLASH) \u2013 KLICKA P\u00c5 BILDEN <em><br \/>\nALT\/MOBIL: SE BILDSPELET <a title=\"Bildspel\" href=\"https:\/\/www.flickr.com\/photos\/kultursidan\/sets\/72157657201814344\/show\/\" target=\"_blank\">H\u00c4R<\/a><\/em><br \/>\n<object width=\"400\" height=\"300\"><param name=\"flashvars\" value=\"offsite=true&amp;lang=en-us&amp;page_show_url=%2Fphotos%2Fkultursidan%2Fsets%2F72157657201814344%2Fshow%2F&amp;page_show_back_url=%2Fphotos%2Fkultursidan%2Fsets%2F72157657201814344%2F&amp;set_id=72157657201814344&amp;jump_to=\" \/><param name=\"movie\" value=\"https:\/\/www.flickr.com\/apps\/slideshow\/show.swf?v=1811922554\" \/><param name=\"allowFullScreen\" value=\"true\" \/><\/object><\/p>\n<blockquote>\n<h3><em>CNEMA Norrk\u00f6ping<\/em><\/h3>\n<p>3 oktober 2015<em><br \/>\n<strong>Vinterboj<\/strong><\/em><br \/>\n<em> av Frida Kempff<\/em><br \/>\n<em> Prod: David Herdies, Momento Film<\/em><br \/>\n<em> Arr: Norrk\u00f6pings Filmfestival Flimmer<\/em><\/p><\/blockquote>\n<p>L\u00c4NKAR<\/p>\n<p>Vinterboj <a href=\"https:\/\/vimeo.com\/130536364\" target=\"_blank\">trailer<\/a> <a href=\"http:\/\/www.imdb.com\/title\/tt3717182\/?ref_=fn_al_tt_1\" target=\"_blank\">imdb<\/a> <a href=\"http:\/\/www.folketsbio.se\/filmer\/filmer\/1262\" target=\"_blank\">Fokets bio<\/a><br \/>\nFlimmer <a href=\"http:\/\/flimmer.nu\" target=\"_blank\">hemsida<\/a> <a href=\"https:\/\/www.facebook.com\/Flimmer-Norrk%C3%B6ping-filmfestival-160281937321146\/timeline\/\" target=\"_blank\">Facebook<\/a> \u00a0<a href=\"http:\/\/flimmer.nu\/NFF.html\" target=\"_blank\">Program<br \/>\n<\/a>Flimmer st\u00e4llen in sk\u00e4rpan p\u00e5 demokrati <a href=\"https:\/\/www.kultursidan.nu\/?p=21695\" target=\"_blank\">reportage<\/a> Kultursidan.nu 1\/10 2015<\/p>\n","protected":false},"excerpt":{"rendered":"<p>NORRK\u00d6PING Filmfestivalen Flimmer har rullat ig\u00e5ng p\u00e5 filmdukarna. Dokument\u00e4ren Vinterboj tar oss n\u00e4ra. S\u00e5 n\u00e4ra att det g\u00e5r att k\u00e4nna varje andetag de medverkande tar. En hoppfull och \u00e4rlig beskrivning av en verklighet vi annars mest ser p\u00e5 h\u00e5ll. <a class=\"continue-reading-link\" href=\"https:\/\/www.kultursidan.nu\/?p=21762\">L\u00e4s mer <span class=\"meta-nav\">&rarr; <\/span><\/a><\/p>\n","protected":false},"author":1001006,"featured_media":0,"comment_status":"closed","ping_status":"open","sticky":false,"template":"","format":"standard","meta":{"_jetpack_memberships_contains_paid_content":false,"footnotes":""},"categories":[7],"tags":[29,38],"class_list":["post-21762","post","type-post","status-publish","format-standard","hentry","category-norrkoping","tag-festival","tag-film"],"jetpack_featured_media_url":"","jetpack_sharing_enabled":true,"_links":{"self":[{"href":"https:\/\/www.kultursidan.nu\/index.php?rest_route=\/wp\/v2\/posts\/21762","targetHints":{"allow":["GET"]}}],"collection":[{"href":"https:\/\/www.kultursidan.nu\/index.php?rest_route=\/wp\/v2\/posts"}],"about":[{"href":"https:\/\/www.kultursidan.nu\/index.php?rest_route=\/wp\/v2\/types\/post"}],"author":[{"embeddable":true,"href":"https:\/\/www.kultursidan.nu\/index.php?rest_route=\/wp\/v2\/users\/1001006"}],"replies":[{"embeddable":true,"href":"https:\/\/www.kultursidan.nu\/index.php?rest_route=%2Fwp%2Fv2%2Fcomments&post=21762"}],"version-history":[{"count":0,"href":"https:\/\/www.kultursidan.nu\/index.php?rest_route=\/wp\/v2\/posts\/21762\/revisions"}],"wp:attachment":[{"href":"https:\/\/www.kultursidan.nu\/index.php?rest_route=%2Fwp%2Fv2%2Fmedia&parent=21762"}],"wp:term":[{"taxonomy":"category","embeddable":true,"href":"https:\/\/www.kultursidan.nu\/index.php?rest_route=%2Fwp%2Fv2%2Fcategories&post=21762"},{"taxonomy":"post_tag","embeddable":true,"href":"https:\/\/www.kultursidan.nu\/index.php?rest_route=%2Fwp%2Fv2%2Ftags&post=21762"}],"curies":[{"name":"wp","href":"https:\/\/api.w.org\/{rel}","templated":true}]}}