{"id":21808,"date":"2015-10-08T09:46:03","date_gmt":"2015-10-08T08:46:03","guid":{"rendered":"https:\/\/intelligent-friend-7861.standoutwp.com\/?p=21808"},"modified":"2015-10-09T06:39:38","modified_gmt":"2015-10-09T05:39:38","slug":"flimmer-vi-behover-veta-7-days-in-syria-recension","status":"publish","type":"post","link":"https:\/\/www.kultursidan.nu\/?p=21808","title":{"rendered":"Flimmer: Vi beh\u00f6ver veta \u2013 7 days in Syria (recension)"},"content":{"rendered":"<p><a href=\"https:\/\/www.kultursidan.nu\/wp-content\/uploads\/2015\/10\/7-days-in-syria.jpg\"><img loading=\"lazy\" decoding=\"async\" class=\"alignnone size-medium wp-image-21809\" src=\"https:\/\/www.kultursidan.nu\/wp-content\/uploads\/2015\/10\/7-days-in-syria-567x319.jpg\" alt=\"7-days-in-syria\" width=\"567\" height=\"319\" srcset=\"https:\/\/www.kultursidan.nu\/wp-content\/uploads\/2015\/10\/7-days-in-syria-567x319.jpg 567w, https:\/\/www.kultursidan.nu\/wp-content\/uploads\/2015\/10\/7-days-in-syria-150x84.jpg 150w, https:\/\/www.kultursidan.nu\/wp-content\/uploads\/2015\/10\/7-days-in-syria.jpg 853w\" sizes=\"auto, (max-width: 567px) 100vw, 567px\" \/><\/a><br \/>\n<em>Snart sm\u00e4ller det. 7 Days in Syria utspelar sig \u00f6ver loppet av sju dagar i krigets Syrien.<\/em><\/p>\n<p>&nbsp;<\/p>\n<h1><span style=\"color: #ff0000;\">Att baka br\u00f6d n\u00e4r matk\u00f6n \u00e4r ett sj\u00e4lvklart m\u00e5l<\/span><\/h1>\n<p>&nbsp;<\/p>\n<p><strong>Dokument\u00e4rfilmen 7 Days in Syria \u00e4r som ett slag i magen. <\/strong>H\u00e5rt, \u00e4rligt och s\u00e5 ocensurerat att en kan \u00f6nska att det vore fiktion. Men det \u00e4r det inte. Den ber\u00e4ttar n\u00e5got som beh\u00f6vs h\u00f6ras, som vi och v\u00e4rlden beh\u00f6ver veta. Efter den f\u00f6rsta, av tre, visningar under Flimmer medverkade fotografen Nicole Tung.<\/p>\n<p><strong>En flicka \u2013 Nasma \u2013 sjunger och filmar sig sj\u00e4lv med en mobilkamera.<\/strong> Sekunder senare sm\u00e4ller det och ropen, som undrar hur det gick, d\u00e4mpas endast av dammet. Med denna f\u00f6rsta bild s\u00e5 sl\u00e5r filmskaparna an en r\u00e5 ton som sedan f\u00f6ljs genom hela filmen. Ingen pardon ges till k\u00e4nsliga tittare; ingen romantisering.<\/p>\n<p>&nbsp;<\/p>\n<p><a title=\"Bj\u00f6rn fr\u00e5n Asylgruppen\" href=\"https:\/\/www.flickr.com\/photos\/kultursidan\/22042643991\/in\/album-72157657274907374\/\"><img loading=\"lazy\" decoding=\"async\" src=\"https:\/\/farm6.staticflickr.com\/5624\/22042643991_a38b1d12fd.jpg\" alt=\"Bj\u00f6rn fr\u00e5n Asylgruppen\" width=\"500\" height=\"333\" \/><\/a><br \/>\n<em>Biljettint\u00e4kterna g\u00e5r till v\u00e4lg\u00f6renhet genom Asylgruppen. Bj\u00f6rn Allvin ber\u00e4ttar om Asylgruppens arbete.<\/em><\/p>\n<p>&nbsp;<\/p>\n<p><strong>Vi f\u00f6ljer journalisten Janine di Giovanni och krigsfotografen Nicole Tung.<\/strong> Vi f\u00e5r tidigt veta att de ville \u00e5ka och rapportera fr\u00e5n Syrien, samt att de inte fick, eftersom det ans\u00e5gs f\u00f6r farligt. De \u00e5kte \u00e4nd\u00e5. I dokument\u00e4ren \u00e4r det framf\u00f6rallt det vanliga livet som \u00e4r i fokus, inte krigsfronter, politik eller religion. Det \u00e4r just det som g\u00f6r att det k\u00e4nns s\u00e5 verkligt, som att vara med. Att se 20-\u00e5riga soldater, med automatvapen i h\u00e4nderna, spela fotboll med tio\u00e5ringar k\u00e4nns som n\u00e5got vardagligt.<\/p>\n<p>Efter att ha sett bilderna p\u00e5 hur Nicole Tung springer med skyddsv\u00e4st, hj\u00e4lm och kameran i h\u00f6gsta hugg s\u00e5 sitter hon efter filmen och ber\u00e4ttar p\u00e5 ett ganska distanserat s\u00e4tt om resan och processen i att g\u00f6ra denna film. Samtalen med moderatorn Rosanna Nordrup och publiken \u00e4r stillsamma och l\u00e5gm\u00e4lda, trots att biosalongen vi sitter i rymmer ett par hundra personer.<\/p>\n<p>&nbsp;<\/p>\n<p><a title=\"Nicole Tung har filmat 7 Days in Syria\" href=\"https:\/\/www.flickr.com\/photos\/kultursidan\/21844575460\/in\/album-72157657274907374\/\"><img loading=\"lazy\" decoding=\"async\" src=\"https:\/\/farm6.staticflickr.com\/5803\/21844575460_7eabbb4798.jpg\" alt=\"Nicole Tung har filmat 7 Days in Syria\" width=\"500\" height=\"333\" \/><\/a><br \/>\n<em>Drivkraft. Krigsfotografen Nicole Tung i samtal med Flimmers Rosanna Nordrup.<\/em><\/p>\n<p>&nbsp;<\/p>\n<p>\u2013 You sometimes feel like a vulture, you\u2019re standing there, observing, taking pictures and it can be quite offensive to the people there. Some people understand why you\u2019re there; others don\u2019t really care, while they\u2019re in the midst of things. At the end of the day you hope that your images make some kind of difference.<\/p>\n<p>Nicole Tung ber\u00e4ttar allts\u00e5 hur hon kan k\u00e4nna sig som en \u201dgam\u201d, att filmarnas n\u00e4rvaro kan vara provocerande f\u00f6r folket d\u00e4r. N\u00e5gra f\u00f6rst\u00e5r, andra \u00e4r upptagna med sitt. Det hon hoppas \u00e4r att deras arbete f\u00e5r n\u00e5gon slags betydelse.<\/p>\n<p><strong>N\u00e5got som \u00e4r klart \u00e4r att denna dokument\u00e4rfilm \u00e4r viktig och kan g\u00f6ra skillnad.<\/strong> Inte bara f\u00f6r att den \u00e4r v\u00e4lproducerad och tar upp ett aktuellt \u00e4mne, utan f\u00f6r att den ber\u00e4ttar n\u00e5got som beh\u00f6vs h\u00f6ras. Den ber\u00e4ttar bagarens historia \u2013 om hur det \u00e4r att baka br\u00f6d n\u00e4r han vet att matk\u00f6n \u00e4r en sj\u00e4lvklar m\u00e5ltavla \u2013, l\u00e4rarens historia och m\u00e5nga fler som hade en vardag f\u00f6r fyra \u00e5r sedan. Den f\u00f6rvandlades till n\u00e5got helt annat, \u00e4ven om det fortfarande \u00e4r just det \u2013 vardag.<\/p>\n<p><em>Text: Christoffer Mannsdorff Djurberg<\/em><br \/>\n<em>Foto: Christoffer Mannsdorff Djurberg &amp; Nicole Tung<\/em><\/p>\n<p>BILDSPEL (FLASH) \u2013 KLICKA P\u00c5 BILDEN <em><br \/>\nALT\/MOBIL: SE BILDSPELET <a title=\"Bildspel\" href=\"https:\/\/www.flickr.com\/photos\/kultursidan\/sets\/72157657274907374\/show\/\" target=\"_blank\">H\u00c4R<\/a><\/em><br \/>\n<object width=\"400\" height=\"300\"><param name=\"flashvars\" value=\"offsite=true&amp;lang=en-us&amp;page_show_url=%2Fphotos%2Fkultursidan%2Fsets%2F72157657274907374%2Fshow%2F&amp;page_show_back_url=%2Fphotos%2Fkultursidan%2Fsets%2F72157657274907374%2F&amp;set_id=72157657274907374&amp;jump_to=\" \/><param name=\"movie\" value=\"https:\/\/www.flickr.com\/apps\/slideshow\/show.swf?v=1811922554\" \/><param name=\"allowFullScreen\" value=\"true\" \/><\/object><\/p>\n<blockquote>\n<h3><em>CNEMA Norrk\u00f6ping<\/em><\/h3>\n<p>5, 8, 9 oktober 2015<em><br \/>\n<strong>7 Days in Syria<\/strong><\/em><br \/>\n<em> Regi: Robert Rippberger<\/em><br \/>\n<em>Prod: <a href=\"http:\/\/www.imdb.com\/company\/co0448901?ref_=tt_dt_co\">Aletheia Films<\/a>, <a href=\"http:\/\/www.imdb.com\/company\/co0277025?ref_=tt_dt_co\">Cinema Veritas<\/a><\/em><\/p><\/blockquote>\n<p>L\u00c4NKAR<br \/>\n7 Days in Syria <a href=\"http:\/\/www.imdb.com\/title\/tt2634576\/?ref_=ttfc_fc_tt\" target=\"_blank\">imdb<\/a> <a href=\"https:\/\/www.facebook.com\/7DaysInSyria\" target=\"_blank\">Facebook<\/a><br \/>\nFlimmer <a href=\"http:\/\/flimmer.nu\" target=\"_blank\">hemsida<\/a> <a href=\"https:\/\/www.facebook.com\/Flimmer-Norrk%C3%B6ping-filmfestival-160281937321146\/timeline\/\" target=\"_blank\">Facebook<\/a> \u00a0<a href=\"http:\/\/flimmer.nu\/NFF.html\" target=\"_blank\">Program<\/a><br \/>\nFlimmer: Vinterboj med regiss\u00f6rsamtal <a href=\"https:\/\/www.kultursidan.nu\/?p=21762\" target=\"_blank\">recension<\/a> Kultursidan.nu 6\/10 2015<br \/>\nFlimmer st\u00e4ller in sk\u00e4rpan p\u00e5 demokrati <a href=\"https:\/\/www.kultursidan.nu\/?p=21695\" target=\"_blank\">reportage<\/a> Kultursidan.nu 1\/10 2015<\/p>\n","protected":false},"excerpt":{"rendered":"<p>NORRK\u00d6PING Dokument\u00e4rfilmen 7 Days in Syria \u00e4r som ett slag i magen. H\u00e5rt, \u00e4rligt och s\u00e5 ocensurerat att en kan \u00f6nska att det vore fiktion. Men det \u00e4r det inte. Den ber\u00e4ttar n\u00e5got som beh\u00f6vs h\u00f6ras, som vi och v\u00e4rlden beh\u00f6ver veta. <a class=\"continue-reading-link\" href=\"https:\/\/www.kultursidan.nu\/?p=21808\">L\u00e4s mer <span class=\"meta-nav\">&rarr; <\/span><\/a><\/p>\n","protected":false},"author":1001006,"featured_media":0,"comment_status":"closed","ping_status":"open","sticky":false,"template":"","format":"standard","meta":{"_jetpack_memberships_contains_paid_content":false,"footnotes":""},"categories":[7],"tags":[29,38],"class_list":["post-21808","post","type-post","status-publish","format-standard","hentry","category-norrkoping","tag-festival","tag-film"],"jetpack_featured_media_url":"","jetpack_sharing_enabled":true,"_links":{"self":[{"href":"https:\/\/www.kultursidan.nu\/index.php?rest_route=\/wp\/v2\/posts\/21808","targetHints":{"allow":["GET"]}}],"collection":[{"href":"https:\/\/www.kultursidan.nu\/index.php?rest_route=\/wp\/v2\/posts"}],"about":[{"href":"https:\/\/www.kultursidan.nu\/index.php?rest_route=\/wp\/v2\/types\/post"}],"author":[{"embeddable":true,"href":"https:\/\/www.kultursidan.nu\/index.php?rest_route=\/wp\/v2\/users\/1001006"}],"replies":[{"embeddable":true,"href":"https:\/\/www.kultursidan.nu\/index.php?rest_route=%2Fwp%2Fv2%2Fcomments&post=21808"}],"version-history":[{"count":0,"href":"https:\/\/www.kultursidan.nu\/index.php?rest_route=\/wp\/v2\/posts\/21808\/revisions"}],"wp:attachment":[{"href":"https:\/\/www.kultursidan.nu\/index.php?rest_route=%2Fwp%2Fv2%2Fmedia&parent=21808"}],"wp:term":[{"taxonomy":"category","embeddable":true,"href":"https:\/\/www.kultursidan.nu\/index.php?rest_route=%2Fwp%2Fv2%2Fcategories&post=21808"},{"taxonomy":"post_tag","embeddable":true,"href":"https:\/\/www.kultursidan.nu\/index.php?rest_route=%2Fwp%2Fv2%2Ftags&post=21808"}],"curies":[{"name":"wp","href":"https:\/\/api.w.org\/{rel}","templated":true}]}}