{"id":2182,"date":"2011-09-03T10:32:16","date_gmt":"2011-09-03T08:32:16","guid":{"rendered":"https:\/\/intelligent-friend-7861.standoutwp.com\/?p=2182"},"modified":"2014-11-15T12:39:57","modified_gmt":"2014-11-15T11:39:57","slug":"strindberg-och-arbetarrorelsen-pa-stadsbiblioteket","status":"publish","type":"post","link":"https:\/\/www.kultursidan.nu\/?p=2182","title":{"rendered":"Strindberg och arbetarr\u00f6relsen p\u00e5 Stadsbiblioteket"},"content":{"rendered":"<p><iframe loading=\"lazy\" src=\"https:\/\/www.flickr.com\/photos\/kultursidan\/6107913669\/in\/set-72157627457256255\/player\/\" width=\"500\" height=\"332\" frameborder=\"0\" allowfullscreen=\"allowfullscreen\"><\/iframe><\/p>\n<p><em>Strindbergs tid \u2013 och v\u00e4rldens. <\/em><\/p>\n<p>&nbsp;<\/p>\n<h1><span style=\"color: #ff0000;\">2012 \u00e5rs jubilar skrev \u201dgod och uppbygglig litteratur\u201d<\/span><\/h1>\n<p>&nbsp;<\/p>\n<p><strong>August Strindberg var bara 63 \u00e5r n\u00e4r han dog i cancer den 14 maj 1912.<\/strong> S\u00e5 man kan s\u00e4ga att det var i sista stund 10 000 stockholmare som hyllning t\u00e5gade f\u00f6rbi Bl\u00e5 tornet p\u00e5 f\u00f6delsedagen den 22 januari samma \u00e5r.<\/p>\n<p>Det var Stockholms Arbetarekommun som publicerat uppropet om fackelt\u00e5get i tidningen Social-Demokraten. Dessutom erh\u00f6ll han en stor summa pengar, 45 000 kronor, genom en nationell insamling som st\u00f6ddes av 40 000 personer, fr\u00e5n fattiga arbetare till en biskop (Nathan S\u00f6derblom) och en prins (Eugen). En tr\u00f6st f\u00f6r det Nobelpris han till sin besvikelse aldrig fick.<\/p>\n<p><strong>N\u00e4r nu Norrk\u00f6pings Stadsbibliotek och Arbetets museum arrangerar en n\u00e4sta-\u00e5r-\u00e4r det-100-\u00e5r-sedan-han-dog-utst\u00e4llning<\/strong> p\u00e5 biblioteket \u00e4r det den radikale August man lyfter fram. Han som i romanen <em>Tj\u00e4nstekvinnans son<\/em> anspelade p\u00e5 sin enkla h\u00e4rstamning p\u00e5 moderns sida, som i ungdomen var radikal men var tveksam till &#8221;de gudl\u00f6sa&#8221; socialisterna. Under Storstrejken 1909, d\u00e5 han var 60 \u00e5r valde han arbetarnas sida och omfamnades d\u00e4refter av socialdemokratin som hyllade hans verk som \u201dgod och uppbygglig\u201d litteratur.<\/p>\n<p>Naturligtvis g\u00e5r det inte att enkelt st\u00e4nga in August Strindberg i den socialdemokratiska partif\u00e5llan, inte ens i den id\u00e9m\u00e4ssiga socialistiska. Genom sitt stormiga och intensivt produktiva liv provade han id\u00e9er oftare \u00e4n han bytte fru (han var gift tre g\u00e5nger).<\/p>\n<p>Han \u00e4gnade sig \u00e5t alkemi, han var antisemit, han gjorde skandal och tvingades i landsflykt. Fr\u00e5n att i ungdomen ha argumenterat f\u00f6r kvinnlig r\u00f6str\u00e4tt tyckte han tio \u00e5r senare att feminismen g\u00e5tt f\u00f6r l\u00e5ngt och h\u00e4vdade mannens \u00f6verh\u00f6ghet gentemot kvinnan.<\/p>\n<p><strong>Men bilden kvarst\u00e5r av f\u00f6rnyaren av den svenska prosan, poesin och dramatiken<\/strong> \u2013 inspirerad d\u00e4rtill av inte minst av franska f\u00f6rebilder \u2013 \u00e4ven om senare \u00e5rs forskning nyanserar den. Han var inte den ende f\u00f6rfattaren, poeten och dramatikern i sin tid, de var flera \u2013 kvinnor och m\u00e4n \u2013 som samverkade och tampades med varandra och d\u00e4rigenom f\u00f6rde Sverige in i den moderna tids\u00e5ldern.<\/p>\n<p>Utst\u00e4llningen har ursprungligen producerats av Strindbergmuseet, det \u00e4r en parad av affischer och tidningsartiklar, byster av den store (+ Hjalmar Branting) och annat sm\u00e5tt och gott, uppdelat i fack. En tidslinje placerar August Strindberg i de st\u00f6rre skeendena, i Sverige och i v\u00e4rlden.<\/p>\n<p><strong>F\u00f6r att f\u00f6rdjupa bilden av f\u00f6rfattaren och m\u00e4nniskan<\/strong> arrangeras \u00e4ven en rad program genom hela utst\u00e4llningstiden, som tar upp olika aspekter p\u00e5 August Strindberg. Norrk\u00f6pings mest popul\u00e4re apotekare under 1900-talet, Leif V Eriksson talar om Strindberg som alkemist. Christina Brus\u00e9n ber\u00e4ttar om ett m\u00f6te i Berlin mellan Strindberg och Edvard Munch. Det blir novellkv\u00e4llar och mycket mera, inklusive debattkv\u00e4ll tillsammans med Folkbladets Widar Andersson och Norrk\u00f6pings tidningars kulturredakt\u00f6r Mats Granberg.<\/p>\n<p>Vernissage s\u00f6ndag 3 september.<\/p>\n<p><em>Text: Ann-Charlotte Sandelin<br \/>\nFoto: Sven \u00c5ke Molund<\/em><\/p>\n<p>&nbsp;<\/p>\n<ul>\n<li>\n<h3>STADSBIBLIOTEKET Norrk\u00f6ping<\/h3>\n<\/li>\n<li><em>3 september 2011 \u2013 31 januari 2012<\/em><br \/>\n<strong>Strindberg och Arbetarr\u00f6relsen<\/strong><br \/>\nProducent: Strindbergsmuseet<br \/>\nArrang\u00f6r: Norrk\u00f6pings stadsbibliotek och Arbetets museum<\/li>\n<li>PROGRAM<\/li>\n<li><em>3 september kl 13<\/em>.\u00a0Vernissage<br \/>\nBirgitta Hjerpe, Stadsbiblioteket, Anders Lindh, Arbetets museum och Stefan Bohman, Strindbergsmuseet.<br \/>\n<em>Tisdag 27\/9 kl. 18.30 <\/em><br \/>\nF\u00f6rfattaren Lena Einhorn ber\u00e4ttar om sin senaste roman <em>Siri<\/em>, som handlar om Siri von Essen, Strindbergs f\u00f6rsta hustru.<br \/>\n<em>Tisdag 25\/10 kl 13.00 <\/em><br \/>\nStrindberg &#8211; rebellen som blev nationalskald. Med Anette Gentile.<br \/>\n<em> Tisdag 1\/11 kl. 13.00<\/em><br \/>\nBer\u00e4ttelsen om tr\u00e4svalan i getapeln. Sven Trolldal k\u00e5serar om sitt f\u00f6rsta m\u00f6te med Strindberg.<br \/>\n<em>Tisdag 8\/11 kl 13.00 <\/em><br \/>\nStrindberg och Munch. Ett m\u00f6te i Berlin. Med Christina Brus\u00e9n.<br \/>\n<em>Tisdag 15\/11 kl 13.00 <\/em><br \/>\nStrindberg som alkemist. Med Leif V. Eriksson.<br \/>\n<em>Onsdag 23\/11 kl. 18.30<\/em><br \/>\nDen farlige Strindberg &#8211; d\u00e5 och nu. Debatt. Widar Andersson, Folkbladet\u00a0och Mats Granberg, Norrk\u00f6pings Tidningar\u00a0diskuterar Strindberg som samh\u00e4llsanalytiker. Moderator: H\u00e5kan Blomqvist<a href=\"http:\/\/www.pagang.info\/Event.aspx?s=135058&amp;e=480928\"><br \/>\n<\/a><em>Tisdag 13\/12 kl 13.00 <\/em><br \/>\nM\u00e5laren och fotografen August Strindberg. Med Agneta Lalander.<strong><a href=\"http:\/\/www.pagang.info\/Event.aspx?s=135058&amp;e=685584\"><br \/>\n<\/a><\/strong><em>M\u00e5ndag 17\/10 kl. 18.00<\/em><br \/>\nNovellkv\u00e4ll \u2013 Folkets Strindberg. L\u00e4s och lyssna. Fika.<br \/>\n<em>Torsdag 17\/11 kl 18.30 <\/em><br \/>\nAugust Strindberg, klok och galen. F\u00f6rel\u00e4sning av Katarina Ek-Nilsson, ordf\u00f6rande i Strindbergss\u00e4llskapet.<br \/>\nProgrammet \u00e4r ett inslag i Psykiatriska veckan.<\/li>\n<\/ul>\n<p>&nbsp;<\/p>\n<p>L\u00c4NKAR<br \/>\nAugust Strindberg <a title=\"August Strindberg wiki\" href=\"http:\/\/sv.wikipedia.org\/wiki\/August_Strindberg\" target=\"_blank\">wikipedia<br \/>\n<\/a>August Strindbergs samlade skrifter, inscannade <a title=\"Runebergprojektet STrindberg\" href=\"http:\/\/runeberg.org\/strindbg\/\" target=\"_blank\">Runebergprojektet<\/a><br \/>\nAugust Strindberg och Arbetarr\u00f6relsen <a title=\"Program p\u00e5 Stadsbiblioteket\" href=\"http:\/\/www.nsb.norrkoping.se\/web\/arena1\/folkets-strindberg\" target=\"_blank\">programsida <\/a><br \/>\nArbetets museum <a title=\"Arbetets museum\" href=\"http:\/\/www.arbetetsmuseum.se\/\" target=\"_blank\">hemsida <\/a><br \/>\nNorrk\u00f6pings stadsbibliotek <a title=\"Norrk\u00f6pings stadsbibliotek\" href=\"http:\/\/www.nsb.norrkoping.se\/web\/arena1\" target=\"_blank\">hemsida <\/a><br \/>\nStrindbergmuseet <a title=\"Strindbergmuseet\" href=\"http:\/\/www.strindbergsmuseet.se\/\" target=\"_blank\">hemsida<\/a><\/p>\n<p>&nbsp;<\/p>\n<p>BILDSPEL (FLASH) \u2013 KLICKA P\u00c5 BILDEN <em>ALT\/MOBIL \u2013 KLICKA <a title=\"Bildspel\" href=\"https:\/\/www.flickr.com\/photos\/kultursidan\/sets\/72157627457256255\/show\/\" target=\"_blank\">H\u00c4R<\/a><\/em><br \/>\n<object width=\"400\" height=\"300\"><param name=\"flashvars\" value=\"offsite=true&amp;lang=en-us&amp;page_show_url=%2Fphotos%2Fkultursidan%2Fsets%2F72157627457256255%2Fshow%2F&amp;page_show_back_url=%2Fphotos%2Fkultursidan%2Fsets%2F72157627457256255%2F&amp;set_id=72157627457256255&amp;jump_to=\" \/><param name=\"movie\" value=\"https:\/\/www.flickr.com\/apps\/slideshow\/show.swf?v=1811922554\" \/><param name=\"allowFullScreen\" value=\"true\" \/><\/object><\/p>\n","protected":false},"excerpt":{"rendered":"<p>August Strindberg var en herre med \u00e5sikter och de skiftade \u00f6ver tiden. Fr\u00e5n b\u00f6rjan till slutet stod han g\u00e4rna i opposition och efter Storstrejken 1909 \u00e5terv\u00e4nde han till ungdomens radikalitet och kallade sig kristen socialist. <a class=\"continue-reading-link\" href=\"https:\/\/www.kultursidan.nu\/?p=2182\">L\u00e4s mer <span class=\"meta-nav\">&rarr; <\/span><\/a><\/p>\n","protected":false},"author":1001006,"featured_media":0,"comment_status":"closed","ping_status":"open","sticky":false,"template":"","format":"standard","meta":{"_jetpack_memberships_contains_paid_content":false,"footnotes":""},"categories":[7],"tags":[53,47],"class_list":["post-2182","post","type-post","status-publish","format-standard","hentry","category-norrkoping","tag-foredrag","tag-utstallning"],"jetpack_featured_media_url":"","jetpack_sharing_enabled":true,"_links":{"self":[{"href":"https:\/\/www.kultursidan.nu\/index.php?rest_route=\/wp\/v2\/posts\/2182","targetHints":{"allow":["GET"]}}],"collection":[{"href":"https:\/\/www.kultursidan.nu\/index.php?rest_route=\/wp\/v2\/posts"}],"about":[{"href":"https:\/\/www.kultursidan.nu\/index.php?rest_route=\/wp\/v2\/types\/post"}],"author":[{"embeddable":true,"href":"https:\/\/www.kultursidan.nu\/index.php?rest_route=\/wp\/v2\/users\/1001006"}],"replies":[{"embeddable":true,"href":"https:\/\/www.kultursidan.nu\/index.php?rest_route=%2Fwp%2Fv2%2Fcomments&post=2182"}],"version-history":[{"count":0,"href":"https:\/\/www.kultursidan.nu\/index.php?rest_route=\/wp\/v2\/posts\/2182\/revisions"}],"wp:attachment":[{"href":"https:\/\/www.kultursidan.nu\/index.php?rest_route=%2Fwp%2Fv2%2Fmedia&parent=2182"}],"wp:term":[{"taxonomy":"category","embeddable":true,"href":"https:\/\/www.kultursidan.nu\/index.php?rest_route=%2Fwp%2Fv2%2Fcategories&post=2182"},{"taxonomy":"post_tag","embeddable":true,"href":"https:\/\/www.kultursidan.nu\/index.php?rest_route=%2Fwp%2Fv2%2Ftags&post=2182"}],"curies":[{"name":"wp","href":"https:\/\/api.w.org\/{rel}","templated":true}]}}