{"id":21965,"date":"2015-10-18T11:30:15","date_gmt":"2015-10-18T10:30:15","guid":{"rendered":"https:\/\/intelligent-friend-7861.standoutwp.com\/?p=21965"},"modified":"2015-10-18T16:00:22","modified_gmt":"2015-10-18T15:00:22","slug":"musiken-ar-livet-for-unga-begavningar-recension","status":"publish","type":"post","link":"https:\/\/www.kultursidan.nu\/?p=21965","title":{"rendered":"Musiken \u00e4r livet f\u00f6r Unga beg\u00e5vningar (recension)"},"content":{"rendered":"<p><a href=\"https:\/\/www.kultursidan.nu\/wp-content\/uploads\/2015\/10\/IMG_9404.jpg\"><img loading=\"lazy\" decoding=\"async\" class=\"alignnone size-medium wp-image-21966\" src=\"https:\/\/www.kultursidan.nu\/wp-content\/uploads\/2015\/10\/IMG_9404-567x378.jpg\" alt=\"Albin Fellebro\" width=\"567\" height=\"378\" srcset=\"https:\/\/www.kultursidan.nu\/wp-content\/uploads\/2015\/10\/IMG_9404-567x378.jpg 567w, https:\/\/www.kultursidan.nu\/wp-content\/uploads\/2015\/10\/IMG_9404-1024x683.jpg 1024w, https:\/\/www.kultursidan.nu\/wp-content\/uploads\/2015\/10\/IMG_9404-499x333.jpg 499w, https:\/\/www.kultursidan.nu\/wp-content\/uploads\/2015\/10\/IMG_9404-150x100.jpg 150w, https:\/\/www.kultursidan.nu\/wp-content\/uploads\/2015\/10\/IMG_9404.jpg 1280w\" sizes=\"auto, (max-width: 567px) 100vw, 567px\" \/><\/a><em><br \/>\nEtt ljust minne. Albin Fellebro spelade Bj\u00f6rn J:son Lindhs H\u00e4rifr\u00e5n till evigheten.<br \/>\n<\/em><\/p>\n<p>&nbsp;<\/p>\n<h1><span style=\"color: #ff0000;\">Frys\u00f6gonblick nr 1 och nr 2<\/span><\/h1>\n<p>&nbsp;<\/p>\n<p><strong>I kv\u00e4ll l\u00f6rdag hade jag \u00e4ran och ynnesten att f\u00e5 vara med om en konsert av h\u00f6gsta kvalitet.<\/strong> Det var \u00e5rets <em>Unga beg\u00e5vningar-konsert <\/em>som h\u00f6lls i en fullsatt kyrkosal i Hedvigs Kyrka.<\/p>\n<p>Temat f\u00f6r \u00e5rets konsert har ungdomarna sj\u00e4lva valt att kalla <em>Musik \u00e4r livet<\/em>. De medverkande spelar piano, saxofon, nyckelharpa, gitarr och fiol och flera s\u00e5ngnummer f\u00e5r vi h\u00f6ra ocks\u00e5.<\/p>\n<p><strong>Konferencierer vid \u00e5rets konsert \u00e4r Sandra Wall, Norrk\u00f6pings Tidningars n\u00f6jesredakt\u00f6r, och Markus Fyrberg, f\u00f6r kv\u00e4llen ikl\u00e4dd en kavaj i m\u00f6nster av en TV:s testbild.<\/strong> Konserten spelas n\u00e4mligen in f\u00f6r TV att s\u00e4ndas i NT 24 n\u00e4sta helg. Markus Fyrberg inleder konserten med att sjunga <em><span class=\"_5yl5\" data-reactid=\".6e.1:$mid=11445165244703=2aafcd9c456bcae5378.2:0.0.0.0.0\"><span data-reactid=\".6e.1:$mid=11445165244703=2aafcd9c456bcae5378.2:0.0.0.0.0.0\">Annars vore jag inte jag<\/span><\/span><\/em>, om att v\u00e5ga vara sig sj\u00e4lv och att inte g\u00f6ra om sig f\u00f6r att passa in.<\/p>\n<p><strong>Den f\u00f6rsta beg\u00e5vningen heter Sandra Ring. <\/strong>Hon sjunger <em>Read all about it, <\/em>den handlar om modet att v\u00e5ga ta plats. Hon har en stark och varm r\u00f6st och just denna s\u00e5ng passar henne mycket bra att sjunga.<\/p>\n<p><strong>Albin Fellebro spelar gitarr, g\u00e4rna \u00e5t jazzh\u00e5llet med en del rock inbakat i det hela.<\/strong> N\u00e4r han f\u00e5r fr\u00e5gan om sina musikaliska f\u00f6rebilder, n\u00e4mner han flera som inte har med just gitarr att g\u00f6ra. N\u00e4r Albin b\u00f6rjar spela Bj\u00f6rn J:son Lindhs<em> H\u00e4rifr\u00e5n till evigheten <\/em>kommer jag p\u00e5 mig sj\u00e4lv att i tanken g\u00e5 tillbaks i tiden, till ungdoms\u00e5ren n\u00e4r storebror spelade gitarr i rummet intill mitt. Jag tror faktiskt att han spelade just den l\u00e5ten. Den b\u00f6rjar som regn som faller och slutar som ett st\u00f6rre vattenfall, eller en brusande fors.<\/p>\n<p>&nbsp;<\/p>\n<p><a title=\"Saga Fagerstr\u00f6m\" href=\"https:\/\/www.flickr.com\/photos\/kultursidan\/22269775755\/in\/album-72157660009653961\/\"><img loading=\"lazy\" decoding=\"async\" src=\"https:\/\/farm6.staticflickr.com\/5759\/22269775755_281f9ea065.jpg\" alt=\"Saga Fagerstr\u00f6m\" width=\"500\" height=\"333\" \/><\/a><br \/>\n<em>Kontrastrikt av Sergej Prokofiev med Saga Fagerstr\u00f6m.<\/em><\/p>\n<p>&nbsp;<\/p>\n<p><strong>Tv\u00e4rfl\u00f6jtisten Saga Fagerstr\u00f6m har valt<\/strong> <strong><em>Fl\u00f6jtsonat<\/em> av Sergej Prokofiev f\u00f6r att stycket \u00e4r s\u00e5 k\u00e4nslostarkt med s\u00e5 m\u00e5nga kontraster.<\/strong> Och kontraster \u00e4r det sannerligen. Ibland stor dramatik, ibland l\u00e4ttsamt, lite hoppande, liksom kvillrande. S\u00e5 tillbaks till dramatiken. I huvudet spelas det upp bilder som en saga. Underbart!<\/p>\n<p><strong>\u2013 Nu kommer Sveriges nationalinstrument, s\u00e4ger Markus Fyrberg innan han presenterar Malin Sv\u00e4rdmalm som spelar nyckelharpa.<\/strong> Malin spelar <em>Trollrikepolska<\/em> av Eric Sahlstr\u00f6m. Det ser s\u00e5 oerh\u00f6rt l\u00e4tt ut n\u00e4r Malin spelar, men jag vet att nyckelharpa \u00e4r ett v\u00e4ldigt sv\u00e5rt instrument att spela p\u00e5. N\u00e4r Malin spelar hade jag \u00f6nskat lite handklapp av publiken. Det hade passat d\u00e4r.<\/p>\n<p><strong>Jazzpianisten Victoria Sandstr\u00f6m spelar sedan en l\u00e5t kallad <em>Dolphin Dance<\/em>.<\/strong> Den \u00e4r fin, v\u00e4ldigt lekfull och melodi\u00f6s och den fingerf\u00e4rdiga Victoria g\u00f6r det s\u00e5 v\u00e4ldigt bra.<\/p>\n<p><strong>Mera s\u00e5ng blir det n\u00e4r Sara Andersson, blivande musikalstj\u00e4rna sjunger <em>Take me and leave me<\/em> ur musikalen <em>Rent<\/em>.<\/strong> Hon sjunger medryckande och kraftfullt, Sara har en r\u00f6st som sannerligen passar f\u00f6r musikalgenren, det \u00e4r det ingen tvekan om. Hon har ocks\u00e5 scenvana p\u00e5 ett s\u00e4tt som de andra saknar. Men det \u00e4r inte konstigt, Sara har haft n\u00e5gra \u00e5r till av erfarenhet.<\/p>\n<p>&nbsp;<\/p>\n<p><a title=\"Sara Andersson\" href=\"https:\/\/www.flickr.com\/photos\/kultursidan\/22082021738\/in\/album-72157660009653961\/\"><img loading=\"lazy\" decoding=\"async\" src=\"https:\/\/farm1.staticflickr.com\/673\/22082021738_532c507e71.jpg\" alt=\"Sara Andersson\" width=\"500\" height=\"333\" \/><\/a><br \/>\n<em>Take me and leave me. Sara Andersson sj\u00f6ng en l\u00e5t ur rockmusikalen Rent.<\/em><\/p>\n<p>&nbsp;<\/p>\n<p><strong>S\u00e5 blir det en liten paus i det musikaliska och ett antal musikstipendier skall delas ut.<\/strong> Stipendier p\u00e5 10.000 kronor vardera g\u00e5r till Viktoria Lindstr\u00f6m, violin, Viktoria Sandstr\u00f6m, piano, Albin Fellebro, gitarr samt Linn\u00e9a K\u00e4llstr\u00f6m, s\u00e5ng. Samtliga stipendiater kommer att anv\u00e4nda sina pengar till fortsatta studier inom musiken.<\/p>\n<p><strong>Mera sk\u00f6ns\u00e5ng s\u00e5:<\/strong> <strong>Jennifer Carmdahl <\/strong>sjunger <em>Listen<\/em> ur musikalen <em>Dreamgirls<\/em> och f\u00e5r kraftfulla appl\u00e5der fr\u00e5n publiken.<br \/>\nD\u00e4refter kommer altsaxofonisten<strong> David Josephson <\/strong>som spelar <em>Take five<\/em> av Paul Desmond. Bravo!, s\u00e4ger jag bara.<\/p>\n<p><strong>Klara Aspling bjuder s\u00e5 p\u00e5 kv\u00e4llens f\u00f6rsta \u201dfrys\u00f6gonblick\u201d.<\/strong> Ni vet s\u00e5 d\u00e4r n\u00e4r h\u00e5rstr\u00e5na p\u00e5 armar och ben bara reser sig. Hon sjunger <em>Ave Maria<\/em> av Franz Schubert. Och det \u00e4r s\u00e5 oerh\u00f6rt vackert. Klara s\u00e4ger sj\u00e4lv att hon tycker just den s\u00e5ngen passar s\u00e5 bra att sjunga i kyrkorummet. Jag kan bara h\u00e5lla med.<\/p>\n<p>&nbsp;<\/p>\n<p><a title=\"Matt Fernandez\" href=\"https:\/\/www.flickr.com\/photos\/kultursidan\/22082925489\/in\/album-72157660009653961\/\"><img loading=\"lazy\" decoding=\"async\" src=\"https:\/\/farm1.staticflickr.com\/663\/22082925489_22b0d9f37c.jpg\" alt=\"Matt Fernandez\" width=\"500\" height=\"329\" \/><\/a><br \/>\n<em>Som han spelar! Matt Fernandez har spelat klassisk gitarr i fyra \u00e5r.<\/em><\/p>\n<p>&nbsp;<\/p>\n<p><strong>Matt Fernandez har spelat klassisk gitarr i fyra \u00e5r.<\/strong> Som han spelar! Det \u00e4r enormt h\u00f6g klass p\u00e5 detta. Jag blir alldeles tagen! Matt f\u00e5r kv\u00e4llens starkaste och l\u00e4ngsta appl\u00e5d. Mycket v\u00e4lf\u00f6rtj\u00e4nt, vill jag p\u00e5st\u00e5.<\/p>\n<p><strong>Sist ut i eftermiddagens konsert \u00e4r Viktoria Lindstr\u00f6m som spelar fiol.<\/strong> Hon har valt stycket Zigeunerweisen, som hon har \u00e4lskat sedan hon var riktigt liten. Det var ju inte precis det l\u00e4ttaste stycket \u2013 men som hon spelar. Helt fantastiskt! Detta blir \u201dfrys\u00f6gonblick\u201d nummer tv\u00e5. Och jag undrar vad det blir av den tjejen, som redan nu spelar s\u00e5 enormt bra.<\/p>\n<p><strong>Hans Cratz<\/strong> <strong>avslutar hela f\u00f6rest\u00e4llningen med att tacka bakgrundsbandet:<\/strong> <strong>Roland Engdahl<\/strong>, synth, <strong>Fredrik Ing\u00e5<\/strong>, piano, <strong>Jocke Sand\u00e9n<\/strong>, trummor och <strong>Glenn Fredriksson<\/strong>, bas. Hans Cratz tackar ocks\u00e5 <strong>sponsorerna<\/strong>, <strong>Ulf Svensson, Berit Malmqvist, Ehrling<\/strong> <strong>Fredriksson<\/strong> och sist men inte minst <strong>de beg\u00e5vade medverkande<\/strong>.<br \/>\nJag anser att de b\u00e5da pianoackompanjat\u00f6rerna som medverkade, n\u00e4mligen <strong>Yoriko Asahara<\/strong> och <strong>Hampus Torarp<\/strong> borde ha f\u00e5tt ett tack ocks\u00e5. Det f\u00e5r de h\u00e4r!<\/p>\n<p>F\u00f6rra \u00e5ret slutade konserten i ett kaos, d\u00e5 publiken b\u00f6rjade g\u00e5 ut innan det var riktigt slut. Nu hade man gjort sm\u00e5, men viktiga f\u00f6r\u00e4ndringar, vilket jag tyckte var betydligt b\u00e4ttre.<\/p>\n<p>&nbsp;<\/p>\n<p><a title=\"Unga beg\u00e5vningar i Norrk\u00f6ping\" href=\"https:\/\/www.flickr.com\/photos\/kultursidan\/22081721050\/in\/album-72157660009653961\/\"><img loading=\"lazy\" decoding=\"async\" src=\"https:\/\/farm1.staticflickr.com\/622\/22081721050_d7014ab9e9.jpg\" alt=\"Unga beg\u00e5vningar i Norrk\u00f6ping\" width=\"500\" height=\"333\" \/><\/a><br \/>\n<em>Vars\u00e5god Norrk\u00f6ping. \u00c5rets bukett Unga beg\u00e5vningar som skapar v\u00e5r Musikstad.<\/em><\/p>\n<p>&nbsp;<\/p>\n<p><strong>Jag g\u00e5r ut i oktoberkv\u00e4llen fylld av tacksamhet f\u00f6r att jag f\u00e5tt ynnesten att lyssna till en s\u00e5 fantastisk konsert.<\/strong> Och Norrk\u00f6pings kommuns \u00f6nskem\u00e5l om att f\u00f6rse staden med epitetet \u201dMusikstaden Norrk\u00f6ping\u201d borde, med dessa underbara ungdomar, vara klappat och klart.<\/p>\n<p><em>Text: Eva Lindblad<br \/>\nFoto: Michael Strandhed<\/em><\/p>\n<p>BILDSPEL (FLASH) \u2013 KLICKA P\u00c5 BILDEN <em><br \/>\nALT\/MOBIL: SE BILDSPELET <a title=\"Bildspel\" href=\"https:\/\/www.flickr.com\/photos\/kultursidan\/sets\/72157660009653961\/show\/\" target=\"_blank\">H\u00c4R<\/a><\/em><br \/>\n<object width=\"400\" height=\"300\"><param name=\"flashvars\" value=\"offsite=true&amp;lang=en-us&amp;page_show_url=%2Fphotos%2Fkultursidan%2Fsets%2F72157660009653961%2Fshow%2F&amp;page_show_back_url=%2Fphotos%2Fkultursidan%2Fsets%2F72157660009653961%2F&amp;set_id=72157660009653961&amp;jump_to=\" \/><param name=\"movie\" value=\"https:\/\/www.flickr.com\/apps\/slideshow\/show.swf?v=1811922554\" \/><param name=\"allowFullScreen\" value=\"true\" \/><\/object><\/p>\n<blockquote><p><em>HEDVIGS KYRKA Norrk\u00f6ping<\/em><\/p>\n<p><em>17 oktober 2015<br \/>\n<strong>Unga Beg\u00e5vningar<\/strong><\/em><br \/>\n<em> Konsert<\/em><br \/>\n<em> Arr: F\u00f6reningen Unga beg\u00e5vningar \u2013 Barndiabetesfonden, Norrk\u00f6pings Tidningar och Lions club<\/em><\/p><\/blockquote>\n","protected":false},"excerpt":{"rendered":"<p>NORRK\u00d6PING K\u00e4nslostarkt och med m\u00e5nga kontraster. \u00c5rets konsert med Unga beg\u00e5vningar fyllde Hedvigs kyrka med k\u00e4rlek till musiken. P\u00e5 piano, saxofon, nyckelharpa, gitarr och fiol och flera s\u00e5ngnummer d\u00e4remellan.  <a class=\"continue-reading-link\" href=\"https:\/\/www.kultursidan.nu\/?p=21965\">L\u00e4s mer <span class=\"meta-nav\">&rarr; <\/span><\/a><\/p>\n","protected":false},"author":1001006,"featured_media":0,"comment_status":"closed","ping_status":"open","sticky":false,"template":"","format":"standard","meta":{"_jetpack_memberships_contains_paid_content":false,"footnotes":""},"categories":[7],"tags":[13],"class_list":["post-21965","post","type-post","status-publish","format-standard","hentry","category-norrkoping","tag-musik"],"jetpack_featured_media_url":"","jetpack_sharing_enabled":true,"_links":{"self":[{"href":"https:\/\/www.kultursidan.nu\/index.php?rest_route=\/wp\/v2\/posts\/21965","targetHints":{"allow":["GET"]}}],"collection":[{"href":"https:\/\/www.kultursidan.nu\/index.php?rest_route=\/wp\/v2\/posts"}],"about":[{"href":"https:\/\/www.kultursidan.nu\/index.php?rest_route=\/wp\/v2\/types\/post"}],"author":[{"embeddable":true,"href":"https:\/\/www.kultursidan.nu\/index.php?rest_route=\/wp\/v2\/users\/1001006"}],"replies":[{"embeddable":true,"href":"https:\/\/www.kultursidan.nu\/index.php?rest_route=%2Fwp%2Fv2%2Fcomments&post=21965"}],"version-history":[{"count":0,"href":"https:\/\/www.kultursidan.nu\/index.php?rest_route=\/wp\/v2\/posts\/21965\/revisions"}],"wp:attachment":[{"href":"https:\/\/www.kultursidan.nu\/index.php?rest_route=%2Fwp%2Fv2%2Fmedia&parent=21965"}],"wp:term":[{"taxonomy":"category","embeddable":true,"href":"https:\/\/www.kultursidan.nu\/index.php?rest_route=%2Fwp%2Fv2%2Fcategories&post=21965"},{"taxonomy":"post_tag","embeddable":true,"href":"https:\/\/www.kultursidan.nu\/index.php?rest_route=%2Fwp%2Fv2%2Ftags&post=21965"}],"curies":[{"name":"wp","href":"https:\/\/api.w.org\/{rel}","templated":true}]}}