{"id":22063,"date":"2015-10-23T15:46:30","date_gmt":"2015-10-23T14:46:30","guid":{"rendered":"https:\/\/intelligent-friend-7861.standoutwp.com\/?p=22063"},"modified":"2015-10-23T16:30:05","modified_gmt":"2015-10-23T15:30:05","slug":"ljusmanifestationen-ger-trost-i-sorgen-kronika","status":"publish","type":"post","link":"https:\/\/www.kultursidan.nu\/?p=22063","title":{"rendered":"Ljusmanifestationen ger tr\u00f6st i sorgen (kr\u00f6nika)"},"content":{"rendered":"<p><a href=\"https:\/\/www.kultursidan.nu\/wp-content\/uploads\/2015\/10\/ljus5.jpg\"><img loading=\"lazy\" decoding=\"async\" class=\"alignnone size-medium wp-image-22064\" src=\"https:\/\/www.kultursidan.nu\/wp-content\/uploads\/2015\/10\/ljus5-567x378.jpg\" alt=\"Ljust\u00e4ndning\" width=\"567\" height=\"378\" srcset=\"https:\/\/www.kultursidan.nu\/wp-content\/uploads\/2015\/10\/ljus5-567x378.jpg 567w, https:\/\/www.kultursidan.nu\/wp-content\/uploads\/2015\/10\/ljus5-1024x682.jpg 1024w, https:\/\/www.kultursidan.nu\/wp-content\/uploads\/2015\/10\/ljus5-500x333.jpg 500w, https:\/\/www.kultursidan.nu\/wp-content\/uploads\/2015\/10\/ljus5-150x100.jpg 150w, https:\/\/www.kultursidan.nu\/wp-content\/uploads\/2015\/10\/ljus5.jpg 1280w\" sizes=\"auto, (max-width: 567px) 100vw, 567px\" \/><\/a><em><br \/>\nLjust\u00e4ndning. Realgymnasiets elever deltog i Ljusmanifestationen p\u00e5 Skvallertorget.<\/em><\/p>\n<p>&nbsp;<\/p>\n<h1><span style=\"color: #ff0000;\">Tillsammans k\u00e4nns allt mindre tungt<\/span><\/h1>\n<p>&nbsp;<\/p>\n<p><strong>N\u00e4r jag \u00e4r inne och kikar p\u00e5 SVT play f\u00f6r att kolla om Francesca Woodmans dokument\u00e4r finns kvar ser jag att det \u00e4r lives\u00e4ndning fr\u00e5n Trollh\u00e4ttan. <\/strong>N\u00e5gonting har h\u00e4nt, oklara uppgifter, en maskerad g\u00e4rningsman med stickvapen har g\u00e5tt loss p\u00e5 Kronans skola i Trollh\u00e4ttan.<\/p>\n<p>Jag k\u00e4nner uppgivenhet, konsekvent har jag f\u00f6rs\u00f6kt undvika nyheterna eftersom det bara ger mig maktl\u00f6shet. Det \u00e4r s\u00e5 mycket som h\u00e4nt p\u00e5 sistone. Asylboenden som brinner, folk blir nerhuggna mitt i centrum i Norrk\u00f6ping och nu det h\u00e4r.<\/p>\n<p><strong>Det \u00e4r sv\u00e5rt att ta in allt som h\u00e4nder i v\u00e4rlden i Sverige och i Norrk\u00f6ping.<\/strong> Det jag k\u00e4nner \u00e4r stor uppgivenhet och vanmakt. Det spekuleras om det kan handla om hatbrott, ett rasistiskt s\u00e5dant, jag ser konversationer fladdra f\u00f6rbi p\u00e5 Facebook. Engagerar mig sj\u00e4lv i s\u00e5dana men k\u00e4nner att det egentligen inte spelar n\u00e5gon roll i vilket f\u00f6rtecken v\u00e5ldet manifesterade sig.<\/p>\n<p>Det \u00e4r tragiskt oavsett. Tre personer har mist livet, d\u00e4ribland g\u00e4rningsmannen. Jag t\u00e4nker p\u00e5 honom, vilket liv har han levat f\u00f6r att kunna beg\u00e5 ett s\u00e5dant brott? Jag t\u00e4nker p\u00e5 dem som skadades och miste livet f\u00f6r hans hand. Jag t\u00e4nker p\u00e5 deras v\u00e4nner, familj och hur m\u00e5nga det ber\u00f6r.<\/p>\n<p>&nbsp;<\/p>\n<p><a title=\"Ljusmanifestation\" href=\"https:\/\/www.flickr.com\/photos\/kultursidan\/22384636096\/in\/album-72157660234420441\/\"><img loading=\"lazy\" decoding=\"async\" src=\"https:\/\/farm1.staticflickr.com\/610\/22384636096_0846bc4552.jpg\" alt=\"Ljusmanifestation\" width=\"500\" height=\"500\" \/><\/a><br \/>\n<em>Ljus, brev, blommor.<\/em><\/p>\n<p>&nbsp;<\/p>\n<p><strong>I fl\u00f6det p\u00e5 Facebook blir jag inbjuden att delta i en ljusmanifestation p\u00e5 Skvallertorget dagen d\u00e4rp\u00e5. <\/strong>Jag anm\u00e4ler mig, det \u00e4r n\u00e4tverket Ett Norrk\u00f6ping f\u00f6r alla som st\u00e5r bakom eventet. S\u00e5 skriver de om sitt engagemang: Ett Norrk\u00f6ping f\u00f6r Alla jobbar f\u00f6r sammanh\u00e5llning, trygghet och mot rasism i v\u00e5rt vackra lokalsamh\u00e4lle.<\/p>\n<p>Jag nystar vidare och ser att det hamnar under Tillsammanskapet som \u00e4r Stiftelsen Expos plattform f\u00f6r att erbjuda lokala antirasistiska grupper verktyg, kunskap och inspiration f\u00f6r hur man kan ta fighten f\u00f6r sammanh\u00e5llning i sitt lokalsamh\u00e4lle, mot rasism och h\u00f6gerextremism.<\/p>\n<p><strong>P\u00e5 torget tr\u00e4ffar jag Jimmy Jonsson som \u00e4r en av eldsj\u00e4larna i n\u00e4tverket Ett Norrk\u00f6ping f\u00f6r alla.<\/strong> Tillsammans med honom \u00e4r Patrik Andersson, mentor fr\u00e5n Realgymnasiet.<\/p>\n<p>Snart fylls Skvallertorget upp av elever fr\u00e5n Realgymnasiet, n\u00e5gra av dem har tagit med sig ljus de ska t\u00e4nda. Jimmy Jonsson talar om den tragiska h\u00e4ndelsen i Trollh\u00e4ttan och om vikten att v\u00e4rna om varandra. Han erbjuder alla att stanna kvar och prata om de vill.<\/p>\n<p>En del \u00e4r riktigt ledsna. N\u00e5gra av eleverna s\u00e4ger att det \u00e4r viktigt att f\u00f6rst\u00e5 att det kan h\u00e4nda p\u00e5 deras skola ocks\u00e5. De verkar lite sk\u00e4rrade, vi pratar vidare och jag f\u00f6rs\u00f6ker tr\u00f6sta genom att s\u00e4ga att det endast h\u00e4nt en g\u00e5ng f\u00f6rut i Sverige och f\u00f6rhoppningsvis \u00e4r det en eng\u00e5ngsf\u00f6reteelse.<\/p>\n<p><strong>Vi h\u00e5ller en tyst minut och eleverna l\u00e4mnar ljusen p\u00e5 torget en efter en.<\/strong> Vissa stannar kvar och pratar, andra l\u00e4mnar torget. Det k\u00e4nns b\u00e4ttre p\u00e5 n\u00e5got s\u00e4tt. S\u00e5 viktigt det \u00e4r att prata med varandra. Tillsammans k\u00e4nns allt mindre tungt!<\/p>\n<p><em>Text och foto: Ald\u00eds Ellertsd\u00f3ttir Hoff<\/em><\/p>\n<p>BILDSPEL (FLASH) \u2013 KLICKA P\u00c5 BILDEN <em><br \/>\nALT\/MOBIL: SE BILDSPELET <a title=\"Bildspel\" href=\"https:\/\/www.flickr.com\/photos\/kultursidan\/sets\/72157660234420441\/show\/\" target=\"_blank\">H\u00c4R<\/a><\/em><br \/>\n<object width=\"400\" height=\"300\"><param name=\"flashvars\" value=\"offsite=true&amp;lang=en-us&amp;page_show_url=%2Fphotos%2Fkultursidan%2Fsets%2F72157660234420441%2Fshow%2F&amp;page_show_back_url=%2Fphotos%2Fkultursidan%2Fsets%2F72157660234420441%2F&amp;set_id=72157660234420441&amp;jump_to=\" \/><param name=\"movie\" value=\"https:\/\/www.flickr.com\/apps\/slideshow\/show.swf?v=1811922554\" \/><param name=\"allowFullScreen\" value=\"true\" \/><\/object><\/p>\n<blockquote>\n<h3><em>SKVALLERTORGET Norrk\u00f6ping<\/em><\/h3>\n<p>23 oktober 2015<em><br \/>\n<strong>Ljusmanifestation<\/strong><\/em><br \/>\n<em> f\u00f6r att hedra offren i Trollh\u00e4ttan<\/em><br \/>\n<em> Arr: Ett Norrk\u00f6ping f\u00f6r alla\/Tillsammansskapet<\/em><\/p><\/blockquote>\n<p>L\u00c4NKAR<br \/>\nEtt Norrk\u00f6ping f\u00f6r alla <a href=\"https:\/\/www.facebook.com\/ettnorrkopingforalla\" target=\"_blank\">Facebook<\/a> <a href=\"https:\/\/www.facebook.com\/events\/790113577801052\/\">FB-evenemang<\/a><a href=\"https:\/\/www.facebook.com\/events\/790113577801052\/\" target=\"_blank\"><br \/>\n<\/a>Tillsammansskapet <a href=\"https:\/\/www.facebook.com\/Tillsammansskapet?fref=ts\" target=\"_blank\">Facebook<\/a><\/p>\n","protected":false},"excerpt":{"rendered":"<p>NORRK\u00d6PING Snart fylls Skvallertorget upp av elever fr\u00e5n Realgymnasiet, n\u00e5gra av dem har tagit med sig ljus. De verkar lite sk\u00e4rrade, vi pratar vidare och jag f\u00f6rs\u00f6ker tr\u00f6sta. Vi h\u00e5ller en tyst minut och eleverna l\u00e4mnar ljusen p\u00e5 torget en efter en.  <a class=\"continue-reading-link\" href=\"https:\/\/www.kultursidan.nu\/?p=22063\">L\u00e4s mer <span class=\"meta-nav\">&rarr; <\/span><\/a><\/p>\n","protected":false},"author":1001006,"featured_media":0,"comment_status":"closed","ping_status":"open","sticky":false,"template":"","format":"standard","meta":{"_jetpack_memberships_contains_paid_content":false,"footnotes":""},"categories":[7],"tags":[54],"class_list":["post-22063","post","type-post","status-publish","format-standard","hentry","category-norrkoping","tag-evenemang"],"jetpack_featured_media_url":"","jetpack_sharing_enabled":true,"_links":{"self":[{"href":"https:\/\/www.kultursidan.nu\/index.php?rest_route=\/wp\/v2\/posts\/22063","targetHints":{"allow":["GET"]}}],"collection":[{"href":"https:\/\/www.kultursidan.nu\/index.php?rest_route=\/wp\/v2\/posts"}],"about":[{"href":"https:\/\/www.kultursidan.nu\/index.php?rest_route=\/wp\/v2\/types\/post"}],"author":[{"embeddable":true,"href":"https:\/\/www.kultursidan.nu\/index.php?rest_route=\/wp\/v2\/users\/1001006"}],"replies":[{"embeddable":true,"href":"https:\/\/www.kultursidan.nu\/index.php?rest_route=%2Fwp%2Fv2%2Fcomments&post=22063"}],"version-history":[{"count":0,"href":"https:\/\/www.kultursidan.nu\/index.php?rest_route=\/wp\/v2\/posts\/22063\/revisions"}],"wp:attachment":[{"href":"https:\/\/www.kultursidan.nu\/index.php?rest_route=%2Fwp%2Fv2%2Fmedia&parent=22063"}],"wp:term":[{"taxonomy":"category","embeddable":true,"href":"https:\/\/www.kultursidan.nu\/index.php?rest_route=%2Fwp%2Fv2%2Fcategories&post=22063"},{"taxonomy":"post_tag","embeddable":true,"href":"https:\/\/www.kultursidan.nu\/index.php?rest_route=%2Fwp%2Fv2%2Ftags&post=22063"}],"curies":[{"name":"wp","href":"https:\/\/api.w.org\/{rel}","templated":true}]}}