{"id":22087,"date":"2015-10-24T17:50:50","date_gmt":"2015-10-24T16:50:50","guid":{"rendered":"https:\/\/intelligent-friend-7861.standoutwp.com\/?p=22087"},"modified":"2015-10-24T17:50:50","modified_gmt":"2015-10-24T16:50:50","slug":"se-mig-tonarstrubbel-i-uppkopplad-tid-recension","status":"publish","type":"post","link":"https:\/\/www.kultursidan.nu\/?p=22087","title":{"rendered":"Se mig \u2013 ton\u00e5rstrubbel i uppkopplad tid (recension)"},"content":{"rendered":"<p><a href=\"https:\/\/www.kultursidan.nu\/wp-content\/uploads\/2015\/10\/IMG_0682.jpg\"><img loading=\"lazy\" decoding=\"async\" class=\"alignnone size-medium wp-image-22088\" src=\"https:\/\/www.kultursidan.nu\/wp-content\/uploads\/2015\/10\/IMG_0682-567x378.jpg\" alt=\"Se mig\" width=\"567\" height=\"378\" srcset=\"https:\/\/www.kultursidan.nu\/wp-content\/uploads\/2015\/10\/IMG_0682-567x378.jpg 567w, https:\/\/www.kultursidan.nu\/wp-content\/uploads\/2015\/10\/IMG_0682-1024x682.jpg 1024w, https:\/\/www.kultursidan.nu\/wp-content\/uploads\/2015\/10\/IMG_0682-500x333.jpg 500w, https:\/\/www.kultursidan.nu\/wp-content\/uploads\/2015\/10\/IMG_0682-150x100.jpg 150w, https:\/\/www.kultursidan.nu\/wp-content\/uploads\/2015\/10\/IMG_0682.jpg 1280w\" sizes=\"auto, (max-width: 567px) 100vw, 567px\" \/><\/a><em><br \/>\nSe mig. Tv\u00e5 f\u00f6rtvivlade ungdomar i varsitt ton\u00e5rsrum i varsitt hus i varsitt bostadsomr\u00e5de. I rollerna Marcus Fyrberg och Eleonor Eriksson.<\/em><\/p>\n<p>&nbsp;<\/p>\n<h1><span style=\"color: #ff0000;\">&#8221;Vi vill ge dem ett konsekvenst\u00e4nk&#8221;<\/span><\/h1>\n<p>&nbsp;<\/p>\n<p><strong>Ton\u00e5ren \u00e4r en sv\u00e5r tid. Positionering, frig\u00f6relse och os\u00e4kerhet.<\/strong> Orden \u201dse mig\u201d \u00e4r centrala. <em>Se mig<\/em> \u00e4r ocks\u00e5 titeln p\u00e5 den f\u00f6rel\u00e4sningsmusikal som Marcus Fyrberg och Eleonor Eriksson skapat som de spelar f\u00f6r h\u00f6gstadiet. Det \u00e4r inte l\u00e4nge sedan de sj\u00e4lva var unga.<\/p>\n<p>Jag ser <em>Se mig<\/em> under ScenGalej, utbudsdagen i oktober. L\u00e4ngst fram sitter elever fr\u00e5n skolor i \u00d6sterg\u00f6tland, f\u00f6r till ScenGalej kommer b\u00e5de l\u00e4rare och elevrepresentanter. Jag ser hur de unga f\u00e5ngas av ber\u00e4ttelsen. Jag ser ocks\u00e5 hur n\u00e5gra \u00e4r s\u00e5 os\u00e4kra att de ideligen v\u00e4nder sig om f\u00f6r att kolla vad de kamrater som, antar jag, har h\u00f6gre status \u00e4n de sj\u00e4lva tycker. Ton\u00e5ren \u00e4r en sv\u00e5r tid.<\/p>\n<p>Marcus h\u00e4lsar v\u00e4lkommen och presenterar f\u00f6rest\u00e4llningen, f\u00f6rklarar att det \u00e4r okej att l\u00e4mna rummet n\u00e4r som helst. Det kommer att h\u00e4nda starka grejer, f\u00e5r publiken veta.<\/p>\n<p>&nbsp;<\/p>\n<p><a title=\"Se mig \u2013 Eleonor Eriksson\" href=\"https:\/\/www.flickr.com\/photos\/kultursidan\/22424579552\/in\/album-72157660279091411\/\"><img loading=\"lazy\" decoding=\"async\" src=\"https:\/\/farm1.staticflickr.com\/697\/22424579552_0ce413225c.jpg\" alt=\"Se mig \u2013 Eleonor Eriksson\" width=\"323\" height=\"500\" \/><\/a><br \/>\n<em>Selfie \u00e4r en sv\u00e5r konst. Stella (Eleonor Eriksson) testar innan hon blir n\u00f6jd.<\/em><\/p>\n<p>&nbsp;<\/p>\n<p><strong>Det g\u00f6r det, h\u00e4nder starka grejer.<\/strong> Intrigen \u00e4r som en novell som v\u00e4xlar mellan tv\u00e5 huvudpersoner. Stoffe \u00e4r killen som alltmer vantrivs i sin intagna h\u00f6gstatusposition, ett intressant grepp. \u00c4n v\u00e4rre \u00e4r det f\u00f6r Stella vars hela tillvaro kretsar kring utseendefixering och \u201dlikes\u201d, den h\u00e4r dagen stannar hon hemma fr\u00e5n skolan n\u00e4r kl\u00e4derna inte k\u00e4nns perfekta. S\u00e5 intr\u00e4ffar katastrofen, ett steg i taget. \u201dV\u00e4ninnan\u201d p\u00e5 chatten \u00e4r inte den hon ger sig ut f\u00f6r att vara. Stoffe drivs av grupptrycket att g\u00f6ra n\u00e5got han egentligen inte vill \u2013 <em>Du j\u00e4vla fula kossa. G\u00e5 och d\u00f6!<\/em> skriver han n\u00e4tet.<\/p>\n<p>V\u00e4xlingarna mellan h\u00f6ger och v\u00e4nster scenhalva \u2013 tv\u00e5 f\u00f6rtvivlade ungdomar i varsitt ton\u00e5rsrum i varsitt hus i varsitt bostadsomr\u00e5de \u2013 l\u00f6ser tidsf\u00f6rloppet p\u00e5 ett elegant s\u00e4tt.<\/p>\n<p><strong>Musikal \u00e4r det ocks\u00e5, f\u00f6r att ge st\u00e4mning och f\u00f6rdjupa ber\u00e4ttelsen.<\/strong> \u201dIdag \u00e4r en helt vanlig dag, k\u00e4nns som om den kan bli bra\u201d, de sjunger var f\u00f6r sig och \u2013 utan att rollkarakt\u00e4rerna vet om det \u2013 \u00e4ven i duett.<\/p>\n<p>B\u00e5da har fina r\u00f6ster med brett spektrum. Eleonor Eriksson, som har en karri\u00e4r som s\u00e5ngerska, \u00e4r kanske den som \u00e4r b\u00e4st p\u00e5 att f\u00f6rmedla k\u00e4nslorna. Det blir fler l\u00e5tar, texterna har de skrivit sj\u00e4lva medan melodierna \u00e4r l\u00e5nade fr\u00e5n k\u00e4nda l\u00e5tar i ungdomars samtid.<\/p>\n<p><strong>En annan komponent \u00e4r de inspelade r\u00f6sterna som h\u00f6rs d\u00e5 och d\u00e5 i f\u00f6rest\u00e4llningen,<\/strong> som Stellas v\u00e4ninna Sara, Stoffes kompisar och s\u00e4rskilt den str\u00e4va och varma r\u00f6st som h\u00f6r till Stellas mamma.<\/p>\n<p>Teater som riktar sig mot ungdomar har varit probleminriktad mot \u201dtypiska\u201d ton\u00e5rsproblem s\u00e5 l\u00e4nge jag kan minnas. Fria teatergrupper har spelat om mobbning, olycklig k\u00e4rlek och inte minst haft en viss f\u00f6rk\u00e4rlek f\u00f6r killar p\u00e5 glid. <em>Se mig<\/em> faller in i ledet men g\u00f6r det med en stark k\u00e4nsla f\u00f6r det som sker h\u00e4r och nu. Jag uppt\u00e4cker, om jag inte gjort det tidigare, att det \u00e4r sv\u00e5rare att vara ung i dag.<\/p>\n<p>&nbsp;<\/p>\n<p><a title=\"Se mig, Marcus Fyrberg o Eleonor Eriksson\" href=\"https:\/\/www.flickr.com\/photos\/kultursidan\/21815111464\/in\/album-72157660279091411\/\"><img loading=\"lazy\" decoding=\"async\" src=\"https:\/\/farm1.staticflickr.com\/683\/21815111464_71ca67371d.jpg\" alt=\"Se mig, Marcus Fyrberg o Eleonor Eriksson\" width=\"500\" height=\"333\" \/><\/a><br \/>\n<em>Musikalartister som vill ber\u00e4tta n\u00e5got viktigt. Marcus Fyrberg och Eleonor Eriksson.<\/em><\/p>\n<p>&nbsp;<\/p>\n<p><strong>N\u00e5gra veckor innan premi\u00e4ren tr\u00e4ffar jag musikalartisterna Marcus Fyrberg och Eleonor Eriksson medan de repeterar <em>Se mig<\/em>. <\/strong>De har hittat tillbaka till kamratskapet fr\u00e5n Arbis d\u00e4r de tr\u00e4ffades f\u00f6rsta g\u00e5ngen n\u00e4r Marcus var 14 \u00e5r och Eleonor 17 \u00e5r. Sju \u00e5r har gett dem erfarenhet men de k\u00e4nner sig fortfarande unga, skillnaden mellan den v\u00e4rld de v\u00e4xte upp i och den de spelar \u00e4r inte j\u00e4ttestor.<\/p>\n<p>\u2013 F\u00f6rr i tiden kunde den som var mobbad \u00e4nd\u00e5 ha det lugnt hemma eller \u00e4gna sig \u00e5t sina fritidsintressen, men idag \u00e4r alla uppkopplade hela tiden, p\u00e5pekar dock Marcus.<\/p>\n<p><strong>Med <em>Se mig<\/em> vill de tv\u00e5 akt\u00f6rerna f\u00f6rbereda sin unga publik f\u00f6r f\u00f6rsta steget in i vuxenlivet.<\/strong> Det \u00e4r inte s\u00e5 l\u00e4nge sedan de sj\u00e4lva var i ton\u00e5ren menar de, och minns hur sv\u00e5rt det kunde vara ibland \u00e4ven om de nu varit noga med att inte spela sig sj\u00e4lva.<\/p>\n<p>\u2013 Det \u00e4r \u00e4mnen som ber\u00f6r ungdomar i den \u00e5ldern, n\u00e4r man kan k\u00e4nna sig vilsen. Det \u00e4r grupptryck, sociala medier, utanf\u00f6rskap, beskriver Eleonor Eriksson.<\/p>\n<p>\u2013 Vi vill ge dem ett konsekvenst\u00e4nk. Det \u00e4r en v\u00e4ldig brist p\u00e5 det, det \u00e4r s\u00e5 l\u00e4tt att sl\u00e4nga ur sig n\u00e5got dumt, s\u00e4ger Eleonor och till\u00e4gger att de vill ge publiken m\u00f6jlighet att k\u00e4nna igen sig.<\/p>\n<p>&nbsp;<\/p>\n<p><a title=\"Se mig \u2013 Marcus Fyrberg\" href=\"https:\/\/www.flickr.com\/photos\/kultursidan\/22251028219\/in\/album-72157660279091411\/\"><img loading=\"lazy\" decoding=\"async\" src=\"https:\/\/farm1.staticflickr.com\/641\/22251028219_d32d73c8ca.jpg\" alt=\"Se mig \u2013 Marcus Fyrberg\" width=\"500\" height=\"333\" \/><\/a><br \/>\n<em>\u2013 Svara, sn\u00e4lla du. Svara! Stoffe (Marcus Fyrberg) vill st\u00e4lla saker tillr\u00e4tta.<\/em><\/p>\n<p>&nbsp;<\/p>\n<p><strong>Tillbaka till f\u00f6rest\u00e4llningen som slutar i bottenl\u00e4ge. <\/strong>Nej, helt slut \u00e4r det inte. Marcus och Eleonor tar det vidare och inkluderar publiken.<\/p>\n<p>\u2013 Det r\u00e4cker inte med att se. Vad k\u00e4nner ni efter att ha sett det h\u00e4r, fr\u00e5gar de publiken och till\u00e4gger: Ni beh\u00f6ver inte svara h\u00f6gt, bara t\u00e4nka efter sj\u00e4lva.<\/p>\n<p>Fr\u00e5gorna de st\u00e4ller \u00e4r f\u00e5 men nog s\u00e5 viktiga. \u201dHur tror ni att detta slutar?\u201d handlar om att h\u00e4r och nu skapa en beredskap f\u00f6r att agera r\u00e4tt n\u00e4r det kommer till verkligheten.<\/p>\n<p><strong>Efter f\u00f6rest\u00e4llningen f\u00f6resl\u00e5r en annan vuxen \u00e5sk\u00e5dare att f\u00f6rest\u00e4llningen inte bara visas f\u00f6r h\u00f6gstadieklasser utan \u00e4ven vid f\u00f6r\u00e4ldram\u00f6ten.<\/strong> Ett s\u00e5 bra f\u00f6rslag att jag \u00f6nskar jag kommit p\u00e5 det sj\u00e4lv!<\/p>\n<p><em>Text och foto: Ann-Charlotte Sandelin<\/em><\/p>\n<p>BILDSPEL (FLASH) \u2013 KLICKA P\u00c5 BILDEN <em><br \/>\nALT\/MOBIL: SE BILDSPELET <a title=\"Bildspel\" href=\"https:\/\/www.flickr.com\/photos\/kultursidan\/sets\/72157660279091411\/show\/\" target=\"_blank\">H\u00c4R<\/a><\/em><br \/>\n<object width=\"400\" height=\"300\"><param name=\"flashvars\" value=\"offsite=true&amp;lang=en-us&amp;page_show_url=%2Fphotos%2Fkultursidan%2Fsets%2F72157660279091411%2Fshow%2F&amp;page_show_back_url=%2Fphotos%2Fkultursidan%2Fsets%2F72157660279091411%2F&amp;set_id=72157660279091411&amp;jump_to=\" \/><param name=\"movie\" value=\"https:\/\/www.flickr.com\/apps\/slideshow\/show.swf?v=1811922554\" \/><param name=\"allowFullScreen\" value=\"true\" \/><\/object><\/p>\n<blockquote>\n<h3><em>NORRK\u00d6PING<\/em><\/h3>\n<p>H\u00f6sten 2015 \u2013 v\u00e5ren 2016<em><br \/>\n<strong>Se mig<\/strong><\/em><br \/>\n<em> F\u00f6rel\u00e4sningsmusikal f\u00f6r \u00e5k 7\u20139<\/em><br \/>\n<em> Av och med Marcus Fyrberg och Eleonor Eriksson<\/em><br \/>\n<em> Fondm\u00e5lning: Elena Petersson<\/em><\/p><\/blockquote>\n<p>L\u00c4NKAR<br \/>\nEleonor Eriksson <a href=\"http:\/\/www.eleonoreriksson.se\/sidor\/\" target=\"_blank\">hemsida <\/a><br \/>\nEn vacker dag med unga r\u00f6ster f\u00f6r \u00e4ldre <a href=\"https:\/\/www.kultursidan.nu\/?p=20574\" target=\"_blank\">recension<\/a> Kultursidan.nu 9\/7 2015<br \/>\nMaja och Alva ska g\u00f6ra sommaren vacker <a href=\"https:\/\/www.kultursidan.nu\/?p=20530\" target=\"_blank\">reportage<\/a> Kultursidan.nu 7\/7 2015<br \/>\nH\u00f6g energi i T\u00e4nk om jag gifter mig med\u2026 <a href=\"https:\/\/www.kultursidan.nu\/?p=20492\" target=\"_blank\">recension<\/a>\u00a0Kultursidan.nu 4\/7 2015<br \/>\nGideon Wahlberg till Kn\u00e4ppingsborg <a href=\"https:\/\/www.kultursidan.nu\/?p=19446\" target=\"_blank\">reportage<\/a> Kultursidan.nu 13\/4 2015<\/p>\n<p><a href=\"http:\/\/www.eleonoreriksson.se\/sidor\/\" target=\"_blank\">\u00a0<\/a><\/p>\n","protected":false},"excerpt":{"rendered":"<p>NORRK\u00d6PING Ton\u00e5ren \u00e4r en sv\u00e5r tid. Positionering, frig\u00f6relse och os\u00e4kerhet. Med Stella och Stoffe f\u00e5ngar klassrumsmusikalen Se mig in n\u00e5gra av de problem som unga m\u00f6ter i dag. En f\u00f6rest\u00e4llning som hellre \u00f6ppnar f\u00f6r fr\u00e5gor \u00e4n ger svar. <a class=\"continue-reading-link\" href=\"https:\/\/www.kultursidan.nu\/?p=22087\">L\u00e4s mer <span class=\"meta-nav\">&rarr; <\/span><\/a><\/p>\n","protected":false},"author":1001006,"featured_media":0,"comment_status":"closed","ping_status":"open","sticky":false,"template":"","format":"standard","meta":{"_jetpack_memberships_contains_paid_content":false,"footnotes":""},"categories":[7],"tags":[37,31,12],"class_list":["post-22087","post","type-post","status-publish","format-standard","hentry","category-norrkoping","tag-barnkultur","tag-musikal","tag-teater"],"jetpack_featured_media_url":"","jetpack_sharing_enabled":true,"_links":{"self":[{"href":"https:\/\/www.kultursidan.nu\/index.php?rest_route=\/wp\/v2\/posts\/22087","targetHints":{"allow":["GET"]}}],"collection":[{"href":"https:\/\/www.kultursidan.nu\/index.php?rest_route=\/wp\/v2\/posts"}],"about":[{"href":"https:\/\/www.kultursidan.nu\/index.php?rest_route=\/wp\/v2\/types\/post"}],"author":[{"embeddable":true,"href":"https:\/\/www.kultursidan.nu\/index.php?rest_route=\/wp\/v2\/users\/1001006"}],"replies":[{"embeddable":true,"href":"https:\/\/www.kultursidan.nu\/index.php?rest_route=%2Fwp%2Fv2%2Fcomments&post=22087"}],"version-history":[{"count":0,"href":"https:\/\/www.kultursidan.nu\/index.php?rest_route=\/wp\/v2\/posts\/22087\/revisions"}],"wp:attachment":[{"href":"https:\/\/www.kultursidan.nu\/index.php?rest_route=%2Fwp%2Fv2%2Fmedia&parent=22087"}],"wp:term":[{"taxonomy":"category","embeddable":true,"href":"https:\/\/www.kultursidan.nu\/index.php?rest_route=%2Fwp%2Fv2%2Fcategories&post=22087"},{"taxonomy":"post_tag","embeddable":true,"href":"https:\/\/www.kultursidan.nu\/index.php?rest_route=%2Fwp%2Fv2%2Ftags&post=22087"}],"curies":[{"name":"wp","href":"https:\/\/api.w.org\/{rel}","templated":true}]}}