{"id":22330,"date":"2015-11-08T14:06:18","date_gmt":"2015-11-08T13:06:18","guid":{"rendered":"https:\/\/intelligent-friend-7861.standoutwp.com\/?p=22330"},"modified":"2015-11-08T14:06:18","modified_gmt":"2015-11-08T13:06:18","slug":"gott-blandat-i-sons-onskekonsert-recension","status":"publish","type":"post","link":"https:\/\/www.kultursidan.nu\/?p=22330","title":{"rendered":"Gott &#038; blandat i SON:s \u00d6nskekonsert (recension)"},"content":{"rendered":"<p><a href=\"https:\/\/www.kultursidan.nu\/wp-content\/uploads\/2015\/11\/IMG_2253.jpg\"><img loading=\"lazy\" decoding=\"async\" class=\"alignnone size-medium wp-image-22331\" src=\"https:\/\/www.kultursidan.nu\/wp-content\/uploads\/2015\/11\/IMG_2253-567x378.jpg\" alt=\"Anders Ekborg och Susanna Andersson\" width=\"567\" height=\"378\" srcset=\"https:\/\/www.kultursidan.nu\/wp-content\/uploads\/2015\/11\/IMG_2253-567x378.jpg 567w, https:\/\/www.kultursidan.nu\/wp-content\/uploads\/2015\/11\/IMG_2253-1024x682.jpg 1024w, https:\/\/www.kultursidan.nu\/wp-content\/uploads\/2015\/11\/IMG_2253-500x333.jpg 500w, https:\/\/www.kultursidan.nu\/wp-content\/uploads\/2015\/11\/IMG_2253-150x100.jpg 150w, https:\/\/www.kultursidan.nu\/wp-content\/uploads\/2015\/11\/IMG_2253.jpg 1280w\" sizes=\"auto, (max-width: 567px) 100vw, 567px\" \/><\/a><br \/>\n<em>\u00d6nskeartister. Anders Ekborg och Susanna Andersson m\u00f6ttes till slut i duetten You and I ur Chess.<\/em><\/p>\n<p>&nbsp;<\/p>\n<h1><span style=\"color: #ff0000;\">En av den svenska musikskattens p\u00e4rlor<\/span><\/h1>\n<p>&nbsp;<\/p>\n<p><strong>Hundratals \u00f6nskningar blev en riktig musikfest med Norrk\u00f6pings symfoniorkester p\u00e5 l\u00f6rdagseftermiddagen. <\/strong>\u00d6nskeartisten Anders Ekborg sj\u00f6ng mest ur Chess men kn\u00f6t ocks\u00e5 an till Dr Jekyll &amp; Mr Hyde. Sopranen Susanna Andersson har en fantastisk r\u00f6st och h\u00e4rligt utspel.<\/p>\n<p>G\u00f6r Mozarts <em>Klarinettkonsert<\/em> livet l\u00e4ttare att leva?, en fr\u00e5ga SON:s egen Lars Paulsson gjorde sitt b\u00e4sta att f\u00f6rs\u00f6ka besvara. Allt lett med entusiasm av dirigenten Christoffer Nobin som till slut avsl\u00f6jade sig som IFK-fan.<\/p>\n<p><strong>Under n\u00e5gra \u00e5r under 2000-talets f\u00f6rsta decennium anordnade Norrk\u00f6pings Symfoniorkester \u00d6nskekonserter i samarbete med Norrk\u00f6pings Tidningar.<\/strong> De var mycket popul\u00e4ra och folk presenterade allehanda musikval i sina \u00f6nskningar. Man hade ocks\u00e5 g\u00e4startister \u2013 som exempel kan n\u00e4mnas Helen Sj\u00f6holm som var med 2005 eller Sanna Nielsen och Sven-Bertil Taube som var med 2007.<\/p>\n<p>Nu har NT tagit initiativet till att \u00e5ter ta upp detta popul\u00e4ra evenemang. Det \u00e4r tydligt att norrk\u00f6pingsborna har l\u00e4ngtat efter denna festlighet och sedan symfoniorkesterns h\u00f6stupptakt i Vasaparken i augusti har folk kunnat l\u00e4mna in sina \u00f6nskningar. Hundratals \u00f6nskem\u00e5l har kommit in.<\/p>\n<p>&nbsp;<\/p>\n<p><a title=\"Anders Ekborg\" href=\"https:\/\/www.flickr.com\/photos\/kultursidan\/22843654256\/in\/album-72157658642426073\/\"><img loading=\"lazy\" decoding=\"async\" src=\"https:\/\/farm1.staticflickr.com\/722\/22843654256_2368214de8.jpg\" alt=\"Anders Ekborg\" width=\"500\" height=\"333\" \/><\/a><br \/>\n<em>P\u00e5 plats. Anders Ekborg inledde f\u00f6r sin del med Where I Want To Be ur Chess.<\/em><\/p>\n<p>&nbsp;<\/p>\n<p><strong>Det blir en h\u00e4rlig blandning n\u00e4r publiken f\u00e5r best\u00e4mma vilken repertoar som ska framf\u00f6ras.<\/strong> Det blir helt enkelt en p\u00e5se Gott &amp; blandat: Popul\u00e4rmusik, operaarior, mycket musikal- och orkesterstycken, noga sammansatt och framf\u00f6rt av en orkester i v\u00e4rldsklass. F\u00f6r kv\u00e4llen leds orkestern av dirigenten Christoffer Nobin.<\/p>\n<p>Hela anr\u00e4ttningen skulle ha presenterats av NT:s n\u00f6jesreporter, Sandra Wall, men hon hade \u00e5kt p\u00e5 n\u00e5gon illasinnad bacill varf\u00f6r i st\u00e4llet Richard Michelin \u2013 till vardags violinist i orkestern \u2013 tog \u00f6ver rollen som eftermiddagens presentat\u00f6r. Han gjorde det med den \u00e4ran. \u00c5rets s\u00e5ngsolister var Anders Ekborg och Susanna Andersson. Den sistn\u00e4mnda var en ny bekantskap f\u00f6r mig, men en mycket trevlig s\u00e5dan.<\/p>\n<p><strong>Men l\u00e5t oss ta det fr\u00e5n b\u00f6rjan.<\/strong> Festen inleds pampigt med <em>Star Wars Suite<\/em> av John Williams och d\u00e4refter f\u00e5r vi sk\u00f6ns\u00e5ng av Anders Ekborg i en l\u00e5t ur Chess <em>Where I want to be. Ungersk dans nr 5<\/em> av Brahms f\u00f6ljer d\u00e4rp\u00e5. Vi f\u00e5r veta att Brahms skrev 14 ungerska danser och arrangerade 3 sj\u00e4lv. Den h\u00e4r \u00e4r den mest popul\u00e4ra.<\/p>\n<p>S\u00e5 kommer den nya bekantskapen Susanna Andersson, just nu aktuell p\u00e5 Folkoperan, och sjunger Puccinis <em>Oh, mio babbino caro <\/em>och oj\u2026 Hon har ju en fantastisk r\u00f6st! Och jag \u00e4r inte ensam om att tycka det h\u00f6r jag att d\u00f6ma av viskande r\u00f6ster omkring mig.<\/p>\n<p><em>Hebriderna <\/em>av Mendelssohn \u00e4r delvis pampig och vild, delvis \u00f6desm\u00e4ttad och vacker. Detta stycke hade jag inte h\u00f6rt tidigare, men jag blev nyfiken av vad jag h\u00f6rde och vill g\u00e4rna lyssna p\u00e5 mer.<\/p>\n<p>&nbsp;<\/p>\n<p><a title=\"Lars Paulsson, klarinettsolist i Mozart\" href=\"https:\/\/www.flickr.com\/photos\/kultursidan\/22248497153\/in\/album-72157658642426073\/\"><img loading=\"lazy\" decoding=\"async\" src=\"https:\/\/farm1.staticflickr.com\/612\/22248497153_ba156b164b.jpg\" alt=\"Lars Paulsson, klarinettsolist i Mozart\" width=\"500\" height=\"333\" \/><\/a><br \/>\n<em>F\u00f6r att g\u00f6ra livet l\u00e4ttare att leva. SON:s klarinettist Lars Paulsson gjorde sitt yttersta f\u00f6r att uppfylla \u00f6nskem\u00e5let om Mozarts Klarinettkonsert.<\/em><\/p>\n<p>&nbsp;<\/p>\n<p><strong>Klarinettisten Lars Paulsson, till vardags i SON:s klarinettst\u00e4mma, \u00e4ntrar scenen f\u00f6r att spela Mozart.<\/strong> Den oerh\u00f6rt vackra <em>Klarinettkonsert, sats nr 2 adagio. <\/em>Personen som \u00f6nskat att denna skall framf\u00f6ras har gjort det med motiveringen att \u201ddetta \u00e4r musik som g\u00f6r livet l\u00e4ttare att leva\u201d. Det \u00e4r s\u00e5 sant som det \u00e4r sagt. S\u00e5 oerh\u00f6rt vackert!<\/p>\n<p>Anders Ekborg stod p\u00e5 \u00d6stg\u00f6tateaterns scen i Dr Jekyll &amp; Mr Hyde 1999. Nu kom han tillbaka i <em>This Is The Moment<\/em> \u2013 sj\u00e4lva f\u00f6rvandlings\u00f6gonblicket.<\/p>\n<p>Rossini skrev 39 operor, sen slutade han tv\u00e4rt med musiken och b\u00f6rjade med matlagning i st\u00e4llet. Det h\u00f6ll han p\u00e5 med till han dog 78 \u00e5r gammal. Detta \u00e4r inte min kunskap, utan det \u00e4r s\u00e5dant som Richard Michelin ber\u00e4ttar f\u00f6r oss innan <em>Uvertyren<\/em> till Wilhelm Tell f\u00e5r avsluta den f\u00f6rsta delen Man riktigt ser f\u00f6r sig h\u00e4starna som i flygande fl\u00e4ng galopperar \u00f6ver gr\u00f6na f\u00e4lt. H\u00e4rligt!<\/p>\n<p><strong>Om den f\u00f6rsta delen slutade pampigt, s\u00e5 b\u00f6rjar den andra minst lika pampigt med <em>Sabeldans<\/em> ur Gajane av Aram Chatjaturjan. <\/strong>D\u00e4refter g\u00f6r Anders Ekborg sin version av vackra <em>Gabriellas s\u00e5ng<\/em> skriven av Stefan Nilsson. Detta blir kv\u00e4llens f\u00f6rsta \u201dfrys\u00f6gonblick\u201d \u00e4ven om jag n\u00e5got lite saknar k\u00f6r i sammanhanget. Jag t\u00e4nker att detta \u00e4r ocks\u00e5 musik som g\u00f6r livet l\u00e4ttare att leva.<\/p>\n<p>S\u00e5 blir det od\u00f6dlig musik av Lars-Erik Larsson, n\u00e4mligen <em>Romans <\/em>ur hans Pastoralsvit, en av den svenska musikskattens p\u00e4rlor. Den \u00e4r skriven i tre delar och vi f\u00e5r veta att den f\u00f6rsta delen \u00e4r inspirerad av en dikt av Verner von Heidenstam, den andra \u2013 den som vi f\u00e5r h\u00f6ra \u2013 av dikten \u201dSiesta\u201d av Oscar Levertin d\u00e4r man bland annat kan l\u00e4sa \u201dnu \u00e4r dagen \u00f6vervunnen, liksom slagna k\u00e4mpar stupa tvivel, hopp och tro\u201d. Den tredje delen \u00e4r inspirerad av en dikt av Karin Hede.<\/p>\n<p>&nbsp;<\/p>\n<p><a title=\"Susanna Andersson\" href=\"https:\/\/www.flickr.com\/photos\/kultursidan\/22681652430\/in\/album-72157658642426073\/\"><img loading=\"lazy\" decoding=\"async\" src=\"https:\/\/farm1.staticflickr.com\/613\/22681652430_c306579094.jpg\" alt=\"Susanna Andersson\" width=\"333\" height=\"500\" \/><\/a><br \/>\n<em>Glittrande glad. Susanne Andersson sjunger med gl\u00e4nsande smycken och glimten i \u00f6gat.<\/em><\/p>\n<p>&nbsp;<\/p>\n<p><strong>Efter denna lilla utvikning kommer \u00d6stersundsf\u00f6dda Susanne Andersson upp p\u00e5 scenen p\u00e5 nytt.<\/strong> Denna g\u00e5ng f\u00f6r att sjunga <em>Glitter and be gay<\/em> ur Candide. Hon sjunger den s\u00e5 oeh\u00f6rt bra med glimten i \u00f6gat och med en r\u00f6st som\u2026 \u00e5h s\u00e5 fantastiskt.<\/p>\n<p>Beatles-overtyren som skall f\u00f6lja sedan blir endast lite <em>She Loves You, <\/em>och Richard Michelin blir lite \u00f6verraskad \u00f6ver att det tar slut s\u00e5 abrupt, men det g\u00f6r ingenting f\u00f6r snart blir det mer musikalmusik ur Chess. Duetten <em>You and I<\/em> med de b\u00e5da g\u00e4startisterna och <em>Anthem<\/em> som Anders Ekborg framf\u00f6r N\u00c4STAN lika bra som Tommy K\u00f6rberg brukar g\u00f6ra det. H\u00e4r kommer mitt frys\u00f6gonblick nummer tv\u00e5.<\/p>\n<p>S\u00e5 avslutas hela festtillst\u00e4llningen med Ravels <em>Bolero.<\/em> Och vilket slut, det kunde inte vara b\u00e4ttre. Instrument f\u00f6r instrument f\u00e5r ta ton tills allt n\u00e5r ett h\u00e4rligt crescendo.<\/p>\n<p>&nbsp;<\/p>\n<p><a title=\"Christoffer Nobin i IFK-mundering\" href=\"https:\/\/www.flickr.com\/photos\/kultursidan\/22681914430\/in\/album-72157658642426073\/\"><img loading=\"lazy\" decoding=\"async\" src=\"https:\/\/farm6.staticflickr.com\/5650\/22681914430_58b20da6b9.jpg\" alt=\"Christoffer Nobin i IFK-mundering\" width=\"500\" height=\"333\" \/><\/a><br \/>\n<em>H\u00e4rliga IFK! Christoffer Nobin svidade snabbt om till guldlagets mundering. <\/em><\/p>\n<p>&nbsp;<\/p>\n<p><strong>Publiken vill ha mer, och jublet vet inga gr\u00e4nser n\u00e4r dirigenten Christoffer Nobin kommer in med IFK-tr\u00f6ja och halsduk om halsen och orkestern spelar <em>H\u00e4rliga IFK<\/em>!<\/strong> S\u00e5 avslutas verkligen det hela med att Susanne Andersson och Anders Ekborg sjunger <em>Time to say goodbye<\/em> och h\u00e4r f\u00e5r jag frys\u00f6gonblick nr tre.<\/p>\n<p>Det \u00e4r en m\u00e4ktig \u00f6nskemusikeftermiddag. F\u00f6rv\u00e4ntningarna har infriats. Det \u00e4r en leende publik som g\u00e5r ut i novemberaftonen. Hoppas festen kommer tillbaka!<\/p>\n<p><em>Text: <\/em><em>Eva Lindblad<\/em><br \/>\n<em>Foto: Ann-Charlotte Sandelin<\/em><\/p>\n<p>BILDSPEL (FLASH) \u2013 KLICKA P\u00c5 BILDEN <em><br \/>\nALT\/MOBIL: SE BILDSPELET <a title=\"Bildspel\" href=\"https:\/\/www.flickr.com\/photos\/kultursidan\/sets\/72157658642426073\/show\/\" target=\"_blank\">H\u00c4R<\/a><\/em><br \/>\n<object width=\"400\" height=\"300\"><param name=\"flashvars\" value=\"offsite=true&amp;lang=en-us&amp;page_show_url=%2Fphotos%2Fkultursidan%2Fsets%2F72157658642426073%2Fshow%2F&amp;page_show_back_url=%2Fphotos%2Fkultursidan%2Fsets%2F72157658642426073%2F&amp;set_id=72157658642426073&amp;jump_to=\" \/><param name=\"movie\" value=\"https:\/\/www.flickr.com\/apps\/slideshow\/show.swf?v=1811922554\" \/><param name=\"allowFullScreen\" value=\"true\" \/><\/object><\/p>\n<blockquote>\n<h3><em>DE GEERHALLEN Norrk\u00f6ping<\/em><\/h3>\n<p>7 november 2015<em><br \/>\n<strong>\u00d6nskekonsert<br \/>\n<\/strong>Norrk\u00f6pings Symfoniorkester<\/em><br \/>\n<em> Dirigent: Christoffer Nobin<\/em><br \/>\n<em> Konsertm\u00e4stare: Paul Waltman<\/em><br \/>\n<em> Presentat\u00f6r: Richard Michelin<\/em><br \/>\n<em> Solister: Susanna Andersson, s\u00e5ng, Anders Ekborg, s\u00e5ng, och Lars Paulsson, klarinett<br \/>\nPublik: Absolut fullsatt<br \/>\nARR: SON och NT<br \/>\n<\/em><\/p>\n<p style=\"padding-left: 30px;\"><em>PROGRAM<\/em><br \/>\n<em> Williams \u2013 Star Wars Suite<\/em><br \/>\n<em> Andersson &amp; Ulvaeus (Arr: Eljas) \u2013 Where I Want To Be ur Chess<\/em><br \/>\n<em> Brahms \u2013 Ungersk dans nr 5<\/em><br \/>\n<em> Puccini \u2013 Oh, mio babbino caro ur Gianni Schicchi<\/em><br \/>\n<em> Mendelssohn-Bartholdy \u2013 Hebriderna, konsertuvertyr<\/em><br \/>\n<em> Mozart \u2013 Klarinettkonsert, sats nr 2 Adagio<\/em><br \/>\n<em> Wildhorn \u2013 This Is The Moment ur Dr Jekyll och Mr Hyde<\/em><br \/>\n<em> Rossini \u2013 Wilhelm Tell, uvertyr<\/em><\/p>\n<p style=\"padding-left: 30px;\"><em>Chatjaturjan \u2013 Sabeldans ur Gajane<\/em><br \/>\n<em> Nilsson (Arr: Helge) \u2013 Gabriellas s\u00e5ng<\/em><br \/>\n<em> Larsson \u2013 Romans u Pastoralsvit<\/em><br \/>\n<em> Bernstein \u2013 Glitter And Be Gay ur Candide<\/em><br \/>\n<em> Lennon \/ McCartney \/ K J Ankarblom \u2013 Beatler Overture<\/em><br \/>\n<em> Andersson &amp; Ulvaeus (Arr: Eljas) \u2013 You and I ur Chess<\/em><br \/>\n<em> Andersson &amp; Ulvaeus (Arr: Eljas) \u2013 Anthem ur Chess<\/em><br \/>\n<em> Ravel \u2013 Bolero<\/em><\/p>\n<p style=\"padding-left: 30px;\"><em>Extranummer: H\u00e4rliga IFK, Time to say goodbye<\/em><\/p>\n<\/blockquote>\n<p>L\u00c4NKAR<br \/>\nNorrk\u00f6pings symfoniorkester <a href=\"http:\/\/www.norrkopingssymfoniorkester.se\" target=\"_blank\">hemsida<\/a> <a href=\"https:\/\/www.facebook.com\/norrkoping.symphony?fref=ts\" target=\"_blank\">Facebook<\/a><\/p>\n","protected":false},"excerpt":{"rendered":"<p>NORRK\u00d6PING Hundratals \u00f6nskningar blev en riktig musikfest. \u00d6nskeartister var Anders Ekborg och Susanna Andersson. Klarinettist Lars Paulsson gjorde sitt b\u00e4sta att g\u00f6ra livet l\u00e4ttare. Till sist en hyllning till IFK. <a class=\"continue-reading-link\" href=\"https:\/\/www.kultursidan.nu\/?p=22330\">L\u00e4s mer <span class=\"meta-nav\">&rarr; <\/span><\/a><\/p>\n","protected":false},"author":1001006,"featured_media":0,"comment_status":"closed","ping_status":"open","sticky":false,"template":"","format":"standard","meta":{"_jetpack_memberships_contains_paid_content":false,"footnotes":""},"categories":[7],"tags":[13],"class_list":["post-22330","post","type-post","status-publish","format-standard","hentry","category-norrkoping","tag-musik"],"jetpack_featured_media_url":"","jetpack_sharing_enabled":true,"_links":{"self":[{"href":"https:\/\/www.kultursidan.nu\/index.php?rest_route=\/wp\/v2\/posts\/22330","targetHints":{"allow":["GET"]}}],"collection":[{"href":"https:\/\/www.kultursidan.nu\/index.php?rest_route=\/wp\/v2\/posts"}],"about":[{"href":"https:\/\/www.kultursidan.nu\/index.php?rest_route=\/wp\/v2\/types\/post"}],"author":[{"embeddable":true,"href":"https:\/\/www.kultursidan.nu\/index.php?rest_route=\/wp\/v2\/users\/1001006"}],"replies":[{"embeddable":true,"href":"https:\/\/www.kultursidan.nu\/index.php?rest_route=%2Fwp%2Fv2%2Fcomments&post=22330"}],"version-history":[{"count":0,"href":"https:\/\/www.kultursidan.nu\/index.php?rest_route=\/wp\/v2\/posts\/22330\/revisions"}],"wp:attachment":[{"href":"https:\/\/www.kultursidan.nu\/index.php?rest_route=%2Fwp%2Fv2%2Fmedia&parent=22330"}],"wp:term":[{"taxonomy":"category","embeddable":true,"href":"https:\/\/www.kultursidan.nu\/index.php?rest_route=%2Fwp%2Fv2%2Fcategories&post=22330"},{"taxonomy":"post_tag","embeddable":true,"href":"https:\/\/www.kultursidan.nu\/index.php?rest_route=%2Fwp%2Fv2%2Ftags&post=22330"}],"curies":[{"name":"wp","href":"https:\/\/api.w.org\/{rel}","templated":true}]}}