{"id":22368,"date":"2015-11-10T17:56:29","date_gmt":"2015-11-10T16:56:29","guid":{"rendered":"https:\/\/intelligent-friend-7861.standoutwp.com\/?p=22368"},"modified":"2015-11-11T15:16:51","modified_gmt":"2015-11-11T14:16:51","slug":"arkiven-oppnar-alla-portar-pa-lordag","status":"publish","type":"post","link":"https:\/\/www.kultursidan.nu\/?p=22368","title":{"rendered":"Arkiven \u00f6ppnar alla portar p\u00e5 l\u00f6rdag"},"content":{"rendered":"<p><a href=\"https:\/\/www.kultursidan.nu\/wp-content\/uploads\/2015\/11\/2-Frstamajdemonstration-i-Finspng.jpg\"><img loading=\"lazy\" decoding=\"async\" class=\"alignnone size-medium wp-image-22369\" src=\"https:\/\/www.kultursidan.nu\/wp-content\/uploads\/2015\/11\/2-Frstamajdemonstration-i-Finspng-567x389.jpg\" alt=\"F\u00f6rstamajdemonstration i Finsp\u00e5ng\" width=\"567\" height=\"389\" srcset=\"https:\/\/www.kultursidan.nu\/wp-content\/uploads\/2015\/11\/2-Frstamajdemonstration-i-Finspng-567x389.jpg 567w, https:\/\/www.kultursidan.nu\/wp-content\/uploads\/2015\/11\/2-Frstamajdemonstration-i-Finspng-1024x702.jpg 1024w, https:\/\/www.kultursidan.nu\/wp-content\/uploads\/2015\/11\/2-Frstamajdemonstration-i-Finspng-486x333.jpg 486w, https:\/\/www.kultursidan.nu\/wp-content\/uploads\/2015\/11\/2-Frstamajdemonstration-i-Finspng-150x103.jpg 150w, https:\/\/www.kultursidan.nu\/wp-content\/uploads\/2015\/11\/2-Frstamajdemonstration-i-Finspng.jpg 1865w\" sizes=\"auto, (max-width: 567px) 100vw, 567px\" \/><\/a><em><br \/>\n\u00d6ppet hus till historien. F\u00f6rstamajdemonstration i Finsp\u00e5ng p\u00e5 1960-talet. \u00c4ven om Finsp\u00e5ng \u00e4r huvudort f\u00f6r det regionala firandet av Arkivens dag s\u00e5 \u00e4r det \u00f6ppet hus med olika programpunkter runt om i l\u00e4net.<\/em><\/p>\n<p>&nbsp;<\/p>\n<h1><span style=\"color: #ff0000;\">IFK-feber p\u00e5 Stadsarkivet<\/span><\/h1>\n<p>&nbsp;<\/p>\n<p><strong>Traditionsenligt firas Arkivens dag p\u00e5 l\u00f6rdag den 14 november.<\/strong> I \u00d6sterg\u00f6tland deltar mer \u00e4n 20 arkiv och hembygdsf\u00f6reningar detta \u00e5r. Finsp\u00e5ng har valts som huvudort, och \u00e5rets tema \u00e4r \u201dGr\u00e4nsl\u00f6st\u201d.<\/p>\n<p>\u2013 Vi har valt att kalla det f\u00f6r Gr\u00e4nsl\u00f6st, med tanke p\u00e5 att v\u00e5ra arkiv kan k\u00e4nnas gr\u00e4nsl\u00f6sa \u00f6ver tid och att det r\u00e5kar vara 70 \u00e5r, sedan v\u00e4rlden \u00f6ppnades upp efter andra v\u00e4rldskrigets slut, s\u00e4ger l\u00e4nsarkivarie Albin Lindqvist fr\u00e5n \u00d6sterg\u00f6tlands Arkivf\u00f6rbund.<\/p>\n<p>Arkiven speglar b\u00e5de d\u00e5 och nu. Tidens gr\u00e4nser suddas ut. Syftet med dagen \u00e4r att visa n\u00e5got av alla de sp\u00e4nnande dokument, handlingar, gamla fotografier, kartor och mycket, mycket annat som arkiven rymmer.<\/p>\n<p><strong>I Finsp\u00e5ngs kommunhus invigs dagen av kommunstyrelsens ordf\u00f6rande Anders H\u00e4rnbro och l\u00e4nsantikvarien Albin Lindqvist.<\/strong> Aurora Taube, Finsp\u00e5ngs eviga slottsfru, kommer ocks\u00e5. Senare kommer Emma Hagberg fr\u00e5n Landsarkivet i Vadstena att f\u00f6rel\u00e4sa om \u201dFinsp\u00e5ngs bruk och andra arkiv p\u00e5 Landsarkivet\u201d.<\/p>\n<p>Man kommer ocks\u00e5 att h\u00e5lla prisutdelning i Dagboksveckan, som h\u00e5llits i Finsp\u00e5ng tidigare i h\u00f6st. Det \u00e4r en del av projektet R\u00e4dda dagboken som genomf\u00f6rts i \u00d6sterg\u00f6tland sedan 2005. Till \u00e5rets vecka kom 53 bidrag in och de kommer att bevaras till efterv\u00e4rlden.<\/p>\n<p>&nbsp;<\/p>\n<p><a title=\"Kistor, sk\u00e4nkar och gymnastikredskap i salig blandning.\" href=\"https:\/\/www.flickr.com\/photos\/kultursidan\/11191094773\/in\/album-72157658728803603\/\"><img loading=\"lazy\" decoding=\"async\" src=\"https:\/\/farm4.staticflickr.com\/3671\/11191094773_1499a34d76.jpg\" alt=\"Kistor, sk\u00e4nkar och gymnastikredskap i salig blandning.\" width=\"500\" height=\"333\" \/><\/a><br \/>\n<em>Br\u00e5vallamagasinet. Stadsmuseet har mer \u00e4n man kan tro i sina samlingar.<\/em><\/p>\n<p>&nbsp;<\/p>\n<p><strong>IFK-feber har det ju varit i Norrk\u00f6ping under h\u00f6sten.<\/strong> P\u00e5 Norrk\u00f6pings Stadsarkiv kan man se p\u00e5 filmer fr\u00e5n IFK Norrk\u00f6pings utlandsturn\u00e9er i England 1946 och New York 1960 och matchen IFK Norrk\u00f6ping \u2013 Dynamo Moskva \u00e5r 1947. Dessutom har man en utst\u00e4llning p\u00e5 \u00e5rets tema.<\/p>\n<p>F\u00f6reningsarkivet i Norrk\u00f6ping, det som ligger i Folkets hus, visar bland annat utst\u00e4llning om Norrk\u00f6ping 1945 p\u00e5 temat <em>I krigets skugga<\/em>.<\/p>\n<p><strong>M\u00e5nga intresserade tror jag ocks\u00e5 kommer att bes\u00f6ka Br\u00e5vallamagasinet.<\/strong> Det t\u00e4mligen nya magasinet som ligger i Br\u00e5valla industripark och som rymmer Konstmuseets, Stadsmuseets och Stadsbibliotekets samlingar. D\u00e4r h\u00e5lls \u00d6ppet hus och man visar bland annat n\u00e5gra imponerande kartverk. Och en hel del annat som magasinet rymmer. Allt under temat gr\u00e4nsl\u00f6st naturligtvis.<\/p>\n<p>&nbsp;<\/p>\n<p><a title=\"Klipparkivet\" href=\"https:\/\/www.flickr.com\/photos\/kultursidan\/22302167343\/in\/album-72157658728803603\/\"><img loading=\"lazy\" decoding=\"async\" src=\"https:\/\/farm1.staticflickr.com\/566\/22302167343_268602c7c4.jpg\" alt=\"Klipparkivet\" width=\"500\" height=\"371\" \/><\/a><br \/>\n<em>Flygintresserad? Det finns arkiv f\u00f6r allt. <\/em><\/p>\n<p>&nbsp;<\/p>\n<p><strong>Flera av arkiven och hembygdsg\u00e5rdarna h\u00e5ller \u00d6ppet hus.<\/strong> S\u00e5, exempelvis i Ringarums hembygdsf\u00f6rening, V\u00e5nga hembygdsarkiv och Vikbolandets arkiv- och hembygdsf\u00f6rening. D\u00e4r kan man titta p\u00e5 fascinerande bilder, ta reda p\u00e5 intressanta fakta om g\u00e5rdar och mycket annat.<\/p>\n<p>P\u00e5 Flygvapenmuseet i Link\u00f6ping kan man ta del av hur gr\u00e4nser p\u00e5 olika s\u00e4tt \u00f6vertr\u00e4tts, s\u00e5v\u00e4l p\u00e5 h\u00f6jden som p\u00e5 l\u00e4ngden.<\/p>\n<p><strong>Bakom Arkivens dag st\u00e5r\u00a0SASS \u201dSvenska arkiv i samverkan f\u00f6r synlighet\u201d<\/strong> som best\u00e5r av landets arkivorganisationer,\u00a0Folkr\u00f6relsernas Arkivf\u00f6rbund (FA), F\u00f6reningen arkivverksamma inom landsting och kommun (FALK), F\u00f6reningen f\u00f6r arkiv och informationsf\u00f6rvaltning (FAI), N\u00e4ringslivets Arkivr\u00e5d (NLA), N\u00e4ringslivsarkivens f\u00f6rening (NAF)\u00a0och\u00a0Riksarkivet.<\/p>\n<p><em>Text: Eva Lindblad<br \/>\nFoto: \u00d6sterg\u00f6tlands Arkivf\u00f6rbund<br \/>\n<\/em><\/p>\n<blockquote>\n<h3><em>ARKIVENS DAG \u00d6sterg\u00f6tland<\/em><\/h3>\n<p><em>14 november 2015 <\/em><\/p>\n<p><em>NORRK\u00d6PING<\/em><br \/>\n<em><strong>10-14 <\/strong>\u00d6ppet hus: <\/em>Br\u00e5vallamagasinet<em>. Br\u00e5valla industripark, Hangargatan 16.<strong><br \/>\n<\/strong><strong>10-14<\/strong>\u00a0\u00d6ppet hus: <\/em>Filmvisning om IFK Norrk\u00f6ping<em>. Norrk\u00f6pings Stadsarkiv.<\/em><br \/>\n<em> <strong>10-14<\/strong>\u00a0Utst\u00e4llning: <\/em>I krigets skugga 1945<em>. Norrk\u00f6pings f\u00f6reningsarkiv i Folkets Hus.<\/em><br \/>\n<em> <strong>10-14 <\/strong>\u00d6ppet hus: <\/em>Kvillinge f\u00f6reningsarkiv.<em>\u00a0 Kvillinge, KOLM\u00c5RDEN.<strong><br \/>\n<\/strong><strong>10-14 <\/strong>\u00d6ppet hus: <\/em>Vikbolandets arkiv- och historief\u00f6rening. <em>\u00c5kerliden, Kuddby, VIKBOLANDET.<\/em><br \/>\n<em> <strong>10-14<\/strong> \u00d6ppet hus: <\/em>Utst\u00e4llning, V\u00e5nga hembygdsarkiv.<em> Hembygdsg\u00e5rden, V\u00c5NGA.<\/em><\/p>\n<p><em>FINSP\u00c5NG<\/em><br \/>\n<em> <strong>11-16 <\/strong>\u00d6ppet hus och program: <strong>11.00<\/strong> <\/em>Invigning<em>. <strong>12.00<\/strong> <\/em>Gamla Finsp\u00e5ng i bilder med Hans Lindberg<em>. <strong>13.00<\/strong> <\/em>Om Doverstorps flyktingl\u00e4ger med Jan-Erik Svenblad.<em> <strong>14.00<\/strong> <\/em>Om Finsp\u00e5ngs bruk och andra arkiv p\u00e5 Landsarkivet i Vadstena med Emma Hagberg<em>. <strong>15.00<\/strong> <\/em>Prisutdelning efter Dagboksveckan<em>. <strong>15.30<\/strong> <\/em>Gamla Finsp\u00e5ng i bilder med Hans Lindberg<strong>.<\/strong><em> Kommunhuset, Bergslagsv\u00e4gen 13-15<strong>.<br \/>\n<\/strong><\/em><\/p>\n<p><em><strong>11-16 <\/strong>\u00d6ppet hus: <\/em>Visning<em>. Turbinmuseet, Slottsv\u00e4gen 1-3.<strong><br \/>\n<\/strong><strong>10-16 <\/strong><\/em>Nedslag i Finsp\u00e5ngs historia.<em> Finsp\u00e5ngs bibliotek, Finnvedsv\u00e4gen 4.<\/em><\/p>\n<p><em>S\u00d6DERK\u00d6PING<strong><br \/>\n<\/strong><strong>10-14 <\/strong>\u00d6ppet hus: <\/em>Arbetet med utst\u00e4llningen Stadshistoriskt sm\u00f6rg\u00e5sbord med S:t Ragnhilds gille<em>. Stadshistoriska museet, Gamla Skolgatan 10.<\/em><br \/>\n<em> <strong>10-14 <\/strong>\u00d6ppet hus: <\/em>Visning hos S\u00f6derk\u00f6pings arkivf\u00f6rening.<em> Tingshusgatan 1.<\/em><\/p>\n<p><em>VALDEMARSVIK<\/em><br \/>\n<em><strong>10-13 <\/strong>\u00d6ppet hus: <\/em>Gryts hembygdsarkiv<em>. Klockaruddsv\u00e4gen 3, GRYT.<\/em><\/p><\/blockquote>\n<p>L\u00c4NKAR<br \/>\nArkivens dag <a href=\"http:\/\/www.arkivensdag.nu\/arrangemang\/ostergotland\/\" target=\"_blank\">hemsida<\/a> <a href=\"https:\/\/www.facebook.com\/arkivensdagiostergotland\" target=\"_blank\">Facebook<\/a> <a href=\"http:\/\/www.ostergotlandsarkivforbund.se\/wp-content\/uploads\/2014\/09\/Program_Arkivens_dag_Ostergotland_2015_epublicering.pdf\" target=\"_blank\">program<\/a><\/p>\n","protected":false},"excerpt":{"rendered":"<p>\u00d6STERG\u00d6TLAND \u201dGr\u00e4nsl\u00f6st\u201d \u00e4r temat n\u00e4r Arkivens dag firas p\u00e5 l\u00f6rdag. I \u00d6sterg\u00f6tland deltar i \u00e5r 23 arkiv och hembygdsf\u00f6reningar. Finsp\u00e5ng \u00e4r \u00e5rets huvudort. \u00d6ppet \u00e4r det p\u00e5 Br\u00e5valla, Flygvapenmuseet och m\u00e5nga andra platser. <a class=\"continue-reading-link\" href=\"https:\/\/www.kultursidan.nu\/?p=22368\">L\u00e4s mer <span class=\"meta-nav\">&rarr; <\/span><\/a><\/p>\n","protected":false},"author":1001006,"featured_media":0,"comment_status":"closed","ping_status":"open","sticky":false,"template":"","format":"standard","meta":{"_jetpack_memberships_contains_paid_content":false,"footnotes":""},"categories":[1],"tags":[57,54,38,53,47],"class_list":["post-22368","post","type-post","status-publish","format-standard","hentry","category-okategoriserade","tag-berattande","tag-evenemang","tag-film","tag-foredrag","tag-utstallning"],"jetpack_featured_media_url":"","jetpack_sharing_enabled":true,"_links":{"self":[{"href":"https:\/\/www.kultursidan.nu\/index.php?rest_route=\/wp\/v2\/posts\/22368","targetHints":{"allow":["GET"]}}],"collection":[{"href":"https:\/\/www.kultursidan.nu\/index.php?rest_route=\/wp\/v2\/posts"}],"about":[{"href":"https:\/\/www.kultursidan.nu\/index.php?rest_route=\/wp\/v2\/types\/post"}],"author":[{"embeddable":true,"href":"https:\/\/www.kultursidan.nu\/index.php?rest_route=\/wp\/v2\/users\/1001006"}],"replies":[{"embeddable":true,"href":"https:\/\/www.kultursidan.nu\/index.php?rest_route=%2Fwp%2Fv2%2Fcomments&post=22368"}],"version-history":[{"count":0,"href":"https:\/\/www.kultursidan.nu\/index.php?rest_route=\/wp\/v2\/posts\/22368\/revisions"}],"wp:attachment":[{"href":"https:\/\/www.kultursidan.nu\/index.php?rest_route=%2Fwp%2Fv2%2Fmedia&parent=22368"}],"wp:term":[{"taxonomy":"category","embeddable":true,"href":"https:\/\/www.kultursidan.nu\/index.php?rest_route=%2Fwp%2Fv2%2Fcategories&post=22368"},{"taxonomy":"post_tag","embeddable":true,"href":"https:\/\/www.kultursidan.nu\/index.php?rest_route=%2Fwp%2Fv2%2Ftags&post=22368"}],"curies":[{"name":"wp","href":"https:\/\/api.w.org\/{rel}","templated":true}]}}