{"id":22439,"date":"2015-11-15T12:30:25","date_gmt":"2015-11-15T11:30:25","guid":{"rendered":"https:\/\/intelligent-friend-7861.standoutwp.com\/?p=22439"},"modified":"2015-11-15T12:30:25","modified_gmt":"2015-11-15T11:30:25","slug":"niklas-ska-springa-for-livet-mot-paris","status":"publish","type":"post","link":"https:\/\/www.kultursidan.nu\/?p=22439","title":{"rendered":"Niklas ska springa f\u00f6r livet mot Paris"},"content":{"rendered":"<p><a href=\"https:\/\/www.kultursidan.nu\/wp-content\/uploads\/2015\/11\/IMG_2311.jpg\"><img loading=\"lazy\" decoding=\"async\" class=\"alignnone size-medium wp-image-22440\" src=\"https:\/\/www.kultursidan.nu\/wp-content\/uploads\/2015\/11\/IMG_2311-567x378.jpg\" alt=\"Niklas Cserhalmi\" width=\"567\" height=\"378\" srcset=\"https:\/\/www.kultursidan.nu\/wp-content\/uploads\/2015\/11\/IMG_2311-567x378.jpg 567w, https:\/\/www.kultursidan.nu\/wp-content\/uploads\/2015\/11\/IMG_2311-1024x682.jpg 1024w, https:\/\/www.kultursidan.nu\/wp-content\/uploads\/2015\/11\/IMG_2311-500x333.jpg 500w, https:\/\/www.kultursidan.nu\/wp-content\/uploads\/2015\/11\/IMG_2311-150x100.jpg 150w, https:\/\/www.kultursidan.nu\/wp-content\/uploads\/2015\/11\/IMG_2311.jpg 1280w\" sizes=\"auto, (max-width: 567px) 100vw, 567px\" \/><\/a><em><br \/>\nFyra kilometer p\u00e5 v\u00e4gen mot Paris. Arbetets museums chef Niklas Cserhalmi ber\u00e4ttar varf\u00f6r han st\u00e4ller upp i Riksteaterns Run For Your Life p\u00e5 tisdag.<\/em><\/p>\n<p>&nbsp;<\/p>\n<h1><span style=\"color: #ff0000;\">&#8221;En person b\u00e4r sten\u00e4gget, b\u00e4r ber\u00e4ttelsen&#8221;<\/span><\/h1>\n<p>&nbsp;<\/p>\n<p><strong>P\u00e5 tisdag sn\u00f6r Niklas Cserhalmi p\u00e5 sig de r\u00f6da l\u00f6parskorna.<\/strong> Arbetets museums chef \u00e4r van maratonl\u00f6pare men den h\u00e4r g\u00e5ngen \u00e4r str\u00e4ckan b\u00e5de kortare och l\u00e4ngre. Niklas ska springa fyra kilometer. Den konstn\u00e4rliga manifestationen <em>Run For Your Life<\/em> \u00e4r p\u00e5 v\u00e4g till COP21, det stora klimatm\u00f6tet i Paris.<\/p>\n<p><strong>Det \u00e4r natt i Hudiksvall redan innan klockan \u00e4r fem p\u00e5 eftermiddagen. <\/strong>Marie Haglund fr\u00e5n \u00d6stersund springer s\u00f6derut mot Hudiksvall. En vit bil med blinkande varningsljus ligger bakom i hennes takt, den skyddar henne fr\u00e5n den \u00f6vriga trafiken och lyser upp v\u00e4gen framf\u00f6r henne. Framf\u00f6r henne k\u00f6r bilen med kameran som filmar l\u00f6paren och s\u00e4nder ut direkt p\u00e5 internet. Hon springer f\u00f6r sina barns framtid, f\u00f6r skogen, bl\u00e5b\u00e4ren, och en h\u00e5llbar framtid. S\u00e5 har hon skrivit, texten kan l\u00e4sas p\u00e5 sidan, den som vill kan h\u00f6ra henne l\u00e4sa sin ber\u00e4ttelse h\u00f6gt.<\/p>\n<p>Hennes nummer \u00e4r 168 och i handen b\u00e4r hon en liten sten, som polerats mjuk och rund som ett \u00e4gg av Ishavets kalla vatten l\u00e5ngt uppe i norr. Sten\u00e4gget ska f\u00f6ras hela v\u00e4gen till det stora klimatm\u00f6tet i Paris, COP21, i ett stafettlopp som ber\u00e4knas ta 20 dygn, natt som dag. Starten gick i Kiruna den 9 november, den 30 november ska m\u00e5let vara n\u00e5tt, tusen str\u00e4ckor senare. D\u00e5 \u00f6ppnar klimatm\u00f6tet.<\/p>\n<p>&nbsp;<\/p>\n<p><a title=\"Nattl\u00f6pare\" href=\"https:\/\/www.flickr.com\/photos\/kultursidan\/23018879142\/in\/album-72157660485425619\/\"><img loading=\"lazy\" decoding=\"async\" src=\"https:\/\/farm6.staticflickr.com\/5807\/23018879142_be706e3db0.jpg\" alt=\"Nattl\u00f6pare\" width=\"500\" height=\"347\" \/><\/a><br \/>\n<em>L\u00f6pare nummer 168. Marie Haglund fr\u00e5n \u00d6stersund springer s\u00f6derut mot Hudiksvall.<\/em><\/p>\n<p>&nbsp;<\/p>\n<p><strong>\u2013 <em>Run For Your Life<\/em> \u00e4r en konstn\u00e4rlig manifestation, vi ser det som en f\u00f6rest\u00e4llning.<\/strong> En person b\u00e4r sten\u00e4gget, b\u00e4r ber\u00e4ttelsen, f\u00f6rklarar Adam Knapasj\u00f6 fr\u00e5n lokala Riksteaterf\u00f6reningen KariN som ansvarar f\u00f6r Norrk\u00f6pings del av evenemanget.<\/p>\n<p>Initiativet kommer fr\u00e5n Haroon Natan, klimatflykting fr\u00e5n Afghanistan. Fr\u00e5n ett scenkonstkollektiv i G\u00f6teborg n\u00e5dde id\u00e9n Riksteatern som st\u00e4llde sig bakom projektet och n\u00e5r ut i hela Sverige tack vare de lokala f\u00f6reningarna. S\u00f6der om Sverige ska andra organisationer ta vid.<\/p>\n<p><strong>Jag tr\u00e4ffar Adam Knapasj\u00f6 och Niklas Cserhalmi p\u00e5 Arbetets museum.<\/strong> N\u00e4r jag k\u00e4nner Niklas Cserhalmi p\u00e5 pulsen, bildligt talat, \u00e4r det en milj\u00f6medveten person som cyklar till jobbet, inte flyger inom landet och l\u00e5ter barnen ta sp\u00e5rvagn eller cykel till sina fritidsaktiviteter. Till kuriosan h\u00f6r att det enda k\u00f6tt familjen \u00e4ter har han skjutit sj\u00e4lv. Och s\u00e5 det h\u00e4r med <em>Fj\u00e4rrv\u00e4rmeh\u00f6gtiden<\/em>.<\/p>\n<p>\u2013 Vi s\u00e4tter p\u00e5 fj\u00e4rrv\u00e4rmen i huset den f\u00f6rsta oktober varje \u00e5r. D\u00e5 firar vi att det blir varmt och sk\u00f6nt i huset. Fast i \u00e5r var det ingen sport, tycker han.<\/p>\n<p><strong>N\u00e4r Niklas Cserhalmi ska springa vet han \u00e4nnu inte.<\/strong> Det kan bli tidigt p\u00e5 morgonen, f\u00f6re jobbet, eller senare p\u00e5 dagen. D\u00e4remot vet han varf\u00f6r han vill springa.<\/p>\n<p>\u2013 Jag tycker att det \u00e4r ett j\u00e4ttebra s\u00e4tt att uppm\u00e4rksamma en oerh\u00f6rt viktig fr\u00e5ga. Och jag k\u00e4nner sl\u00e4ktskapet med hur Arbetets museum jobbar med kultur hj\u00e4lp av m\u00e5nga m\u00e4nniskor, s\u00e4ger Niklas.<\/p>\n<p>Arbetets museum har ett riktlinjebeslut om samh\u00f6righet m\u00e4nniskor emellan och samh\u00f6righet mellan m\u00e4nniskor och milj\u00f6. Den stora utst\u00e4llningen <em>Framtidsland<\/em> som \u00f6ppnade f\u00f6rra v\u00e5ren och ska st\u00e5 i fem \u00e5r \u00e4r en konsekvens av detta. \u00c4ven den kommande <em>Bamse och dundermysteriet<\/em> som \u00f6ppnar 21 november tar upp h\u00e5llbarhetsfr\u00e5gor.<\/p>\n<p>\u2013 Vi t\u00e4nker i h\u00e5llbarhet och \u00e5tervinning n\u00e4r vi bygger utst\u00e4llningar, n\u00e4r vi v\u00e4ljer vad museibutiken s\u00e4ljer. Vi har policy vad g\u00e4ller bil\u00e5kande och flyg \u2013 det \u00e4r t\u00e5g som g\u00e4ller f\u00f6r l\u00e4ngre resor.<\/p>\n<p><strong>Niklas ska inte beh\u00f6va springa ensam genom Norrk\u00f6ping.<\/strong> Dels hoppas han f\u00e5 s\u00e4llskap av personal fr\u00e5n museet. Dels \u00e4r str\u00e4ckningen genom Norrk\u00f6ping, fr\u00e5n Stavsj\u00f6 mot centrala Norrk\u00f6ping och v\u00e4sterut till Norsholm uppdelad i flera olika pass p\u00e5 cirka 4 kilometer. Fr\u00e5n n\u00e5gon g\u00e5ng tidigt p\u00e5 morgonen till gr\u00e4nsen till Link\u00f6pings kommun omkring 15.30 p\u00e5 eftermiddagen.<\/p>\n<p>\u2013 D\u00e4r ett g\u00e4ng rektorer som ska springa och en skolklass h\u00e4r i Norrk\u00f6ping. Martin L\u00f6nnebo ska springa och jag s\u00e5g en fyra\u00e5rig knatte springa uppe Kiruna, ber\u00e4ttar Adam Knapasj\u00f6 som sj\u00e4lv f\u00e5r fullt upp med att hj\u00e4lpa till under tisdagen.<\/p>\n<p><strong>\u2013 Rent logistiskt \u00e4r detta ett helt sinnessjukt projekt.<\/strong> Var ska bytena ske? Hur g\u00e5r det att springa genom de stora st\u00e4derna? Hur f\u00e5r vi ut l\u00f6parna till sina startpositioner och tillbaka?, exemplifierar Adam Knapasj\u00f6.<\/p>\n<p>Dessutom ska bilarna k\u00f6ras, reservl\u00f6pare finnas tillg\u00e4ngliga. Han understryker ocks\u00e5 att alla oavsett kondition, \u00e5lder eller kl\u00e4dsel, \u00e4r v\u00e4lkomna att ansluta sig och springa med en bit \u2013 d\u00e4r saknas \u00e4nnu n\u00e5gra reservl\u00f6pare.<\/p>\n<p><strong>Det ska m\u00e4rkas i Norrk\u00f6ping att det h\u00e4nder.<\/strong> Str\u00e4ckan g\u00e5r genom centrala stan, fr\u00e5n R\u00e5dhuset till Skvallertorget och s\u00f6der tull. Bildsk\u00e4rmar s\u00e4tts upp i f\u00f6nster och det arrangeras b\u00e5de klimatseminarium och festligheter p\u00e5 kv\u00e4llen.<\/p>\n<p>&nbsp;<\/p>\n<p><a title=\"Adam Knapasj\u00f6 och Niklas Cserhalmi\" href=\"https:\/\/www.flickr.com\/photos\/kultursidan\/23043549461\/in\/album-72157660485425619\/\"><img loading=\"lazy\" decoding=\"async\" src=\"https:\/\/farm6.staticflickr.com\/5765\/23043549461_109a4fd583.jpg\" alt=\"Adam Knapasj\u00f6 och Niklas Cserhalmi\" width=\"500\" height=\"333\" \/><\/a><br \/>\n<em>Delat ansvar. Adam Knapasj\u00f6 h\u00e5ller i tr\u00e5darna f\u00f6r Norrk\u00f6pings del. Niklas Cserhalmi ska springa sina fyra kilometer.<\/em><\/p>\n<p>&nbsp;<\/p>\n<p><strong>Jag vaknar tidigt p\u00e5 s\u00f6ndagsmorgonen och s\u00e4tter p\u00e5 datorn.<\/strong> Det \u00e4r fortfarande m\u00f6rkt ute. Uppe i G\u00e4vletrakten \u00e4r det \u00e4nd\u00e5 m\u00f6rkare f\u00f6r den ensamma l\u00f6paren, en kvinna. Efter att jag \u00e4tit frukost \u00e4r det ljusare b\u00e5de h\u00e4r och norr\u00f6ver. Nu \u00e4r de fyra, tv\u00e5 kvinnor och tv\u00e5 m\u00e4n. N\u00e4r de \u00e4r n\u00e4ra h\u00f6rs l\u00f6parnas steg och deras samtal. Bilar susar f\u00f6rbi, \u00e4nnu inte s\u00e5 m\u00e5nga, det kommer att t\u00e4tna p\u00e5 v\u00e4gen s\u00f6derut. I bakgrunden ligger musik.<\/p>\n<p>Det tar tid f\u00f6r mig att skriva detta, att ordna med bilder, faktarutan h\u00e4r nedan och ta fram l\u00e4nkar f\u00f6r den som vill veta mer. Tre olika l\u00f6pare, b\u00e4rare av sten\u00e4gg och ber\u00e4ttelser, hinner ta vid under tiden. N\u00e4r jag \u00e4r klar g\u00e5r \u00e4ven Jonathan Nylander i m\u00e5l utanf\u00f6r G\u00e4vle. Ny l\u00f6pare \u00e4r Henrik Sundberg som valt att ta rullskidorna p\u00e5. Det \u00e4r 3.282 kilometer kvar till Paris och familjen f\u00f6ljer med f\u00f6rsta biten.<\/p>\n<p><strong>Det st\u00e5r \u201dIn solidarity with those affected by the attacks in Paris\u201d \u00f6ver sk\u00e4rmen.<\/strong> Terrorattacken har inget med klimatm\u00f6tet att g\u00f6ra. \u00c4nd\u00e5 t\u00e4nker jag att d\u00e4r finns en indirekt koppling; klimatf\u00f6r\u00e4ndringarna skapar n\u00f6d, flyktingar och i f\u00f6rl\u00e4ngningen \u00f6kad risk f\u00f6r radikalisering.<\/p>\n<p><em>\u00a9 Text: Ann-Charlotte Sandelin<\/em><br \/>\n<em> \u00a9 Foto: Ann-Charlotte Sandelin samt sk\u00e4rmdumpar fr\u00e5n Run For Your Lifes hemsida<\/em><\/p>\n<p>BILDSPEL (FLASH) \u2013 KLICKA P\u00c5 BILDEN <em><br \/>\nALT\/MOBIL: SE BILDSPELET <a title=\"Bildspel\" href=\"https:\/\/www.flickr.com\/photos\/kultursidan\/sets\/72157660485425619\/show\/\" target=\"_blank\">H\u00c4R<\/a><\/em><br \/>\n<object width=\"400\" height=\"300\"><param name=\"flashvars\" value=\"offsite=true&amp;lang=en-us&amp;page_show_url=%2Fphotos%2Fkultursidan%2Fsets%2F72157660485425619%2Fshow%2F&amp;page_show_back_url=%2Fphotos%2Fkultursidan%2Fsets%2F72157660485425619%2F&amp;set_id=72157660485425619&amp;jump_to=\" \/><param name=\"movie\" value=\"https:\/\/www.flickr.com\/apps\/slideshow\/show.swf?v=1811922554\" \/><param name=\"allowFullScreen\" value=\"true\" \/><\/object><\/p>\n<blockquote>\n<h3><em>Kiruna \u2013 NORRK\u00d6PING \u2013 Paris<\/em><\/h3>\n<p>9 \u2013 30 november 2015<em><br \/>\n<strong>Run For Your Life<\/strong><\/em><br \/>\n<em> Stafettlopp \u2013 Konstn\u00e4rlig manifestation<\/em><br \/>\n<em> Arr: Riksteatern<\/em><\/p>\n<p style=\"padding-left: 30px;\"><em>17\/11 NORRK\u00d6PING<\/em><br \/>\n<em> <strong>Linjestr\u00e4ckning<\/strong> Stavsj\u00f6\u2013Str\u00f6msfors\u2013Get\u00e5\u2013\u00c5by\u2013Ingelsta\u2013Centralstationen\u2013R\u00e5dhuset\u2013Hallarna\u2013Skvallertorget\u2013Industrilandskapet\u2013S\u00f6der tull\u2013SMHI\u2013Klockaretorpet\u2013Borgs kyrka\u2013L\u00f6fstad\u2013Kimstad kyrka\u2013Norsholm<\/em><br \/>\n<em> <strong>H\u00e5lltider<\/strong> R\u00e5dhuset ca 12.20, Skvallertorget 12.30, S\u00f6der tull 12.40 eller SMHI 13.00<\/em><br \/>\n<em> <strong>F\u00f6lj loppet p\u00e5 bildsk\u00e4rmar<\/strong> R\u00e5dhusets f\u00f6nster mot Drottninggatan, Arbetets museum, ABF Bergslagsg\u00e5rdens f\u00f6nster mot Skvallertorget, Trottoarbaren i Hallarna samt Restaurang Weibes vid SMHI. Fler platser kan tillkomma, se lokala Facebooksidan.<\/em><br \/>\n<em> <strong>12.00<\/strong> <strong>Lunchseminarium<\/strong> Om klimatet. ABF Bergslagsg\u00e5rden.<\/em><br \/>\n<em> <strong>18.00<\/strong> <strong>Klimat-afterwork<\/strong> med Mattias Hjerpe, CSPR, och Sara Gustafsson, LiU, som k\u00e5serar kring klimat och milj\u00f6. Titti Knutsson presenterar Klimatfolket. Sv\u00e4ngig klimatmusik med musikteater Gulasch. Laxholmsk\u00e4llaren, Arbetets museum.<\/em><\/p>\n<\/blockquote>\n<p>L\u00c4NKAR<br \/>\nRun for Your Life <a href=\"http:\/\/www2.runforyourlife.nu\/sv\/\" target=\"_blank\">hemsida\/lives\u00e4ndning<\/a> <a href=\"http:\/\/www2.runforyourlife.nu\/sv\/karta\/\" target=\"_blank\">karta<\/a> <a href=\"http:\/\/runforyourlife.nu\/wp-content\/uploads\/2015\/08\/vardegrund.pdf\" target=\"_blank\">v\u00e4rdegrund<br \/>\n<\/a>Klimatfolket <a href=\"http:\/\/klimatfolket.se\/\" target=\"_blank\">hemsida <\/a><br \/>\nRun for Your Life i Norrk\u00f6ping <a href=\"https:\/\/www.facebook.com\/runforyourlifenorrkoping\/?fref=ts\" target=\"_blank\">Facebook<\/a><br \/>\nRiksteaterf\u00f6reningen KariN <a href=\"http:\/\/karin.riksteatern.se\" target=\"_blank\">hemsida<\/a> <a href=\"https:\/\/www.facebook.com\/karin.riksteatern\/\" target=\"_blank\">Facebook <\/a><br \/>\nOm klimatm\u00f6tet COP21 <a href=\"http:\/\/www.bistandsdebatten.se\/category\/alla-diskussioner\/tema\/klimat\/klimatmotet-i-paris-2015\/\" target=\"_blank\">info\/Bist\u00e5ndsdebatten<\/a><br \/>\nFramtiden har landat p\u00e5 Arbetets museum <a href=\"https:\/\/www.kultursidan.nu\/?p=14899\" target=\"_blank\">reportage<\/a> Kultursidan.nu 15\/5 2014<\/p>\n","protected":false},"excerpt":{"rendered":"<p>NORRK\u00d6PING P\u00e5 tisdag sn\u00f6r Niklas Cserhalmi p\u00e5 sig de r\u00f6da l\u00f6parskorna. Arbetets museums chef \u00e4r van maratonl\u00f6pare men den h\u00e4r g\u00e5ngen \u00e4r str\u00e4ckan b\u00e5de kortare och l\u00e4ngre. Konstn\u00e4rliga manifestationen Run For Your Life \u00e4r p\u00e5 v\u00e4g till Klimatm\u00f6tet i Paris. <a class=\"continue-reading-link\" href=\"https:\/\/www.kultursidan.nu\/?p=22439\">L\u00e4s mer <span class=\"meta-nav\">&rarr; <\/span><\/a><\/p>\n","protected":false},"author":1001006,"featured_media":0,"comment_status":"closed","ping_status":"open","sticky":false,"template":"","format":"standard","meta":{"_jetpack_memberships_contains_paid_content":false,"footnotes":""},"categories":[7],"tags":[54,56],"class_list":["post-22439","post","type-post","status-publish","format-standard","hentry","category-norrkoping","tag-evenemang","tag-politik"],"jetpack_featured_media_url":"","jetpack_sharing_enabled":true,"_links":{"self":[{"href":"https:\/\/www.kultursidan.nu\/index.php?rest_route=\/wp\/v2\/posts\/22439","targetHints":{"allow":["GET"]}}],"collection":[{"href":"https:\/\/www.kultursidan.nu\/index.php?rest_route=\/wp\/v2\/posts"}],"about":[{"href":"https:\/\/www.kultursidan.nu\/index.php?rest_route=\/wp\/v2\/types\/post"}],"author":[{"embeddable":true,"href":"https:\/\/www.kultursidan.nu\/index.php?rest_route=\/wp\/v2\/users\/1001006"}],"replies":[{"embeddable":true,"href":"https:\/\/www.kultursidan.nu\/index.php?rest_route=%2Fwp%2Fv2%2Fcomments&post=22439"}],"version-history":[{"count":0,"href":"https:\/\/www.kultursidan.nu\/index.php?rest_route=\/wp\/v2\/posts\/22439\/revisions"}],"wp:attachment":[{"href":"https:\/\/www.kultursidan.nu\/index.php?rest_route=%2Fwp%2Fv2%2Fmedia&parent=22439"}],"wp:term":[{"taxonomy":"category","embeddable":true,"href":"https:\/\/www.kultursidan.nu\/index.php?rest_route=%2Fwp%2Fv2%2Fcategories&post=22439"},{"taxonomy":"post_tag","embeddable":true,"href":"https:\/\/www.kultursidan.nu\/index.php?rest_route=%2Fwp%2Fv2%2Ftags&post=22439"}],"curies":[{"name":"wp","href":"https:\/\/api.w.org\/{rel}","templated":true}]}}