{"id":22477,"date":"2015-11-17T20:17:41","date_gmt":"2015-11-17T19:17:41","guid":{"rendered":"https:\/\/intelligent-friend-7861.standoutwp.com\/?p=22477"},"modified":"2015-11-17T20:17:41","modified_gmt":"2015-11-17T19:17:41","slug":"tjadden-och-zata-hyllas-med-plakett","status":"publish","type":"post","link":"https:\/\/www.kultursidan.nu\/?p=22477","title":{"rendered":"Tjadden och Z\u00e4ta hyllas med plakett"},"content":{"rendered":"<p><a href=\"https:\/\/www.kultursidan.nu\/wp-content\/uploads\/2015\/11\/DSC_3563.jpg\"><img loading=\"lazy\" decoding=\"async\" class=\"alignnone size-medium wp-image-22478\" src=\"https:\/\/www.kultursidan.nu\/wp-content\/uploads\/2015\/11\/DSC_3563-567x377.jpg\" alt=\"Finputsning\" width=\"567\" height=\"377\" srcset=\"https:\/\/www.kultursidan.nu\/wp-content\/uploads\/2015\/11\/DSC_3563-567x377.jpg 567w, https:\/\/www.kultursidan.nu\/wp-content\/uploads\/2015\/11\/DSC_3563-1024x680.jpg 1024w, https:\/\/www.kultursidan.nu\/wp-content\/uploads\/2015\/11\/DSC_3563-501x333.jpg 501w, https:\/\/www.kultursidan.nu\/wp-content\/uploads\/2015\/11\/DSC_3563-150x100.jpg 150w, https:\/\/www.kultursidan.nu\/wp-content\/uploads\/2015\/11\/DSC_3563.jpg 1280w\" sizes=\"auto, (max-width: 567px) 100vw, 567px\" \/><\/a><br \/>\n<em>Finputsning. Lasse Nord satte upp plaketten som ber\u00e4ttar om revymakarna Tjadden H\u00e4llstr\u00f6m och Lennart Z Anderzon som fyllde Lilla teatern med skratt under m\u00e5nga \u00e5r.<\/em><\/p>\n<p>&nbsp;<\/p>\n<h1><span style=\"color: #ff0000;\">Lilla teaterns skrattmakare under m\u00e5nga \u00e5r<\/span><\/h1>\n<p>&nbsp;<\/p>\n<p><strong>Revymakarna<\/strong> <strong>Tjadden H\u00e4llstr\u00f6m och Lennart Z Anderzon var tv\u00e5 giganter inom Norrk\u00f6pings n\u00f6jesliv under en l\u00e5ng f\u00f6ljd av \u00e5r.<\/strong> Tjadden b\u00f6rjade sin sk\u00e5despelarbana p\u00e5 Arbis och Lennart Anderzon var journalist p\u00e5 bland annat Norrk\u00f6pings Tidningar.<\/p>\n<p>Tillsammans tog de \u00e5r 1952 initiativet till Lilla Teatern i kvarteret Korpen i Norrk\u00f6ping. D\u00e4r satte de upp en l\u00e5ng rad mycket popul\u00e4ra revyer. Bland sk\u00e5despelarna fanns namn som Gunnel H\u00e4llstr\u00f6m (Tjaddens hustru), Nenne Petersson, J\u00f6rgen Mulligan, Carl Reinholdz och Berit Malmqvist.<\/p>\n<p>Tjaddens och Z\u00e4tas samarbete varade i fyra decennier. Den f\u00f6rsta revyn som de b\u00e5da satte upp tillsammans hette <em>Se Peking<\/em>. D\u00e4refter f\u00f6ljde den ena succ\u00e9n efter den andra.<\/p>\n<p>\u2013 Vi talar om drygt hundra revyer och krogshower, s\u00e4ger Sladden Hultgren som ofta var med och hj\u00e4lpte till bakom kulisserna. Det Sladden inte vet om revymakarna \u00e4r inte v\u00e4rt att veta.<\/p>\n<p>&nbsp;<\/p>\n<p><a title=\"Sladden och Tjadden\" href=\"https:\/\/www.flickr.com\/photos\/kultursidan\/10710151984\/in\/album-72157661338782831\/\"><img loading=\"lazy\" decoding=\"async\" src=\"https:\/\/farm8.staticflickr.com\/7341\/10710151984_c1699210da.jpg\" alt=\"Sladden och Tjadden\" width=\"332\" height=\"500\" \/><\/a><br \/>\n<em>Initiativtagare. Tjaddens gamle scenm\u00e4stare Sladden Hultgren gjorde en minnesutst\u00e4llning f\u00f6r tv\u00e5 \u00e5r sedan d\u00e5 Tjadden H\u00e4llstr\u00f6m skulle fyllt 90 \u00e5r.<\/em><\/p>\n<p>&nbsp;<\/p>\n<p><strong>Dessa b\u00e5da \u2013 revyentusiasten och ordvrickaren \u2013 har \u00e4ntligen f\u00f6r\u00e4rats en plakett p\u00e5 utsidan av Lilla Teatern. <\/strong>Den sattes upp p\u00e5 tisdagsf\u00f6rmiddagen.<\/p>\n<p>Lasse Nord fr\u00e5n Norrk\u00f6pings Gravyr &amp; Skylt satte upp plaketten under \u00f6verinseende av media, Lilla teaterns Bengt Sandberg, Ann-Charlotte Hertz, tidigare stadsantikvarie p\u00e5 Stadsmuseet, samt Sladden Hultgren som \u00e4r initiativtagare till plaketten.<\/p>\n<p>\u2013 Jag skickade in ett medborgarf\u00f6rslag f\u00f6r tre \u00e5r sedan eftersom jag tycker att Tjadden och Z\u00e4ta borde uppm\u00e4rksammas f\u00f6r sina g\u00e4rningar. Jag hade \u00f6nskat att plaketten hade kommit upp vid teaterns 60-\u00e5rsjubileum, men s\u00e5 skedde inte. Jag hade n\u00e4stan gl\u00f6mt bort alltsammans n\u00e4r jag fick ett telefonsamtal om att plaketten \u00e4ntligen skulle komma upp. Nu \u00e4r jag glad! s\u00e4ger Sladden som f\u00f6revigade h\u00e4ndelsen med sin kamera.<\/p>\n<p><strong>\u2013 Det \u00e4r ett stycke n\u00f6jeshistoria som uppm\u00e4rksammas h\u00e4r, s\u00e4ger Ann-Charlotte Hertz fick uppdraget att utforma plaketten. <\/strong>Det \u00e4r viktigt f\u00f6r stadens n\u00f6jesliv. Det \u00e4r viktigt ocks\u00e5 f\u00f6r yngre generationer som kanske inte alls k\u00e4nner till f\u00f6rfattarparet Tjadden och Z\u00e4ta och vad de har betytt f\u00f6r staden, s\u00e4ger Ann-Charlotte Hertz som tycker att fler verksamheter och personer borde uppm\u00e4rksammas p\u00e5 det s\u00e4tt som nu Tjadden H\u00e4llstr\u00f6m och Lennart Anderszon uppm\u00e4rksammats.<\/p>\n<p>\u2013 Det finns n\u00e5gra plaketter. Vid badhuset finns en exempelvis, den ber\u00e4ttar om lite idrottshistoria och vid Godtemplarg\u00e5rden finns en plakett om Ture Nerman. Nu h\u00e5ller jag p\u00e5 med en plakett om norrk\u00f6pingssonen Lasse S\u00f6dergren. Den \u00e4r klar, men inget beslut \u00e4r \u00e4nnu fattat ang\u00e5ende var den ska placeras.<\/p>\n<p><strong>\u00a9 <\/strong><em>Text: Eva Lindblad<br \/>\n<\/em><strong>\u00a9 <\/strong><em>Foto: Sladden Hultgren och Sven \u00c5ke Molund<\/em><\/p>\n<p>BILDSPEL (FLASH) \u2013 KLICKA P\u00c5 BILDEN <em><br \/>\nALT\/MOBIL: SE BILDSPELET <a title=\"Bildspel\" href=\"https:\/\/www.flickr.com\/photos\/kultursidan\/sets\/72157661338782831\/show\/\" target=\"_blank\">H\u00c4R<\/a><\/em><br \/>\n<object width=\"400\" height=\"300\"><param name=\"flashvars\" value=\"offsite=true&amp;lang=en-us&amp;page_show_url=%2Fphotos%2Fkultursidan%2Fsets%2F72157661338782831%2Fshow%2F&amp;page_show_back_url=%2Fphotos%2Fkultursidan%2Fsets%2F72157661338782831%2F&amp;set_id=72157661338782831&amp;jump_to=\" \/><param name=\"movie\" value=\"https:\/\/www.flickr.com\/apps\/slideshow\/show.swf?v=1811922554\" \/><param name=\"allowFullScreen\" value=\"true\" \/><\/object><\/p>\n<blockquote>\n<h3><em>LILLA TEATERN Norrk\u00f6ping<\/em><\/h3>\n<p>17 november 2015<em><br \/>\n<strong>Plakett till minne av Tjadden och Z\u00e4ta<br \/>\n<\/strong>Initiativtagare: Sladden Hultgren<\/em><br \/>\n<em> Utformning: Ann-Charlotte Hertz<\/em><br \/>\n<em> Tillverkning: Norrk\u00f6pings Gravyr &amp; Skylt AB<\/em><br \/>\n<em> Arr: Kultur- och fritidsn\u00e4mnden, Norrk\u00f6pings kommun<\/em><\/p><\/blockquote>\n<p>L\u00c4NKAR<br \/>\nLilla teatern <a href=\"http:\/\/www.lillateatern.se\" target=\"_blank\">hemsida <\/a><br \/>\nTjaddenminnen p\u00e5 f\u00f6delsedagen <a href=\"https:\/\/www.kultursidan.nu\/?p=12876\" target=\"_blank\">reportage<\/a> Kultursidan.nu 6\/11 2013<\/p>\n","protected":false},"excerpt":{"rendered":"<p>NORRK\u00d6PING \u201dVi talar om hundratalet revyer och krogshower.\u201d Sladden Hultgren f\u00f6reslog kommunen att revymakarna Tjadden och Z\u00e4ta skulle hyllas med en plakett utanf\u00f6r Lilla Teatern. Nu sitter den uppe. <a class=\"continue-reading-link\" href=\"https:\/\/www.kultursidan.nu\/?p=22477\">L\u00e4s mer <span class=\"meta-nav\">&rarr; <\/span><\/a><\/p>\n","protected":false},"author":1001006,"featured_media":0,"comment_status":"closed","ping_status":"open","sticky":false,"template":"","format":"standard","meta":{"_jetpack_memberships_contains_paid_content":false,"footnotes":""},"categories":[7],"tags":[54,12],"class_list":["post-22477","post","type-post","status-publish","format-standard","hentry","category-norrkoping","tag-evenemang","tag-teater"],"jetpack_featured_media_url":"","jetpack_sharing_enabled":true,"_links":{"self":[{"href":"https:\/\/www.kultursidan.nu\/index.php?rest_route=\/wp\/v2\/posts\/22477","targetHints":{"allow":["GET"]}}],"collection":[{"href":"https:\/\/www.kultursidan.nu\/index.php?rest_route=\/wp\/v2\/posts"}],"about":[{"href":"https:\/\/www.kultursidan.nu\/index.php?rest_route=\/wp\/v2\/types\/post"}],"author":[{"embeddable":true,"href":"https:\/\/www.kultursidan.nu\/index.php?rest_route=\/wp\/v2\/users\/1001006"}],"replies":[{"embeddable":true,"href":"https:\/\/www.kultursidan.nu\/index.php?rest_route=%2Fwp%2Fv2%2Fcomments&post=22477"}],"version-history":[{"count":0,"href":"https:\/\/www.kultursidan.nu\/index.php?rest_route=\/wp\/v2\/posts\/22477\/revisions"}],"wp:attachment":[{"href":"https:\/\/www.kultursidan.nu\/index.php?rest_route=%2Fwp%2Fv2%2Fmedia&parent=22477"}],"wp:term":[{"taxonomy":"category","embeddable":true,"href":"https:\/\/www.kultursidan.nu\/index.php?rest_route=%2Fwp%2Fv2%2Fcategories&post=22477"},{"taxonomy":"post_tag","embeddable":true,"href":"https:\/\/www.kultursidan.nu\/index.php?rest_route=%2Fwp%2Fv2%2Ftags&post=22477"}],"curies":[{"name":"wp","href":"https:\/\/api.w.org\/{rel}","templated":true}]}}