{"id":22555,"date":"2015-11-22T19:33:52","date_gmt":"2015-11-22T18:33:52","guid":{"rendered":"https:\/\/intelligent-friend-7861.standoutwp.com\/?p=22555"},"modified":"2015-11-23T12:05:59","modified_gmt":"2015-11-23T11:05:59","slug":"lotta-kallstrom-kryddar-julens-show","status":"publish","type":"post","link":"https:\/\/www.kultursidan.nu\/?p=22555","title":{"rendered":"Lotta K\u00e4llstr\u00f6m kryddar julens show"},"content":{"rendered":"<p><a href=\"https:\/\/www.kultursidan.nu\/wp-content\/uploads\/2015\/11\/16-Majsans-grabbar.jpg\"><img loading=\"lazy\" decoding=\"async\" class=\"alignnone size-medium wp-image-22556\" src=\"https:\/\/www.kultursidan.nu\/wp-content\/uploads\/2015\/11\/16-Majsans-grabbar-567x377.jpg\" alt=\"Majsans grabbar\" width=\"567\" height=\"377\" srcset=\"https:\/\/www.kultursidan.nu\/wp-content\/uploads\/2015\/11\/16-Majsans-grabbar-567x377.jpg 567w, https:\/\/www.kultursidan.nu\/wp-content\/uploads\/2015\/11\/16-Majsans-grabbar-1024x680.jpg 1024w, https:\/\/www.kultursidan.nu\/wp-content\/uploads\/2015\/11\/16-Majsans-grabbar-501x333.jpg 501w, https:\/\/www.kultursidan.nu\/wp-content\/uploads\/2015\/11\/16-Majsans-grabbar-150x100.jpg 150w, https:\/\/www.kultursidan.nu\/wp-content\/uploads\/2015\/11\/16-Majsans-grabbar.jpg 1280w\" sizes=\"auto, (max-width: 567px) 100vw, 567px\" \/><\/a><br \/>\n<em>Majsans grabbar. Lotta K\u00e4llstr\u00f6m kryddar julshowen med tv\u00e5 muskelstinna paket.<\/em><\/p>\n<p>&nbsp;<\/p>\n<h1><span style=\"color: #ff0000;\">Majsans grabbar \u00e4r tv\u00e5 h\u00e5rda paket<br \/>\n<\/span><\/h1>\n<p>&nbsp;<\/p>\n<p><strong>Slutet av november och hela december inneb\u00e4r ett stort utbud av julbord, konserter och marknader i stort sett \u00f6verallt.<\/strong> S\u00e5 \u00e4ven p\u00e5 Elite Grand Hotel som f\u00f6r andra \u00e5ret i rad serverar julbord med show med Lotta K\u00e4llstr\u00f6m och v\u00e4nner. Lotta satsar p\u00e5 s\u00e5ng, dans och muskler.<\/p>\n<p><strong>Ensemblen blandar och ger i v\u00e4lkryddad blandning.<\/strong> K\u00e4nda och uppskattade Lotta K\u00e4llstr\u00f6m sjunger, spelar gitarr och tar med sig Majsan, sitt komiska alter ego. Den h\u00e4r g\u00e5ngen \u00f6ppnar Majsan tv\u00e5 h\u00e5rda paket \u2013 Majsans grabbar \u00e4r tv\u00e5 muskelberg med tuff uppsyn.<\/p>\n<p>Bakom muskelbergen hittar vi Stefan Wikstr\u00f6m och Peter Malmberg. Stefan \u00e4r k\u00e4nd Elvis-s\u00e5ngare, f\u00f6rst fr\u00e5n Memphis Mafia men \u00e4ven med solokarri\u00e4r. Gitarristen och s\u00e5ngaren Peter Malmberg, tidigare medlem i Liverpool, g\u00f6r g\u00e4rna shower, som <em>The Fairytale<\/em> som f\u00f6rst gjordes f\u00f6r TV i USA och sedan i Norrk\u00f6ping. I S\u00f6derk\u00f6ping har han nyligen setts som S:t Peter tillsammans med The Solid Backbones.<\/p>\n<p>\u2013 Vi har inte jobbat med varandra utan bara mot varandra tidigare, skojar killarna.<\/p>\n<p>&nbsp;<\/p>\n<p><a title=\"Mia Jonsson och Linn\u00e9a K\u00e4llstr\u00f6m\" href=\"https:\/\/www.flickr.com\/photos\/kultursidan\/22944533960\/in\/album-72157661527869515\/\"><img loading=\"lazy\" decoding=\"async\" src=\"https:\/\/farm6.staticflickr.com\/5642\/22944533960_d71d6f77a2.jpg\" alt=\"Mia Jonsson och Linn\u00e9a K\u00e4llstr\u00f6m\" width=\"500\" height=\"194\" \/><\/a><br \/>\n<em> Glittrande glada. Mia Jonsson och Linn\u00e9a K\u00e4llstr\u00f6m blir tre med Cecilia Flenhagen p\u00e5 plats.<\/em><\/p>\n<p>&nbsp;<\/p>\n<p><strong>Lottas dotter Linn\u00e9a K\u00e4llstr\u00f6m tog studenten fr\u00e5n De Geergymnasiet i v\u00e5ras. <\/strong>Hon \u00e4r m\u00e5lmedveten och pendlar mellan studierna p\u00e5 Balettakademin i Stockholm och showerna. \u00c4ven Cecilia Flenhagen, tyv\u00e4rr sjuk vid vid v\u00e5rt bes\u00f6k, har studerat vid De Geergymnasiet och har under senare \u00e5r synts i olika sammanhang.<\/p>\n<p><strong>Senast vi kunde se Mia Jonsson p\u00e5 en scen h\u00e4r i Norrk\u00f6ping var f\u00f6r cirka 8 \u00e5r sedan.<\/strong> D\u00e5 i en ABBA-show med showgruppen Diamonds tillsammans med br\u00f6derna Daniel och Bruno Mitsogiannis och Liw Eklund Swartz. Efter musikalutbildning i Bj\u00e4rnum hade Mia ocks\u00e5 engagemang p\u00e5 Safari i Link\u00f6ping.<\/p>\n<p>Familjelivet med tv\u00e5 barn har tagit sitt sedan dess, d\u00e4rf\u00f6r har vi inte sett s\u00e5 mycket av henne undantag av n\u00e5gra enstaka framtr\u00e4danden i Finsp\u00e5ng och S\u00f6derk\u00f6ping. Men nu blir det annat av!<\/p>\n<p>\u2013 Jag st\u00e4ller upp f\u00f6r att det \u00e4r roligt att testa nya grejer! Det \u00e4r ett otroligt bra g\u00e4ng som det \u00e4r kul att spela med, s\u00e4ger Mia Jonsson.<\/p>\n<p><strong>Adam Svensson, danskillen fr\u00e5n Valdemarsvik som ocks\u00e5 showdansar i stora v\u00e4rlden, har kallats in som koreograf.<\/strong> Hans huvuduppgift \u00e4r att forma flickornas r\u00f6relser, de tre yngre tjejerna framf\u00f6r l\u00e5tar av\u00a0bland andra Afrodite, Aretha Franklin och Helena Paparizou.<\/p>\n<p>\u2013 Det \u00e4r sp\u00e4nnande att m\u00f6ta m\u00e4nniskor med olika erfarenheter och l\u00e4ra k\u00e4nna dem, s\u00e4ger Adam Svensson om akt\u00f6rerna.<\/p>\n<p>&nbsp;<\/p>\n<p><a title=\"Peter Malmberg, Stefan Wikstr\u00f6m och Mia Jonsson\" href=\"https:\/\/www.flickr.com\/photos\/kultursidan\/22817197797\/in\/album-72157661527869515\/\"><img loading=\"lazy\" decoding=\"async\" src=\"https:\/\/farm6.staticflickr.com\/5833\/22817197797_85ce4253dd.jpg\" alt=\"Peter Malmberg, Stefan Wikstr\u00f6m och Mia Jonsson\" width=\"500\" height=\"332\" \/><\/a><br \/>\n<em>Nu fattas bara sn\u00f6n. Peter Malmberg, Stefan Wikstr\u00f6m och Mia Jonsson sjunger in julen.<\/em><\/p>\n<p>&nbsp;<\/p>\n<p><strong>\u2013 Det \u00e4r en Julshow, det \u00e4r viktigt att publiken k\u00e4nner sig hemma i det som erbjuds, menar Lotta K\u00e4llstr\u00f6m.<\/strong> K\u00e4nda melodier och s\u00e5nger blandade med en och annan lite mera obekant julanknuten melodi.<\/p>\n<p>F\u00f6rest\u00e4llningen b\u00f6rjar redan i entr\u00e9hallen d\u00e4r ensemblen m\u00f6ter upp innan man vandrar en trappa upp till Br\u00e5vikssalen. D\u00e4r blandas underh\u00e5llning och m\u00e5ltidpass med varandra innan efterfesten startar med mingel och DJ.<\/p>\n<p><strong>Lotta och g\u00e4nget vill inte avsl\u00f6ja alltf\u00f6r mycket, men det blir i alla fall ett avsnitt med \u201dTrubadurerna\u201d.<\/strong> En v\u00e5gad del med k\u00e4ra \u201dMajsan och hennes grabbar\u201d utlovas. Mor och dotter Lotta och Linn\u00e9a K\u00e4llstr\u00f6m visade vid under repetitionen prov p\u00e5 fin st\u00e4ms\u00e5ng i en av de mest \u00e4lskade juls\u00e5ngerna. Peter Malmbergs gitarrspel framkom i ett exempel och flickornas s\u00e5ng och dans i andra. M\u00e5nga kl\u00e4dbyten blir det och visst blir det glitter. Det \u00e4r ju jul.<\/p>\n<p>\u00a9 <em>Text: Sven \u00c5ke Molund<br \/>\n<\/em>\u00a9 <em>Foto: <\/em><em>Sven \u00c5ke Molund<\/em><\/p>\n<p>BILDSPEL (FLASH) \u2013 KLICKA P\u00c5 BILDEN <em><br \/>\nALT\/MOBIL: SE BILDSPELET <a title=\"Bildspel\" href=\"https:\/\/www.flickr.com\/photos\/kultursidan\/sets\/72157661527869515\/show\/\" target=\"_blank\">H\u00c4R<\/a><\/em><br \/>\n<object width=\"400\" height=\"300\"><param name=\"flashvars\" value=\"offsite=true&amp;lang=en-us&amp;page_show_url=%2Fphotos%2Fkultursidan%2Fsets%2F72157661527869515%2Fshow%2F&amp;page_show_back_url=%2Fphotos%2Fkultursidan%2Fsets%2F72157661527869515%2F&amp;set_id=72157661527869515&amp;jump_to=\" \/><param name=\"movie\" value=\"https:\/\/www.flickr.com\/apps\/slideshow\/show.swf?v=1811922554\" \/><param name=\"allowFullScreen\" value=\"true\" \/><\/object><\/p>\n<blockquote>\n<h3><em>ELITE GRAND HOTEL Norrk\u00f6ping<\/em><\/h3>\n<p>27 november \u2013 19 december 2015<em><br \/>\n<strong>The Grand Christmas Show<\/strong><\/em><br \/>\n<em> Lotta K\u00e4llstr\u00f6m, Stefan Wikstr\u00f6m, Peter Malmberg<\/em><br \/>\n<em> Linn\u00e9a K\u00e4llstr\u00f6m, Cecilia Flenhagen och Mia Jonsson<\/em><\/p><\/blockquote>\n<p>L\u00c4NKAR<br \/>\nLotta K\u00e4llstr\u00f6m <a href=\"http:\/\/lotta-k.com\" target=\"_blank\">hemsida<\/a> <a href=\"https:\/\/www.facebook.com\/lottaevent\/?fref=ts\" target=\"_blank\">Facebook <\/a><br \/>\nElite Grand Hotell <a href=\"https:\/\/www.elite.se\/sv\/hotell\/norrkoping\/grand-hotel\/julbord\/\" target=\"_blank\">hemsida<\/a><\/p>\n","protected":false},"excerpt":{"rendered":"<p>NORRK\u00d6PING Julen n\u00e4rmar sig. Lotta K\u00e4llstr\u00f6m f\u00f6rbereder f\u00f6r julshowen p\u00e5 Elite Grand Hotel som ska sl\u00e5ss om publiken med alla andra shower, konserter och marknader med ordet jul framf\u00f6r. Lotta satsar p\u00e5 s\u00e5ng, dans och muskler. <a class=\"continue-reading-link\" href=\"https:\/\/www.kultursidan.nu\/?p=22555\">L\u00e4s mer <span class=\"meta-nav\">&rarr; <\/span><\/a><\/p>\n","protected":false},"author":1001006,"featured_media":0,"comment_status":"closed","ping_status":"open","sticky":false,"template":"","format":"standard","meta":{"_jetpack_memberships_contains_paid_content":false,"footnotes":""},"categories":[7],"tags":[42],"class_list":["post-22555","post","type-post","status-publish","format-standard","hentry","category-norrkoping","tag-show"],"jetpack_featured_media_url":"","jetpack_sharing_enabled":true,"_links":{"self":[{"href":"https:\/\/www.kultursidan.nu\/index.php?rest_route=\/wp\/v2\/posts\/22555","targetHints":{"allow":["GET"]}}],"collection":[{"href":"https:\/\/www.kultursidan.nu\/index.php?rest_route=\/wp\/v2\/posts"}],"about":[{"href":"https:\/\/www.kultursidan.nu\/index.php?rest_route=\/wp\/v2\/types\/post"}],"author":[{"embeddable":true,"href":"https:\/\/www.kultursidan.nu\/index.php?rest_route=\/wp\/v2\/users\/1001006"}],"replies":[{"embeddable":true,"href":"https:\/\/www.kultursidan.nu\/index.php?rest_route=%2Fwp%2Fv2%2Fcomments&post=22555"}],"version-history":[{"count":0,"href":"https:\/\/www.kultursidan.nu\/index.php?rest_route=\/wp\/v2\/posts\/22555\/revisions"}],"wp:attachment":[{"href":"https:\/\/www.kultursidan.nu\/index.php?rest_route=%2Fwp%2Fv2%2Fmedia&parent=22555"}],"wp:term":[{"taxonomy":"category","embeddable":true,"href":"https:\/\/www.kultursidan.nu\/index.php?rest_route=%2Fwp%2Fv2%2Fcategories&post=22555"},{"taxonomy":"post_tag","embeddable":true,"href":"https:\/\/www.kultursidan.nu\/index.php?rest_route=%2Fwp%2Fv2%2Ftags&post=22555"}],"curies":[{"name":"wp","href":"https:\/\/api.w.org\/{rel}","templated":true}]}}