{"id":22669,"date":"2015-11-29T18:50:38","date_gmt":"2015-11-29T17:50:38","guid":{"rendered":"https:\/\/intelligent-friend-7861.standoutwp.com\/?p=22669"},"modified":"2016-06-29T15:30:01","modified_gmt":"2016-06-29T14:30:01","slug":"bravalla-fyller-pa-infor-2016-ars-festival","status":"publish","type":"post","link":"https:\/\/www.kultursidan.nu\/?p=22669","title":{"rendered":"Br\u00e5valla fyller p\u00e5 inf\u00f6r 2016 \u00e5rs festival"},"content":{"rendered":"<p><a href=\"https:\/\/www.kultursidan.nu\/wp-content\/uploads\/2015\/11\/Volbeat-4.jpg\"><img loading=\"lazy\" decoding=\"async\" class=\"alignnone size-medium wp-image-22670\" src=\"https:\/\/www.kultursidan.nu\/wp-content\/uploads\/2015\/11\/Volbeat-4-567x377.jpg\" alt=\"Volbeat\" width=\"567\" height=\"377\" srcset=\"https:\/\/www.kultursidan.nu\/wp-content\/uploads\/2015\/11\/Volbeat-4-567x377.jpg 567w, https:\/\/www.kultursidan.nu\/wp-content\/uploads\/2015\/11\/Volbeat-4-1024x680.jpg 1024w, https:\/\/www.kultursidan.nu\/wp-content\/uploads\/2015\/11\/Volbeat-4-501x333.jpg 501w, https:\/\/www.kultursidan.nu\/wp-content\/uploads\/2015\/11\/Volbeat-4-150x100.jpg 150w, https:\/\/www.kultursidan.nu\/wp-content\/uploads\/2015\/11\/Volbeat-4.jpg 1280w\" sizes=\"auto, (max-width: 567px) 100vw, 567px\" \/><\/a><br \/>\n<em>\u00c5terv\u00e4ndare 2016. Vad spelar danska Volbeat f\u00f6r slags rock \u2013 rockabilly? rock&#8217;n&#8217;roll? metal? &#8221;Det k\u00e4ndes som om de lika g\u00e4rna kunde ha varit ett garagerockband som lirar bara f\u00f6r att det tycker det \u00e4r f\u00f6rbannat kul att lira tillsammans. Det \u00e4r \u00f6s, helt enkelt.&#8221; skrev vi redan 2013.<br \/>\n<\/em><\/p>\n<p>&nbsp;<\/p>\n<h1><span style=\"color: #ff0000;\">H\u00e4r hittar du akterna efter genre (om det g\u00e5r)<br \/>\n<\/span><\/h1>\n<p>&nbsp;<\/p>\n<p><strong>Efter midsommar.<\/strong> Tre dagar blir fyra \u2013 f\u00f6r camparna. \u00c5terv\u00e4ndarna <em>Rammstein<\/em> och <em>Volbeat<\/em> st\u00e5r l\u00e4ngst fram i Br\u00e5vallas artistuppst\u00e4llning. Vi uppdaterar informationen h\u00e4r varje vecka allteftersom arrang\u00f6ren FKP Scorpio fyller p\u00e5 med nya artistsl\u00e4pp inf\u00f6r 2016 \u00e5rs festival.<\/p>\n<p><strong>Br\u00e5vallafestivalen infaller helgen efter midsommar, 30 juni \u2013 2 juli. <\/strong>Tre dagar blir fyra n\u00e4r de som bokar in sig p\u00e5 Br\u00e5vallas egen camping f\u00e5r en f\u00f6rfest. Allts\u00e5 inte \u00f6l i t\u00e4ltet med g\u00e4nget utan med artister och DJ:s p\u00e5 scen 29 juni. Samt m\u00f6jlighet att k\u00f6pa mat och dryck p\u00e5 plats.<\/p>\n<p><strong>Br\u00e5valla \u00e4r festivalen som <\/strong><strong>direkt <\/strong><strong>accelererade fr\u00e5n 0 till \u00f6ver 50.000 i publiken.<\/strong> 2016 \u00e5rs festival \u00e4r den fj\u00e4rde i ordningen och nu ser vi hur inte bara publiken kommer tillbaka utan \u00e4ven flera akter. F\u00f6rst i ordningen \u00e4r tyska industrimetalbandet <em>Rammstein<\/em> vars grandiosa liveshow v\u00e4gde tungt \u00e5r 1 i Br\u00e5vallafestivalens tider\u00e4kning. \u00c4ven danska rockarna <em>Volbeat<\/em> kommer tillbaka.<\/p>\n<p><strong>P\u00e5 den h\u00e4r sidan kommer vi att sortera akterna efter genre, vissa akter kan hamna under mer \u00e4n en. <\/strong>Kom allts\u00e5 tillbaka hit d\u00e5 och d\u00e5, f\u00f6r vi fyller p\u00e5 allteftersom FKP Scorpio sl\u00e4pper nytt (cirka 1 g\u00e5ng\/vecka). Du kommer hit med hj\u00e4lp av Br\u00e5vallabl\u00e4nkaren i annonslistan.<\/p>\n<p><strong>Om Br\u00e5vallafestivalen hittills har tung snedf\u00f6rdelning mellan manliga och kvinnliga artister till m\u00e4nnens f\u00f6rdel<\/strong> \u00e4r f\u00f6rh\u00e5llandet n\u00e5got helt annat p\u00e5 Br\u00e5vallafestivalens lillasyster Where\u2019s The Music i februari. Det ger hopp f\u00f6r framtiden \u2013 \u00e4ven f\u00f6r Br\u00e5vallafestivalen. I \u00e5r utlovar Br\u00e5valla en kvinnlig headline \u2013 det har bara tagit fyra \u00e5r.<\/p>\n<p>\u00a9 <em>Text: Ann-Charlotte Sandelin<br \/>\n<\/em>\u00a9 <em>Foto: <\/em><em>Samuel Sandelin<\/em><\/p>\n<p>L\u00c4NKAR<br \/>\nBr\u00e5vallafestivalen <a href=\"http:\/\/www.bravallafestival.se\" target=\"_blank\">hemsida<\/a> <a href=\"https:\/\/www.facebook.com\/bravallafestivalen\/?fref=ts\" target=\"_blank\">Facebook<\/a><\/p>\n<blockquote>\n<h3><em>BR\u00c5VALLA Norrk\u00f6ping<\/em><\/h3>\n<p>30 juni \u2013 2 juli 2016 <strong><br \/>\n<em>Br\u00e5vallafestivalen<\/em><\/strong><br \/>\n<em>Arr: FKP Scorpio<\/em><\/p>\n<p style=\"padding-left: 30px;\"><em>F\u00f6rfest p\u00e5 campingen 29\/6 2016<br \/>\n<strong>Frej Larsson<\/strong> \u2013 rap<br \/>\n<strong>E-Type<\/strong> \u2013 eurodisco<br \/>\n<\/em><\/p>\n<\/blockquote>\n<h3><strong>Br\u00e5valla Comedy \u2013 stand up<\/strong><\/h3>\n<p>Kodjo Akolor<br \/>\nKristoffer Appelquist<br \/>\nNisse Hallberg<br \/>\nPernilla Hammargren<br \/>\nEmma Knyckare<br \/>\nBianca &amp; Tiffany Kronl\u00f6f feat. Thom Gissl\u00e9n<br \/>\nShanthi Rydwall-Menon<br \/>\nHenrik Schyffert<br \/>\nPetrina Solange<br \/>\nDavid Sundin<br \/>\nElinor Svensson<br \/>\nFredrik S\u00f6derholm<\/p>\n<h3><strong>Akter efter musikgenre<\/strong><\/h3>\n<p><em>HIP-HOP \/ RAP<\/em><br \/>\n<em> Action Bronson (USA)<br \/>\nAngel Haze (USA)<br \/>\nA$AP Ferg (USA)<br \/>\nBugzy Alone (GB)<br \/>\nElliphant (SE)<br \/>\nErik Lundin (SE)<br \/>\nHouse of Pain (USA)<br \/>\nMacklemore &amp; Ryan Lewis (USA)<br \/>\nMac Miller (USA)<br \/>\nMovits! (SE)<br \/>\nMwuana (SE)<\/em><br \/>\n<em>Timbuktu (SE)<\/em><br \/>\n<em> Wiz Khalifa (USA)<br \/>\nYelawolf (USA)<br \/>\nYungen (GB)<br \/>\n<\/em><\/p>\n<p><em>HOUSE\/DJ\/ELECTRONICA<\/em><br \/>\n<em>Afrojack (NL)<br \/>\nAlan Walker (NO)<br \/>\nAlbin Myers (SE)<br \/>\nB Jones (SE)<br \/>\nCraig Davod&#8217;s TS5 (USA)<br \/>\nDavid Tort (ESP)<br \/>\nDimitri Vangelis &amp; Wyman (SE)<br \/>\nDon Diablo (NL)<br \/>\nEDX (SUI)<br \/>\nFelix Jaehn (DE)<br \/>\nFilip Jenven (SE)<br \/>\nGalantis (SE)<br \/>\nGRABB (SE)<br \/>\nHardwell (NL)<br \/>\nHenrik B (SE)<br \/>\nJohn Dahlb\u00e4ck (SE)<br \/>\nJohn de Sohn (SE)<br \/>\n<\/em><em>Lost Frequencies (B)<br \/>\nMarcus H\u00e4gg (SE)<br \/>\nNatalia Barbin (SE)<br \/>\nNorrk\u00f6pings Symfoniorkester (SE)<br \/>\nOskar Syk (SE)<br \/>\nPierro (SE)<br \/>\nSam Feldt (NL)<br \/>\nTJUVA (SE)<br \/>\nTungevaag &amp; Raaban (SE\/NO)<br \/>\nVigiland (SE)<br \/>\nYellow Claw (NL)<br \/>\n<\/em><\/p>\n<p><em>METAL<br \/>\nAmon Amarth (SE)<br \/>\nAugust Burns Red (USA)<br \/>\nBring Me The Horizon (GB)<br \/>\nBullet For My Valentin (GB)<\/em><br \/>\n<em> Five Finger Death Punsch (USA)<br \/>\nLost Society (FI)<\/em><br \/>\n<em>Nightwish<\/em> (FI)<br \/>\n<em> Rammstein (DE)<\/em><br \/>\n<em>Volbeat (DK)<\/em><\/p>\n<p><em>POP\/VISA\/SINGER-SONGWRITER<\/em><br \/>\n<em> The 1975 (GB)<br \/>\nBlossoms (GB)<br \/>\nB\u00f8rns (USA)<br \/>\nCigarettes After Sex (USA)<br \/>\nDaniel Adams-Ray (SE)<br \/>\nDen svenska bj\u00f6rnstammen (SE)<br \/>\nHinds (ES)<br \/>\nIcona Pop (SE)<br \/>\nJamie Lawson (GB)<br \/>\nLaakso (SE)<br \/>\nLorentz (SE)<br \/>\nLukas Graham (DK)<br \/>\nMelissa Horn (SE)<br \/>\nMiike Snow (SE-USA)<br \/>\nSmith and Thell (SE)<br \/>\nTired Lion (AU)<br \/>\nVeronica Maggio (SE)<br \/>\nZara Larsson (SE)<br \/>\n<\/em><\/p>\n<p><em>PUNK<\/em><br \/>\n<em> Editors (GB)<br \/>\nFlogging Molly (US)<br \/>\n<\/em><em>Turbonegro (NO)<\/em><\/p>\n<p><em>ROCK\/BLUES\/FOLK<br \/>\nAt The Drive-In (USA)<br \/>\nBand of Horses (USA)<br \/>\nBastille (GB)<br \/>\nBlues Pills (SE)<br \/>\nBiffy Clyro (GB)<br \/>\nGraveyard (SE)<br \/>\nHighasakite (NO)<br \/>\nMuford &amp; Sons (GB)<br \/>\nPublic Service Broadcasting (GB)<br \/>\nSkinny Lister (GB)<\/em><br \/>\n<em> Tenacious D (USA)<br \/>\nThe Sounds (SE)<\/em><br \/>\n<em> Volbeat (DK)<\/em><\/p>\n","protected":false},"excerpt":{"rendered":"<p>NORRK\u00d6PING Efter midsommar. \u00c5terv\u00e4ndarna Rammstein st\u00e5r l\u00e4ngst fram i Br\u00e5vallas artistk\u00f6. Tre dagar blir fyra \u2013 f\u00f6r camparna. Vi uppdaterar informationen h\u00e4r varje vecka fram till festivalen allteftersom FKP Scorpio fyller p\u00e5 med nya artistsl\u00e4pp. <a class=\"continue-reading-link\" href=\"https:\/\/www.kultursidan.nu\/?p=22669\">L\u00e4s mer <span class=\"meta-nav\">&rarr; <\/span><\/a><\/p>\n","protected":false},"author":1001006,"featured_media":0,"comment_status":"closed","ping_status":"open","sticky":false,"template":"","format":"standard","meta":{"_jetpack_memberships_contains_paid_content":false,"footnotes":""},"categories":[7],"tags":[29,13],"class_list":["post-22669","post","type-post","status-publish","format-standard","hentry","category-norrkoping","tag-festival","tag-musik"],"jetpack_featured_media_url":"","jetpack_sharing_enabled":true,"_links":{"self":[{"href":"https:\/\/www.kultursidan.nu\/index.php?rest_route=\/wp\/v2\/posts\/22669","targetHints":{"allow":["GET"]}}],"collection":[{"href":"https:\/\/www.kultursidan.nu\/index.php?rest_route=\/wp\/v2\/posts"}],"about":[{"href":"https:\/\/www.kultursidan.nu\/index.php?rest_route=\/wp\/v2\/types\/post"}],"author":[{"embeddable":true,"href":"https:\/\/www.kultursidan.nu\/index.php?rest_route=\/wp\/v2\/users\/1001006"}],"replies":[{"embeddable":true,"href":"https:\/\/www.kultursidan.nu\/index.php?rest_route=%2Fwp%2Fv2%2Fcomments&post=22669"}],"version-history":[{"count":0,"href":"https:\/\/www.kultursidan.nu\/index.php?rest_route=\/wp\/v2\/posts\/22669\/revisions"}],"wp:attachment":[{"href":"https:\/\/www.kultursidan.nu\/index.php?rest_route=%2Fwp%2Fv2%2Fmedia&parent=22669"}],"wp:term":[{"taxonomy":"category","embeddable":true,"href":"https:\/\/www.kultursidan.nu\/index.php?rest_route=%2Fwp%2Fv2%2Fcategories&post=22669"},{"taxonomy":"post_tag","embeddable":true,"href":"https:\/\/www.kultursidan.nu\/index.php?rest_route=%2Fwp%2Fv2%2Ftags&post=22669"}],"curies":[{"name":"wp","href":"https:\/\/api.w.org\/{rel}","templated":true}]}}