{"id":2272,"date":"2011-09-14T10:00:32","date_gmt":"2011-09-14T08:00:32","guid":{"rendered":"https:\/\/intelligent-friend-7861.standoutwp.com\/?p=2272"},"modified":"2014-06-14T12:35:56","modified_gmt":"2014-06-14T11:35:56","slug":"lisa-mobergs-inte-klar-med-dagen","status":"publish","type":"post","link":"https:\/\/www.kultursidan.nu\/?p=2272","title":{"rendered":"Lisa Mobergs Inte klar med dagen (recension)"},"content":{"rendered":"<p><iframe loading=\"lazy\" src=\"https:\/\/www.flickr.com\/photos\/kultursidan\/6146625662\/player\/\" width=\"150\" height=\"215\" frameborder=\"0\" allowfullscreen webkitallowfullscreen mozallowfullscreen oallowfullscreen msallowfullscreen><\/iframe><\/p>\n<p><em>Lisa Mobergs andra diktsamling sl\u00e4pps p\u00e5 releaseparty i butiken Popsi, Norrk\u00f6ping,<br \/>\nonsdag den 14 september 2011.<\/em><\/p>\n<p>&nbsp;<\/p>\n<h1><span style=\"color: #ff0000;\">Till farfar \u2013 hyllning och farv\u00e4l<\/span><\/h1>\n<p>&nbsp;<\/p>\n<p><strong>P\u00e5 natten \u00e4r allt annorlunda \u00e4n p\u00e5 dagen.<\/strong> Denna sanning har Lisa Moberg tagit fasta p\u00e5. Det blir m\u00e5nga sena n\u00e4tter med n\u00e4san \u00f6ver b\u00f6ckerna, l\u00e4rarstuderande som hon \u00e4r. P\u00e5 natten k\u00e4nns farfar n\u00e4ra och flera av dikterna i <strong><em>Inte klar med dagen<\/em><\/strong> l\u00e4ser jag som en hyllning-, men ocks\u00e5 ett slags farv\u00e4l till farfadern som nyligen slutat sina dagar, 82 \u00e5r gammal.<\/p>\n<p><em>Du m\u00e5ste ha f\u00f6tts ur en eld<br \/>\nen brinnande stj\u00e4rna<br \/>\nn\u00e5gonstans<br \/>\nf\u00f6r din gl\u00f6dande v\u00e4rldsbild<\/em><\/p>\n<p><em>Din l\u00e5ga slocknade aldrig<br \/>\np\u00e5 ditt fackelt\u00e5g<br \/>\ngenom min splittrade kropp<br \/>\nd\u00e5 du t\u00e4nde mitt hopp<br \/>\nt\u00e4nde alla mina stearinljus<\/em><\/p>\n<p><strong>Det \u00e4r vackert, spr\u00e5ket sp\u00e4nnande.<\/strong> Men samtidigt k\u00e4nner man en f\u00f6rvirring. En igenk\u00e4nnande f\u00f6rvirring. Den d\u00e4r som l\u00e4tt uppst\u00e5r n\u00e4r man \u00e4r upptagen och har en massa bollar i luften samtidigt. Man vill v\u00e4ldigt mycket.<br \/>\nDenna slags f\u00f6rvirring kan jag k\u00e4nna viss saknad efter ibland. Allting sker p\u00e5 en g\u00e5ng, och tiden vill inte r\u00e4cka till.<\/p>\n<p><em>Jag \u00e4r inte klar med dagen<br \/>\ninte klar med det liv<br \/>\njag lever idag<br \/>\ndet liv som inte garanterar<br \/>\nen morgondag<br \/>\nf\u00f6r mig eller den jag \u00e4lskar<\/em><\/p>\n<p><strong>Inte klar med dagen \u00e4r en diktsamling som g\u00f6r mig glad.<\/strong> Jag hoppas den blir l\u00e4st av m\u00e5nga. Jag tror att Lisa Moberg \u00e4r namn vi kommer att h\u00f6ra mycket om i en framtid.<br \/>\n<em>Eva Lindblad<\/em><\/p>\n<p><em><br \/>\n<\/em><\/p>\n<ul>\n<li>\n<h3>POESI<\/h3>\n<\/li>\n<li><strong>Inte klar med dagen<\/strong><br \/>\nLisa Moberg<br \/>\n<em>Books on demand<\/em><\/li>\n<li><strong>Inte klar med dagen<\/strong><br \/>\nCD. Inl\u00e4sning av Lisa Moberg och med musik av Dani Christenssen<\/li>\n<li>Boken kan k\u00f6pas p\u00e5 n\u00e4tet, bok och cd finns p\u00e5 Popsi, Kn\u00e4ppingsborgsgatan i Norrk\u00f6ping<\/li>\n<\/ul>\n<p>&nbsp;<\/p>\n<p>L\u00c4NKAR<br \/>\nLisa Mobergs <a title=\"Lisa Moberg\" href=\"http:\/\/lisamoberg.wordpress.com\/\" target=\"_blank\">blogg <\/a><br \/>\nBook on demand <a title=\"Books on demand\" href=\"http:\/\/www.books-on-demand.com\/\" target=\"_blank\">f\u00f6rlag<\/a><\/p>\n<p>&nbsp;<\/p>\n<p>FLER BILDER \u2013 KLICKA<\/p>\n<p>[flickr-gallery mode=&#8221;photoset&#8221; photoset=&#8221;72157627543281649&#8243;]<\/p>\n","protected":false},"excerpt":{"rendered":"<p>Tiden r\u00e4cker inte alltid till. Och till slut \u00e4r den till \u00e4nda. Med sin andra diktsamling hyllar poeten sin farfar och k\u00e4nner igen sig i livets otillr\u00e4cklighet. Det \u00e4r vackert, sp\u00e4nnande spr\u00e5k och f\u00f6rvirrande.  <a class=\"continue-reading-link\" href=\"https:\/\/www.kultursidan.nu\/?p=2272\">L\u00e4s mer <span class=\"meta-nav\">&rarr; <\/span><\/a><\/p>\n","protected":false},"author":1001006,"featured_media":0,"comment_status":"closed","ping_status":"open","sticky":false,"template":"","format":"standard","meta":{"_jetpack_memberships_contains_paid_content":false,"footnotes":""},"categories":[64,7],"tags":[16,51],"class_list":["post-2272","post","type-post","status-publish","format-standard","hentry","category-litteratur-2","category-norrkoping","tag-litteratur","tag-poesi"],"jetpack_featured_media_url":"","jetpack_sharing_enabled":true,"_links":{"self":[{"href":"https:\/\/www.kultursidan.nu\/index.php?rest_route=\/wp\/v2\/posts\/2272","targetHints":{"allow":["GET"]}}],"collection":[{"href":"https:\/\/www.kultursidan.nu\/index.php?rest_route=\/wp\/v2\/posts"}],"about":[{"href":"https:\/\/www.kultursidan.nu\/index.php?rest_route=\/wp\/v2\/types\/post"}],"author":[{"embeddable":true,"href":"https:\/\/www.kultursidan.nu\/index.php?rest_route=\/wp\/v2\/users\/1001006"}],"replies":[{"embeddable":true,"href":"https:\/\/www.kultursidan.nu\/index.php?rest_route=%2Fwp%2Fv2%2Fcomments&post=2272"}],"version-history":[{"count":0,"href":"https:\/\/www.kultursidan.nu\/index.php?rest_route=\/wp\/v2\/posts\/2272\/revisions"}],"wp:attachment":[{"href":"https:\/\/www.kultursidan.nu\/index.php?rest_route=%2Fwp%2Fv2%2Fmedia&parent=2272"}],"wp:term":[{"taxonomy":"category","embeddable":true,"href":"https:\/\/www.kultursidan.nu\/index.php?rest_route=%2Fwp%2Fv2%2Fcategories&post=2272"},{"taxonomy":"post_tag","embeddable":true,"href":"https:\/\/www.kultursidan.nu\/index.php?rest_route=%2Fwp%2Fv2%2Ftags&post=2272"}],"curies":[{"name":"wp","href":"https:\/\/api.w.org\/{rel}","templated":true}]}}