{"id":22815,"date":"2015-12-08T18:03:54","date_gmt":"2015-12-08T17:03:54","guid":{"rendered":"https:\/\/intelligent-friend-7861.standoutwp.com\/?p=22815"},"modified":"2015-12-09T08:28:05","modified_gmt":"2015-12-09T07:28:05","slug":"carina-perenkranz-blir-starka-selma","status":"publish","type":"post","link":"https:\/\/www.kultursidan.nu\/?p=22815","title":{"rendered":"Carina Perenkranz blir starka Selma"},"content":{"rendered":"<p><a href=\"https:\/\/www.kultursidan.nu\/wp-content\/uploads\/2015\/12\/Jag-Selma.jpg\"><img loading=\"lazy\" decoding=\"async\" class=\"alignnone size-medium wp-image-22816\" src=\"https:\/\/www.kultursidan.nu\/wp-content\/uploads\/2015\/12\/Jag-Selma-567x378.jpg\" alt=\"Carina Perenkranz som Selma\" width=\"567\" height=\"378\" srcset=\"https:\/\/www.kultursidan.nu\/wp-content\/uploads\/2015\/12\/Jag-Selma-567x378.jpg 567w, https:\/\/www.kultursidan.nu\/wp-content\/uploads\/2015\/12\/Jag-Selma-1024x682.jpg 1024w, https:\/\/www.kultursidan.nu\/wp-content\/uploads\/2015\/12\/Jag-Selma-500x333.jpg 500w, https:\/\/www.kultursidan.nu\/wp-content\/uploads\/2015\/12\/Jag-Selma-150x100.jpg 150w, https:\/\/www.kultursidan.nu\/wp-content\/uploads\/2015\/12\/Jag-Selma.jpg 1280w\" sizes=\"auto, (max-width: 567px) 100vw, 567px\" \/><\/a><em><br \/>\nF\u00f6rfattare och nobelpristagare. Carina Perenkranz har premi\u00e4r med Jag \u2013 Selma p\u00e5 Lilla teatern 17 december.<\/em><\/p>\n<p>&nbsp;<\/p>\n<h1><span style=\"color: #ff0000;\">\u201dMitt konstn\u00e4rskap \u00e4r viktigt f\u00f6r mig\u201d<\/span><\/h1>\n<p><strong><em>\u00a0<\/em><\/strong><\/p>\n<p><strong><em>Jag \u2013 Selma<\/em> \u00e4r ett hj\u00e4rteprojekt.<\/strong> Den 17 december har Carina Perenkranz premi\u00e4r p\u00e5 Agneta Elers-Jarlemans monolog om Sveriges stora f\u00f6rfattare p\u00e5 Lilla teatern f\u00f6re jul. Att Selman \u2013 20-lappen \u2013 ska g\u00e5 ur tiden n\u00e4sta \u00e5r satte fart p\u00e5 id\u00e9n att g\u00f6ra n\u00e5got p\u00e5 Selma Lagerl\u00f6f. I v\u00e5r blir det turn\u00e9.<\/p>\n<p><strong>\u2013 Mitt konstn\u00e4rskap \u00e4r viktigt f\u00f6r mig, s\u00e4ger Carina Perenkranz.<\/strong> Hon tar emot i 1800-talssoffan p\u00e5 Kaf\u00e9 Kuriosa, kl\u00e4dd i syrenlila kl\u00e4nning med spetsurringning. Och h\u00e5ret, ja h\u00e5ret \u00e4r ju Selma upp i dagen med volym ovan h\u00e5rf\u00e4stet och den h\u00f6ga knuten i nacken. Distingerat med gr\u00e5 och vita slingor i det m\u00f6rka.<\/p>\n<p>\u2013 Det h\u00e4nder att jag tar av mig peruken under f\u00f6rest\u00e4llningen, s\u00e4ger Carina, som n\u00e4r Selma ber\u00e4ttar om hur barnen bodde p\u00e5 vinden p\u00e5 M\u00e5rbacka. T\u00e4nk att de inte fick bo tillsammans med f\u00f6r\u00e4ldrarna.<\/p>\n<p><strong>Det h\u00e4nder d\u00e5 och d\u00e5 att Carina Perenkranz v\u00e4xlar \u00f6ver och bejakar allvaret inom sig.<\/strong> N\u00f6jet har sin tid och allvaret m\u00e5ste f\u00e5 sin. Det h\u00e4r \u00e4r ett s\u00e5dant tillf\u00e4lle. Tanken p\u00e5 Selma Lagerl\u00f6f har legat och grott i flera \u00e5r; Sveriges stora f\u00f6rfattare, som slog igenom med <em>G\u00f6sta Berlings saga<\/em>, som skrev <em>K\u00f6rkarlen<\/em> och som fick Nobelpriset. \u201dInnan kvinnorna fick r\u00f6str\u00e4tt i Sverige!\u201d. Carina Perenkranz har l\u00e4st en hel del av henne och om henne.<\/p>\n<p>\u2013 Det \u00e4r hennes f\u00f6rfattarskap som fascinerar mig. Att hon har \u00f6verlevt \u00e4n idag n\u00e4r s\u00e5 m\u00e5nga andra som hyllats har f\u00f6rsvunnit efter sin d\u00f6d. T\u00e4nk att hon kunde skriva s\u00e5 olika, det \u00e4r en s\u00e5dan bredd fr\u00e5n det sagoaktiga till det brutala. Och ett mustigt spr\u00e5k. Hon m\u00e5lar upp bilder, ja hon \u00e4r skicklig p\u00e5 det. Och samtiden f\u00f6rstod att hon levde med kvinnor men brydde sig inte om det.<\/p>\n<p>&nbsp;<\/p>\n<p><a title=\"Selma Lagerl\u00f6f 1906\" href=\"https:\/\/www.flickr.com\/photos\/kultursidan\/23502283732\/in\/album-72157662030728171\/\"><img loading=\"lazy\" decoding=\"async\" src=\"https:\/\/farm6.staticflickr.com\/5713\/23502283732_4d265c93e8.jpg\" alt=\"Selma Lagerl\u00f6f 1906\" width=\"329\" height=\"500\" \/><\/a><br \/>\n<em>Uppskattad f\u00f6rfattare. Selma Lagerl\u00f6f gick till fotografen \u00e5r 1906.<\/em><\/p>\n<p>&nbsp;<\/p>\n<p><strong>Selma Lagel\u00f6f var \u2013 eller blev \u2013 en stark kvinna.<\/strong> En f\u00f6rebild f\u00f6r m\u00e5nga och f\u00f6r Carina.<\/p>\n<p>\u2013 Jag har alltid fascinerats av starka kvinnor, ber\u00e4ttar Carina Perenkranz och p\u00e5minner om sin enkvinnasshow <em>Fr\u00e5n Julia till Babben<\/em>.<\/p>\n<p>Den showen turnerade hon med i hela Sverige. Liksom monologen <em>Shirley Valentine<\/em> som hade premi\u00e4r vinter 2012 och hon spelar \u00e4n i dag. N\u00e5, de hade b\u00e5da en hel del humor i sig. Det har inte <em>Jag \u2013 Selma<\/em>.<\/p>\n<p>\u2013 Selma har ju s\u00e5 mycket sv\u00e4rta i sig s\u00e5 jag har inte v\u00e5gat tidigare.<\/p>\n<p><strong>Sverige byter sedlar, nu f\u00e5r vi en Astrid i handen allt oftare \u00e4n en Selma i v\u00e4xel.<\/strong> Att Selman, 20-kronorssedeln, f\u00f6rsvinner under 2016 var ett nu-eller-aldrig-\u00f6gonblick. Nu.<\/p>\n<p>Carina damms\u00f6g teaterf\u00f6rlagen och hittade Agneta Elers-Jarlemans monolog om Selma Lagerl\u00f6f skriven f\u00f6r gymnasiet och med fina recensioner.<\/p>\n<p>Selma Lagerl\u00f6f fick Nobelpriset i litteratur 1909 (den tredje kvinnan att f\u00e5 Nobelpris efter Marie Curie 1903 och Bertha von Suttner 1906). Hon var d\u00e5 51 \u00e5r och kunde \u00e4ntligen k\u00f6pa tillbaka M\u00e5rbacka, barndomshemmet i V\u00e4rmland. I f\u00f6rest\u00e4llningen ser nobelpristagaren tillbaka p\u00e5 sitt liv, funderar \u00f6ver vad det var som gjorde just henne till f\u00f6rfattare.<\/p>\n<p><strong>Tre \u00e5r efter att Carina Perenkranz och n\u00f6jespartnern Pontus Helander l\u00e4mnade Skandiateatern p\u00e5 Drottninggatan har Carina fullt upp.<\/strong> Mycket n\u00f6je \u00e4r det, en del tillsammans med Pontus Helander och \u00e4nd\u00e5 mer i andra sammanhang.<\/p>\n<p>N\u00e4r det g\u00e4ller allvaret g\u00e5r hon sina egna v\u00e4gar. Carina satsar fullt ut och har bett Ulf Pilov regissera. Han \u00e4r k\u00e4nd fr\u00e5n scen och bioduk, och f\u00f6r Tjechovensemblens upps\u00e4ttningar som han ansvarat f\u00f6r sedan 2004 i Stockholm och Vaxholm.<\/p>\n<p>\u2013 Om nu Pontus l\u00e4ngtar efter att bli samtalsterapeut (han \u00e4r p\u00e5 god v\u00e4g i den utbildningen \u00e4ven om han nu ska spela med i musikalen <em>The Phantom of the Opera<\/em>) s\u00e5 kanske jag l\u00e4ngtar efter att uttrycka mitt innersta. Mitt konstn\u00e4rskap \u00e4r viktigt f\u00f6r mig.<\/p>\n<p><strong>Carina Perenkranz har packat Selmas resv\u00e4ska.<\/strong> Turen g\u00e5r till Lilla teatern i Norrk\u00f6ping, vidare till Teater Brunnsgatan 4 i Stockholm och sedan med Riksteatern runt om i Sverige.<\/p>\n<p>Nu v\u00e5gar hon.<\/p>\n<p>\u00a9 <em>Text: Ann-Charlotte Sandelin<br \/>\n<\/em>\u00a9 <em>Foto: <\/em><em>Ann-Charlotte Sandelin och A. Blomberg<\/em><\/p>\n<blockquote>\n<h3><em>LILLA TEATERN Norrk\u00f6ping<\/em><\/h3>\n<p>17, 20 december 2015<em><br \/>\n<strong>Jag Selma<\/strong><\/em><br \/>\n<em> Monolog av Agneta Elers-Jarleman<\/em><br \/>\n<em> Regi: Ulf Pilov<\/em><br \/>\n<em> Sk\u00e5despelare: Carina Perenkranz<\/em><\/p><\/blockquote>\n<p>L\u00c4NKAR<br \/>\nSelma Lagerl\u00f6f <a href=\"https:\/\/sv.wikipedia.org\/wiki\/Selma_Lagerl\u00f6f\" target=\"_blank\">Wikipedia<\/a> <a href=\"http:\/\/www.selmalagerlof.org\" target=\"_blank\">Litter\u00e4rt s\u00e4llskap<\/a><br \/>\nAgneta Elers-Jarleman <a href=\"https:\/\/sv.wikipedia.org\/wiki\/Agneta_Elers-Jarleman\" target=\"_blank\">Wikipedia <\/a><br \/>\nUlf Pilov <a href=\"http:\/\/ulfpilov.se\" target=\"_blank\">hemsida <\/a><br \/>\nCarina Perenkranz <a href=\"http:\/\/www.choppevent.se\/\" target=\"_blank\">choppevent<\/a> <a href=\"https:\/\/www.facebook.com\/carina.perenkranz?fref=ts\" target=\"_blank\">Facebook<\/a> <a href=\"https:\/\/www.facebook.com\/groups\/222309853820\/?fref=ts\" target=\"_blank\">Facebook\/Skandiateatern<\/a><a href=\"https:\/\/www.facebook.com\/carina.perenkranz?fref=ts\" target=\"_blank\"><br \/>\n<\/a>Lilla teatern <a href=\"http:\/\/www.lillateatern.se\" target=\"_blank\">hemsida<br \/>\n<\/a>Teater Brunnsgatan 4 <a href=\"http:\/\/brunnsgatanfyra.se\" target=\"_blank\">hemsida<\/a><\/p>\n","protected":false},"excerpt":{"rendered":"<p>NORRK\u00d6PING Jag \u2013 Selma \u00e4r ett hj\u00e4rteprojekt. Carina Perenkranz har premi\u00e4r p\u00e5 monologen om Sveriges stora f\u00f6rfattare p\u00e5 Lilla teatern f\u00f6re jul. Att Selman \u2013 20-lappen \u2013 ska g\u00e5 ur tiden satte fart p\u00e5 id\u00e9n att g\u00f6ra n\u00e5got p\u00e5 Selma Lagerl\u00f6f. I v\u00e5r blir det turn\u00e9. <a class=\"continue-reading-link\" href=\"https:\/\/www.kultursidan.nu\/?p=22815\">L\u00e4s mer <span class=\"meta-nav\">&rarr; <\/span><\/a><\/p>\n","protected":false},"author":1001006,"featured_media":0,"comment_status":"closed","ping_status":"open","sticky":false,"template":"","format":"standard","meta":{"_jetpack_memberships_contains_paid_content":false,"footnotes":""},"categories":[7],"tags":[12],"class_list":["post-22815","post","type-post","status-publish","format-standard","hentry","category-norrkoping","tag-teater"],"jetpack_featured_media_url":"","jetpack_sharing_enabled":true,"_links":{"self":[{"href":"https:\/\/www.kultursidan.nu\/index.php?rest_route=\/wp\/v2\/posts\/22815","targetHints":{"allow":["GET"]}}],"collection":[{"href":"https:\/\/www.kultursidan.nu\/index.php?rest_route=\/wp\/v2\/posts"}],"about":[{"href":"https:\/\/www.kultursidan.nu\/index.php?rest_route=\/wp\/v2\/types\/post"}],"author":[{"embeddable":true,"href":"https:\/\/www.kultursidan.nu\/index.php?rest_route=\/wp\/v2\/users\/1001006"}],"replies":[{"embeddable":true,"href":"https:\/\/www.kultursidan.nu\/index.php?rest_route=%2Fwp%2Fv2%2Fcomments&post=22815"}],"version-history":[{"count":0,"href":"https:\/\/www.kultursidan.nu\/index.php?rest_route=\/wp\/v2\/posts\/22815\/revisions"}],"wp:attachment":[{"href":"https:\/\/www.kultursidan.nu\/index.php?rest_route=%2Fwp%2Fv2%2Fmedia&parent=22815"}],"wp:term":[{"taxonomy":"category","embeddable":true,"href":"https:\/\/www.kultursidan.nu\/index.php?rest_route=%2Fwp%2Fv2%2Fcategories&post=22815"},{"taxonomy":"post_tag","embeddable":true,"href":"https:\/\/www.kultursidan.nu\/index.php?rest_route=%2Fwp%2Fv2%2Ftags&post=22815"}],"curies":[{"name":"wp","href":"https:\/\/api.w.org\/{rel}","templated":true}]}}