{"id":22951,"date":"2015-12-20T13:50:24","date_gmt":"2015-12-20T12:50:24","guid":{"rendered":"https:\/\/intelligent-friend-7861.standoutwp.com\/?p=22951"},"modified":"2015-12-20T14:07:48","modified_gmt":"2015-12-20T13:07:48","slug":"jag-selma-med-radsla-tvivel-och-langtan-recension","status":"publish","type":"post","link":"https:\/\/www.kultursidan.nu\/?p=22951","title":{"rendered":"Jag \u2013 Selma med r\u00e4dsla, tvivel och l\u00e4ngtan (recension)"},"content":{"rendered":"<p><img loading=\"lazy\" decoding=\"async\" class=\"alignnone size-medium wp-image-22952\" src=\"https:\/\/www.kultursidan.nu\/wp-content\/uploads\/2015\/12\/IMG_3787-567x378.jpg\" alt=\"Jag \u2013 Selma, Carina Perenkranz\" width=\"567\" height=\"378\" srcset=\"https:\/\/www.kultursidan.nu\/wp-content\/uploads\/2015\/12\/IMG_3787-567x378.jpg 567w, https:\/\/www.kultursidan.nu\/wp-content\/uploads\/2015\/12\/IMG_3787-768x512.jpg 768w, https:\/\/www.kultursidan.nu\/wp-content\/uploads\/2015\/12\/IMG_3787-1024x682.jpg 1024w, https:\/\/www.kultursidan.nu\/wp-content\/uploads\/2015\/12\/IMG_3787-500x333.jpg 500w, https:\/\/www.kultursidan.nu\/wp-content\/uploads\/2015\/12\/IMG_3787-150x100.jpg 150w, https:\/\/www.kultursidan.nu\/wp-content\/uploads\/2015\/12\/IMG_3787.jpg 1280w\" sizes=\"auto, (max-width: 567px) 100vw, 567px\" \/><em><br \/>\nSagober\u00e4tterskan. I monologen Jag \u2013 Selma kl\u00e4r Carina Perenkranz av henne b\u00e5de\u00a0kvarnhjulshatt och spetskr\u00e5s och l\u00e5ter oss m\u00f6ta en flicka med r\u00e4dsla, tvivel och l\u00e4ngtan.<\/em><\/p>\n<p>&nbsp;<\/p>\n<h1><span style=\"color: #ff0000;\">Nobelpriset gav henne M\u00e5rbacka tillbaka<\/span><\/h1>\n<p>&nbsp;<\/p>\n<p><strong>Ett skrivbord, en stol, ett litet bord dekorerat med en broderad duk och en tamburmajor, \u00e4r rekvisitan som v\u00e4lkomnar teaterbes\u00f6karna till monologen <em>Jag \u2013 Selma<\/em>.<\/strong> Det \u00e4r n\u00e4stan tyst, s\u00e5n\u00e4r som ett mycket l\u00e4tt sorl bland publiken p\u00e5 Lilla teatern. Sorlet tystnar n\u00e4r tonerna av <em>Ack V\u00e4rmeland, du sk\u00f6na<\/em>, genljuder i salongen, en barnk\u00f6r sjunger.<\/p>\n<p><strong>\u2013 \u00c4r det n\u00e5n som har en Selma?<\/strong> utbrister Selma i sin igenk\u00e4nningsbara och tidsenliga kl\u00e4dsel n\u00e4r hon kommit in p\u00e5 scenen, och med en beslutsam gest lagt sin resv\u00e4ska p\u00e5 skrivbordet. Ingen i publiken hinner svara f\u00f6rr\u00e4n Selma Lagerl\u00f6f, gestaltad av Carina Perenkranz, drar fram en tjugokronorssedel ur v\u00e4skan.<\/p>\n<p>Hon ber\u00e4ttar lite kort om sedelns motiv. Framsidan med ett graverat portr\u00e4tt av henne sj\u00e4lv samt baksidan med g\u00e5sap\u00e5gen Nils Holgersson sittandes p\u00e5 g\u00e5sen Akka, p\u00e5 deras underbara resa genom Sverige. Ber\u00e4ttelsen som fr\u00e5n b\u00f6rjan var t\u00e4nkt som en l\u00e4robok i geografi men tyv\u00e4rr saknades det ett landskap \u2013 Halland \u2013 s\u00e5 det blev en l\u00e4sebok ist\u00e4llet.<\/p>\n<p>&nbsp;<\/p>\n<p><a title=\"Jag \u2013 Selma\" href=\"https:\/\/www.flickr.com\/photos\/kultursidan\/23783407871\/in\/album-72157660272781163\/\"><img loading=\"lazy\" decoding=\"async\" src=\"https:\/\/farm1.staticflickr.com\/670\/23783407871_2decbcd625.jpg\" alt=\"Jag \u2013 Selma\" width=\"500\" height=\"333\" \/><\/a><br \/>\n<em> B\u00e4ra! Sn\u00e4lla Back-Kajsa, jag kan inte g\u00e5.<\/em><\/p>\n<p>&nbsp;<\/p>\n<p><strong>Selma forts\u00e4tter med nedslag fr\u00e5n sin uppv\u00e4xt.<\/strong> Familjen med den alkoholluktande pappan, den t\u00e5lmodiga modern, farmodern sagober\u00e4tterskan, barska hembitr\u00e4den och alla syskon. Hur hennes h\u00f6ft och utseende kanske gjorde henne till den hon blev.<\/p>\n<p>Hur allt b\u00f6rjade med en l\u00e4ngtan. Barndomshemmet M\u00e5rbacka som senare s\u00e5ldes. Huset som l\u00e5g vid en strand. Och inte vid en sj\u00f6.<\/p>\n<p>F\u00f6r att kunna f\u00f6rs\u00f6rja sig sj\u00e4lv studerade Selma Lagerl\u00f6f till l\u00e4rarinna. Sen blev hon f\u00f6rfattare, och bel\u00f6nades som f\u00f6rsta kvinna med ett Nobelpris i litteratur. Prispengarna gav henne sedermera tillf\u00e4lle att k\u00f6pa tillbaka sitt \u00e4lskade M\u00e5rbacka.<\/p>\n<p><strong>Jag gillar blinkningarna mellan d\u00e5tid och nutid med sedlarna som ger en extra touch\u00e9 och glimtarna av humor som skymtar fram i monologen.<\/strong> Selma-sedeln som nu kommer att bli utbytt mot Astrid Lindgren \u2013 trots att \u201dSelmas baksida \u00e4r finare\u201d. Bilden av Selma Lagerl\u00f6f har just bara varit en bild och det k\u00e4nns trevligt att f\u00e5 g\u00f6ra denna n\u00e4rmare bekantskap.<\/p>\n<p>&nbsp;<\/p>\n<p><a title=\"Jag \u2013 Selma\" href=\"https:\/\/www.flickr.com\/photos\/kultursidan\/23783407251\/in\/album-72157660272781163\/\"><img loading=\"lazy\" decoding=\"async\" src=\"https:\/\/farm6.staticflickr.com\/5633\/23783407251_3439d4a301.jpg\" alt=\"Jag \u2013 Selma\" width=\"500\" height=\"333\" \/><\/a><br \/>\n<em>Slipa knivar. &#8221;Har jag skrivit n\u00e5got s\u00e5 ot\u00e4ckt?&#8221;<\/em><\/p>\n<p>&nbsp;<\/p>\n<p><strong>Carina Perenkranz visar h\u00e4r sin inlevelse och m\u00e5ngsidighet som sk\u00e5despelerska.<\/strong> N\u00e4r peruken och vuxenkl\u00e4derna tas av och flickan Selma kommer fram med sin r\u00e4dsla och tvivel kring sin unga person. D\u00e5 k\u00e4nns den sparsmakade scenografin n\u00e4stan \u00f6verfl\u00f6dig och de femtiofem minuter som f\u00f6rest\u00e4llningen fortg\u00e5r flyger iv\u00e4g.<\/p>\n<p>Att Selma Lagerl\u00f6f inte blev avbildad p\u00e5 en tusenlapp kanske inte g\u00f6r s\u00e5 mycket n\u00e4r en tjuga eller en \u201dSelma\u201d h\u00e5llits i desto fler h\u00e4nder, resonerar hon, tar p\u00e5 sig ytterkl\u00e4derna och peruken, tar resv\u00e4skan i ena handen och g\u00e5r iv\u00e4g \u2013 till tonerna av <em>Ack V\u00e4rmeland, du sk\u00f6na<\/em>.<\/p>\n<p>\u00a9 <em>Text: Agneta \u00d6stlund<\/em><em><br \/>\n<\/em>\u00a9 <em>Foto: <\/em><em>Ann-Charlotte Sandelin<\/em><\/p>\n<p>BILDSPEL (FLASH) \u2013 KLICKA P\u00c5 BILDEN <em><br \/>\nALT\/MOBIL: SE BILDSPELET <a title=\"Bildspel\" href=\"https:\/\/www.flickr.com\/photos\/kultursidan\/sets\/72157660272781163\/show\/\" target=\"_blank\">H\u00c4R<\/a><\/em><br \/>\n<object width=\"400\" height=\"300\"><param name=\"flashvars\" value=\"offsite=true&amp;lang=en-us&amp;page_show_url=%2Fphotos%2Fkultursidan%2Fsets%2F72157660272781163%2Fshow%2F&amp;page_show_back_url=%2Fphotos%2Fkultursidan%2Fsets%2F72157660272781163%2F&amp;set_id=72157660272781163&amp;jump_to=\" \/><param name=\"movie\" value=\"https:\/\/www.flickr.com\/apps\/slideshow\/show.swf?v=1811922554\" \/><param name=\"allowFullScreen\" value=\"true\" \/><\/object><\/p>\n<blockquote>\n<h3><em>LILLA TEATERN Norrk\u00f6ping<\/em><\/h3>\n<p>17, 20 december 2015<em><br \/>\n<strong>Jag \u2013 Selma<\/strong><\/em><br \/>\n<em>Monolog av Agneta Elers-Jarleman<\/em><br \/>\n<em>Regi: Ulf Pilov<\/em><br \/>\n<em>Sk\u00e5despelare: Carina Perenkranz<\/em><\/p><\/blockquote>\n<p>L\u00c4NKAR<br \/>\nCarina Perenkranz <a href=\"http:\/\/www.choppevent.se\/\" target=\"_blank\">choppevent<\/a> <a href=\"https:\/\/www.facebook.com\/carina.perenkranz?fref=ts\" target=\"_blank\">Facebook<\/a> <a href=\"https:\/\/www.facebook.com\/groups\/222309853820\/?fref=ts\" target=\"_blank\">Facebook\/Skandiateatern<\/a><a href=\"https:\/\/www.facebook.com\/carina.perenkranz?fref=ts\" target=\"_blank\"><br \/>\n<\/a>Lilla teatern <a href=\"http:\/\/www.lillateatern.se\" target=\"_blank\">hemsida<\/a><br \/>\nCarina Perenkranz blir starka Selma <a href=\"https:\/\/www.kultursidan.nu\/?p=22815\" target=\"_blank\">reportage<\/a> Kultursidan.nu 8\/12 2015<\/p>\n","protected":false},"excerpt":{"rendered":"<p>NORRK\u00d6PING \u201d\u00c4r det n\u00e5n som har en Selma?\u201d Carina Perenkranz blinkar mellan d\u00e5tid och nutid med sedlarna som nu ska bytas. I monologen Jag \u2013 Selma f\u00e5r vi g\u00f6ra n\u00e4rmare bekantskap med flickan p\u00e5 M\u00e5rbacka, hennes r\u00e4dsla, tvivel och l\u00e4ngtan. <a class=\"continue-reading-link\" href=\"https:\/\/www.kultursidan.nu\/?p=22951\">L\u00e4s mer <span class=\"meta-nav\">&rarr; <\/span><\/a><\/p>\n","protected":false},"author":1001006,"featured_media":0,"comment_status":"closed","ping_status":"open","sticky":false,"template":"","format":"standard","meta":{"_jetpack_memberships_contains_paid_content":false,"footnotes":""},"categories":[7],"tags":[12],"class_list":["post-22951","post","type-post","status-publish","format-standard","hentry","category-norrkoping","tag-teater"],"jetpack_featured_media_url":"","jetpack_sharing_enabled":true,"_links":{"self":[{"href":"https:\/\/www.kultursidan.nu\/index.php?rest_route=\/wp\/v2\/posts\/22951","targetHints":{"allow":["GET"]}}],"collection":[{"href":"https:\/\/www.kultursidan.nu\/index.php?rest_route=\/wp\/v2\/posts"}],"about":[{"href":"https:\/\/www.kultursidan.nu\/index.php?rest_route=\/wp\/v2\/types\/post"}],"author":[{"embeddable":true,"href":"https:\/\/www.kultursidan.nu\/index.php?rest_route=\/wp\/v2\/users\/1001006"}],"replies":[{"embeddable":true,"href":"https:\/\/www.kultursidan.nu\/index.php?rest_route=%2Fwp%2Fv2%2Fcomments&post=22951"}],"version-history":[{"count":0,"href":"https:\/\/www.kultursidan.nu\/index.php?rest_route=\/wp\/v2\/posts\/22951\/revisions"}],"wp:attachment":[{"href":"https:\/\/www.kultursidan.nu\/index.php?rest_route=%2Fwp%2Fv2%2Fmedia&parent=22951"}],"wp:term":[{"taxonomy":"category","embeddable":true,"href":"https:\/\/www.kultursidan.nu\/index.php?rest_route=%2Fwp%2Fv2%2Fcategories&post=22951"},{"taxonomy":"post_tag","embeddable":true,"href":"https:\/\/www.kultursidan.nu\/index.php?rest_route=%2Fwp%2Fv2%2Ftags&post=22951"}],"curies":[{"name":"wp","href":"https:\/\/api.w.org\/{rel}","templated":true}]}}