{"id":23004,"date":"2015-12-27T17:23:07","date_gmt":"2015-12-27T16:23:07","guid":{"rendered":"https:\/\/intelligent-friend-7861.standoutwp.com\/?p=23004"},"modified":"2015-12-31T10:52:59","modified_gmt":"2015-12-31T09:52:59","slug":"peter-matilda-och-bruno-vill-hjalpa-till","status":"publish","type":"post","link":"https:\/\/www.kultursidan.nu\/?p=23004","title":{"rendered":"Peter, Matilda och Bruno dubblerar"},"content":{"rendered":"<p><img loading=\"lazy\" decoding=\"async\" class=\"alignnone size-full wp-image-23005\" src=\"https:\/\/www.kultursidan.nu\/wp-content\/uploads\/2015\/12\/image004.jpg\" alt=\"Peter, Matilda, Bruno\" width=\"507\" height=\"237\" srcset=\"https:\/\/www.kultursidan.nu\/wp-content\/uploads\/2015\/12\/image004.jpg 507w, https:\/\/www.kultursidan.nu\/wp-content\/uploads\/2015\/12\/image004-150x70.jpg 150w\" sizes=\"auto, (max-width: 507px) 100vw, 507px\" \/><em><br \/>\nPeter, Matilda och Bruno. Tillsammans ger de en v\u00e4lg\u00f6renhetskonsert i Hedvigs kyrka om en m\u00e5nad.<\/em><\/p>\n<p>&nbsp;<\/p>\n<h1><span style=\"color: #ff0000;\">&#8221;Vi tror p\u00e5 medm\u00e4nsklighet och v\u00e4rme&#8221;<\/span><\/h1>\n<p>&nbsp;<\/p>\n<p><strong>SENASTE NYTT:<\/strong> Det blir ytterligare en konsert. P\u00e5 20 minuter tog biljetterna tog slut till v\u00e4lg\u00f6renhetskonserten den 25 januari. D\u00e4rf\u00f6r ger Peter, Matilda och Bruno ytterligare en konsert, kl 15 samma dag. Biljetterna till den sl\u00e4pps p\u00e5 PNM Musics hemsida tisdag 5 januari kl 10. H\u00e4ng p\u00e5 l\u00e5set en g\u00e5ng till.<\/p>\n<p><em>Red.<\/em><\/p>\n<p><strong>H\u00e4ng p\u00e5 l\u00e5set 10.00 imorgon m\u00e5ndag 28\/12.<\/strong> D\u00e5 sl\u00e4pps biljetterna till PNM Musics v\u00e4lg\u00f6renhetskonsert i Hedvigs kyrka 25 januari. Opluggade favoriter med kusinerna Peter Johansson och Matilda Gr\u00fcn tillsammans med v\u00e4nnen Bruno Mistogiannis.<\/p>\n<p>\u2013 Vi tror p\u00e5 ett b\u00e4ttre samh\u00e4lle med medm\u00e4nsklighet och v\u00e4rme, skriver PNM Musics VD Niklas Eriksson i ett pressmeddelande inf\u00f6r biljettsl\u00e4ppet.<\/p>\n<p><strong>M\u00e5ndagen 25 jan kl 19.00 str\u00e5lar Peter, Matilda och Bruno Mitsogiannis\u00a0samman i Hedvigs kyrka i Norrk\u00f6ping<\/strong> och ger en avskalad och mycket st\u00e4mningsfull konsert, d\u00e4r de sjunger sina favoritl\u00e5tar.<\/p>\n<p>Biljetterna kostar 500 kronor styck. Int\u00e4kterna g\u00e5r oavkortat till f\u00f6rm\u00e5n f\u00f6r flyktingar i kris. Via Stadsmissionen st\u00f6ttas arbetet med att ordna en meningsfull tillvaro f\u00f6r de flyktingar som har kommit till Sverige och via V\u00e4rldens Barn st\u00f6ttas arbetet med flyktingkrisen p\u00e5 plats i ber\u00f6rda l\u00e4nder.<\/p>\n<p>&nbsp;<\/p>\n<p><a title=\"Peter. Matilda och Bruno\" href=\"https:\/\/www.flickr.com\/photos\/kultursidan\/24004866555\/in\/album-72157662685433462\/\"><img loading=\"lazy\" decoding=\"async\" src=\"https:\/\/farm6.staticflickr.com\/5693\/24004866555_33d5f37c1e.jpg\" alt=\"Peter. Matilda och Bruno\" width=\"500\" height=\"500\" \/><\/a><br \/>\n<em>St\u00e5r upp f\u00f6r andra. <\/em><\/p>\n<p>&nbsp;<\/p>\n<p><strong>De tre artisterna medverkade vid en annan v\u00e4lg\u00f6renhetskonsert i Valdemarsvik i oktober<\/strong> tillsammans med Brunos bror Daniel Mitsogiannis och de unga f\u00f6rm\u00e5gorna Albin M\u00e4rsund och Izabella Swartz. D\u00e5 r\u00f6k biljetterna snabbt, en konsert blev tv\u00e5, b\u00e5da mycket uppskattade konserter i Valdemarsviks kyrka.<\/p>\n<p>Den h\u00e4r g\u00e5ngen planeras endast en konsert, i Hedvigs kyrka i Norrk\u00f6ping. Som sagt, h\u00e4ng p\u00e5 l\u00e5set till PNM Musics hemsida kl 10.00 m\u00e5ndag morgon. Det l\u00e4r bli strykande \u00e5tg\u00e5ng.<\/p>\n<p><strong>F\u00f6r dig som inte kan v\u00e4nta s\u00e5 l\u00e4nge.<\/strong> P\u00e5 Ny\u00e5rsafton 31 december st\u00e5r Peter Johansson f\u00f6r det musikaliska inslaget i TV4:s <em>Nyhetsmorgon<\/em>. Dagen d\u00e4rp\u00e5, 1 januari 2016, h\u00f6rs Peter och Bruno i radions P4, i en inspelning fr\u00e5n i somras d\u00e5 artisterna medverkade i <em>Alls\u00e5ng i Gr\u00e4nna<\/em>. S\u00f6ndagen d\u00e4rp\u00e5, 10 januari, deltar Jersey Boys-killarna Bruno, Peter samt David Lindgren och Robert Rydberg i SVT:s musikunderh\u00e5llningsprogram <em>S\u00e5 ska det l\u00e5ta<\/em>.<\/p>\n<p>\u00a9 <em>Text: Ann-Charlotte Sandelin<br \/>\n<\/em>\u00a9 <em>Foto: <\/em><em>PNM Music<\/em><\/p>\n<blockquote><p><em>HEDVIGS KYRKA Norrk\u00f6ping<\/em><\/p>\n<p>25 januari 2016 kl 15 och 19<em><br \/>\n<strong>V\u00e4lg\u00f6renhetskonsert med Peter, Matilda och Bruno<br \/>\n<\/strong>Peter Johansson, Matilda Gr\u00fcn och Bruno Mitsogiannis<\/em><br \/>\n<em> Arr: PNM Music<\/em><\/p><\/blockquote>\n<p>L\u00c4NKAR<br \/>\nPNM Music <a href=\"http:\/\/www.pnmmusic.se\/content.asp\" target=\"_blank\">hemsida<\/a> <a href=\"https:\/\/www.facebook.com\/events\/1020473077999441\/\" target=\"_blank\">FB-evenemang <\/a><br \/>\nLink\u00f6pings stadsmission med Crossroads <a href=\"http:\/\/www.linkopingsstadsmission.se\" target=\"_blank\">hemsida<\/a><br \/>\nV\u00e4rldens barn <a href=\"https:\/\/start.varldensbarn.se\" target=\"_blank\">hemsida<\/a><\/p>\n","protected":false},"excerpt":{"rendered":"<p>NORRK\u00d6PING Det blir dubbla konserter. H\u00e4ng p\u00e5 l\u00e5set 10.00 tisdag 5 januari. D\u00e5 sl\u00e4pps biljetterna till PNM Musics v\u00e4lg\u00f6renhetskonsert i Hedvigs kyrka 25 januari. Opluggade favoriter med Peter Johansson, Matilda Gr\u00fcn och v\u00e4nnen Bruno Mistogiannis. <a class=\"continue-reading-link\" href=\"https:\/\/www.kultursidan.nu\/?p=23004\">L\u00e4s mer <span class=\"meta-nav\">&rarr; <\/span><\/a><\/p>\n","protected":false},"author":1001006,"featured_media":0,"comment_status":"closed","ping_status":"open","sticky":false,"template":"","format":"standard","meta":{"_jetpack_memberships_contains_paid_content":false,"footnotes":""},"categories":[7],"tags":[13],"class_list":["post-23004","post","type-post","status-publish","format-standard","hentry","category-norrkoping","tag-musik"],"jetpack_featured_media_url":"","jetpack_sharing_enabled":true,"_links":{"self":[{"href":"https:\/\/www.kultursidan.nu\/index.php?rest_route=\/wp\/v2\/posts\/23004","targetHints":{"allow":["GET"]}}],"collection":[{"href":"https:\/\/www.kultursidan.nu\/index.php?rest_route=\/wp\/v2\/posts"}],"about":[{"href":"https:\/\/www.kultursidan.nu\/index.php?rest_route=\/wp\/v2\/types\/post"}],"author":[{"embeddable":true,"href":"https:\/\/www.kultursidan.nu\/index.php?rest_route=\/wp\/v2\/users\/1001006"}],"replies":[{"embeddable":true,"href":"https:\/\/www.kultursidan.nu\/index.php?rest_route=%2Fwp%2Fv2%2Fcomments&post=23004"}],"version-history":[{"count":0,"href":"https:\/\/www.kultursidan.nu\/index.php?rest_route=\/wp\/v2\/posts\/23004\/revisions"}],"wp:attachment":[{"href":"https:\/\/www.kultursidan.nu\/index.php?rest_route=%2Fwp%2Fv2%2Fmedia&parent=23004"}],"wp:term":[{"taxonomy":"category","embeddable":true,"href":"https:\/\/www.kultursidan.nu\/index.php?rest_route=%2Fwp%2Fv2%2Fcategories&post=23004"},{"taxonomy":"post_tag","embeddable":true,"href":"https:\/\/www.kultursidan.nu\/index.php?rest_route=%2Fwp%2Fv2%2Ftags&post=23004"}],"curies":[{"name":"wp","href":"https:\/\/api.w.org\/{rel}","templated":true}]}}