{"id":23027,"date":"2015-12-29T09:28:54","date_gmt":"2015-12-29T08:28:54","guid":{"rendered":"https:\/\/intelligent-friend-7861.standoutwp.com\/?p=23027"},"modified":"2015-12-29T09:28:54","modified_gmt":"2015-12-29T08:28:54","slug":"vara-basta-minnen-kulturaret-2015-ii","status":"publish","type":"post","link":"https:\/\/www.kultursidan.nu\/?p=23027","title":{"rendered":"V\u00e5ra b\u00e4sta minnen Kultur\u00e5ret 2015 (II)"},"content":{"rendered":"<p><img loading=\"lazy\" decoding=\"async\" class=\"alignnone size-medium wp-image-23028\" src=\"https:\/\/www.kultursidan.nu\/wp-content\/uploads\/2015\/12\/IMG_1129-567x378.jpg\" alt=\"Resandeblod\" width=\"567\" height=\"378\" srcset=\"https:\/\/www.kultursidan.nu\/wp-content\/uploads\/2015\/12\/IMG_1129-567x378.jpg 567w, https:\/\/www.kultursidan.nu\/wp-content\/uploads\/2015\/12\/IMG_1129-768x512.jpg 768w, https:\/\/www.kultursidan.nu\/wp-content\/uploads\/2015\/12\/IMG_1129-1024x682.jpg 1024w, https:\/\/www.kultursidan.nu\/wp-content\/uploads\/2015\/12\/IMG_1129-500x333.jpg 500w, https:\/\/www.kultursidan.nu\/wp-content\/uploads\/2015\/12\/IMG_1129-150x100.jpg 150w, https:\/\/www.kultursidan.nu\/wp-content\/uploads\/2015\/12\/IMG_1129.jpg 1280w\" sizes=\"auto, (max-width: 567px) 100vw, 567px\" \/><em><br \/>\nResandeblod. Bennie \u00c5kerfeldt har gr\u00e4vt i sin familjehistoria. Pelle Jageby sjunger och spelar visor om m\u00e4nniskor p\u00e5 v\u00e4g. F\u00f6rest\u00e4llningen gavs p\u00e5 Lilla teatern i oktober.<\/em><\/p>\n<p>&nbsp;<\/p>\n<h1><span style=\"color: #ff0000;\">Tungviktare i alla klasser<\/span><\/h1>\n<p>&nbsp;<\/p>\n<p><strong>Vilket \u00e4r ditt b\u00e4sta minne fr\u00e5n Kultur\u00e5ret 2015?<\/strong> Romsk historia och levnadsvillkor. Viktminskare. Rockare med growl och \u00f6s. Tungviktare i de mest skilda klasser har Kultursidan.nu:s medarbetare upplevt. I morgon minns vi mer.<\/p>\n<p>&nbsp;<\/p>\n<p><a title=\"Robert idag och vid inv\u00e4gningen f\u00f6r ett \u00e5r sedan\" href=\"https:\/\/www.flickr.com\/photos\/kultursidan\/20630902575\/in\/album-72157655011138504\/\"><img loading=\"lazy\" decoding=\"async\" src=\"https:\/\/farm1.staticflickr.com\/769\/20630902575_defea9e979.jpg\" alt=\"Robert idag och vid inv\u00e4gningen f\u00f6r ett \u00e5r sedan\" width=\"332\" height=\"500\" \/><\/a><br \/>\n<em>Han kom igen. Robert Sander ber\u00e4ttade om sin v\u00e4g till en friskare kropp och ett \u00e4rligare liv.<\/em><\/p>\n<p>&nbsp;<\/p>\n<h2>Utsatta romers livsvillkor samt Robert &amp; Louise<\/h2>\n<p><strong>Tv\u00e5 saker som p\u00e5 n\u00e5got s\u00e4tt h\u00f6r ihop<\/strong> \u00e4r Roger Turessons fotoutst\u00e4llning <em>Sverige \u2013 Rum\u00e4nien T&amp;R<\/em> p\u00e5 Arbetets Museum i somras och oktobereftermiddagen p\u00e5 Lilla Teatern d\u00e5 det handlade om <em>Romer\/resande \u2013 svensk historia om brott<\/em>.<\/p>\n<p>Jag ber\u00f6rs av att det finns s\u00e5 el\u00e4ndiga milj\u00f6er och levnadsvillkor som v\u00e5ra EU-migranters hemmilj\u00f6 som Roger Turesson visade i sin utst\u00e4llning.<\/p>\n<p><strong>P\u00e5 Lilla teatern flera m\u00e5nader senare framf\u00f6rde Bennie \u00c5kerfeldt tillsammans med Pelle Jageby sin f\u00f6rest\u00e4llning <em>Resandeblod.<\/em><\/strong> Den handlar om de villkor som romer och resande levt under i Sverige i flera hundra \u00e5r.<\/p>\n<p>Historien kring romerna och det f\u00f6rtryck de levt under visar en ot\u00e4ck likhet med den samh\u00e4llssyn som h\u00e5ller p\u00e5 att sprida sig idag. T\u00e4nkv\u00e4rt!<\/p>\n<p><strong>Biggest Loser-vinnaren Robert Sander och deltagaren Louise Carl\u00e9ns gemensamma f\u00f6rel\u00e4sning i f\u00f6reningen Norrk\u00f6pingsrummets regi med p\u00e5 Stadsbiblioteket imponerade.<\/strong> Fr\u00e5n att de v\u00e4gt mellan 140 och 150 kg s\u00e5 har nu b\u00e5da kommit ner p\u00e5 \u201dnormala\u201d viktniv\u00e5er och b\u00e5da sprang sedan ocks\u00e5 Stadsloppet under Augustifesten.<\/p>\n<p>Det jag p\u00e5verkades av var deras otroliga energi och uth\u00e5llighet. De visade att det g\u00e5r \u2013 men man m\u00e5ste vara envis!<\/p>\n<p>\u00a9 <em>Text: Sven \u00c5ke Molund<\/em><\/p>\n<p><a href=\"https:\/\/www.kultursidan.nu\/?p=20188\" target=\"_blank\">Tiggare och m\u00e4nniskor i Rogers fokus 12\/6 2015<\/a><br \/>\n<a href=\"https:\/\/www.kultursidan.nu\/?p=21888\" target=\"_blank\">Romer\/resande \u2013 svensk historia om brott 13\/10 2015<\/a><br \/>\n<a href=\"https:\/\/www.kultursidan.nu\/?p=21000\" target=\"_blank\">Louise och Roberts livsviktiga v\u00e4ndningar 16\/8 2015<\/a><\/p>\n<p>&nbsp;<\/p>\n<p><a title=\"Arch Enemy\" href=\"https:\/\/www.flickr.com\/photos\/kultursidan\/18588987324\/in\/album-72157655145559931\/\"><img loading=\"lazy\" decoding=\"async\" src=\"https:\/\/farm1.staticflickr.com\/475\/18588987324_b41233233d.jpg\" alt=\"Arch Enemy\" width=\"332\" height=\"500\" \/><\/a><br \/>\n<em>Growlar som en hel tjej. Skrev vi om Arch Enemys s\u00e5ngerska Alissa White-Gluz i somras.<\/em><\/p>\n<p>&nbsp;<\/p>\n<h2>Grymt bra konserter med growl och \u00f6s<\/h2>\n<p><strong>Tv\u00e5 saker tycker jag \u00e4nd\u00e5 sticker ut mer \u00e4n andra, och det var n\u00e4r jag s\u00e5g <em>Arch Enemy<\/em> respektive <em>Krewella<\/em> p\u00e5 Br\u00e5vallafestivalen i \u00e5r.<\/strong> <em>Arch Enemy<\/em> f\u00f6r att jag f\u00f6r all del gillar dem sedan innan, men mest f\u00f6r att de ger ett rej\u00e4lt l\u00e5ngfinger till alla som tror att riktigt tung musik bara kan sjungas av lagom korpulenta herrar i sina b\u00e4sta \u00e5r.<\/p>\n<p>Och genom att ta in nya s\u00e5ngerskan Alissa White-Gluz visar ju Arch Enemy dessutom att det inte heller n\u00e5got unikt med growlande tjejer, utan kanske rent av mer vanligt \u00e4n man tror!<\/p>\n<p><strong><em>Krewella<\/em> var f\u00f6r mig en ny bekantskap och de har en del gemensamt med Arch Enemy, \u00e4ven om det inte \u00e4r stilm\u00e4ssigt s\u00e5 i det att de sl\u00e4pper fram tjejerna.<\/strong> <em>Krewella<\/em> bestod n\u00e4r jag s\u00e5g dem av tv\u00e5 tjejer som mixade och sj\u00f6ng. De tv\u00e5 herrarna p\u00e5 scenen hade mer rollerna som inhyrda kompmusiker \u00e4n fasta medlemmar, i varje fall s\u00e5 som jag f\u00f6rstod det. Det var en grymt bra konsert med bra \u00f6s, d\u00e4r man inte upplevde tjejerna som kuttersmycken utan som bandets drivande motor.<\/p>\n<p>\u00a9 <em>Text: Samuel Sandelin<\/em><\/p>\n<p><a href=\"https:\/\/www.kultursidan.nu\/?p=20373\" target=\"_blank\">Tuffa Arch Enemys growlande Alissa 27\/6 2015<\/a><br \/>\n<a href=\"https:\/\/www.kultursidan.nu\/?p=20376\" target=\"_blank\">Gatlopp mellan Br\u00e5vallas scener 27\/6 2015<\/a><\/p>\n<p>\u00a9 <em>Foto: <\/em><em>Ann-Charlotte Sandelin, Sven \u00c5ke Molund och Samuel Sandelin<\/em><\/p>\n<p>L\u00c4NKAR<br \/>\nV\u00e5ra b\u00e4sta minnen Kultur\u00e5ret 2015 (I) <a href=\"https:\/\/www.kultursidan.nu\/?p=23015\" target=\"_blank\">lista<\/a> Kultursidan.nu 28\/12 2015<\/p>\n","protected":false},"excerpt":{"rendered":"<p>NORRK\u00d6PING Vilket \u00e4r ditt b\u00e4sta minne fr\u00e5n Kultur\u00e5ret 2015? Romsk historia och levnadsvillkor. Viktminskare. Rockare med growl och \u00f6s. Tungviktare i de mest skilda klasser har Kultursidan.nu:s medarbetare upplevt. <a class=\"continue-reading-link\" href=\"https:\/\/www.kultursidan.nu\/?p=23027\">L\u00e4s mer <span class=\"meta-nav\">&rarr; <\/span><\/a><\/p>\n","protected":false},"author":1001006,"featured_media":0,"comment_status":"closed","ping_status":"open","sticky":false,"template":"","format":"standard","meta":{"_jetpack_memberships_contains_paid_content":false,"footnotes":""},"categories":[7],"tags":[53,17,13,47],"class_list":["post-23027","post","type-post","status-publish","format-standard","hentry","category-norrkoping","tag-foredrag","tag-foto","tag-musik","tag-utstallning"],"jetpack_featured_media_url":"","jetpack_sharing_enabled":true,"_links":{"self":[{"href":"https:\/\/www.kultursidan.nu\/index.php?rest_route=\/wp\/v2\/posts\/23027","targetHints":{"allow":["GET"]}}],"collection":[{"href":"https:\/\/www.kultursidan.nu\/index.php?rest_route=\/wp\/v2\/posts"}],"about":[{"href":"https:\/\/www.kultursidan.nu\/index.php?rest_route=\/wp\/v2\/types\/post"}],"author":[{"embeddable":true,"href":"https:\/\/www.kultursidan.nu\/index.php?rest_route=\/wp\/v2\/users\/1001006"}],"replies":[{"embeddable":true,"href":"https:\/\/www.kultursidan.nu\/index.php?rest_route=%2Fwp%2Fv2%2Fcomments&post=23027"}],"version-history":[{"count":0,"href":"https:\/\/www.kultursidan.nu\/index.php?rest_route=\/wp\/v2\/posts\/23027\/revisions"}],"wp:attachment":[{"href":"https:\/\/www.kultursidan.nu\/index.php?rest_route=%2Fwp%2Fv2%2Fmedia&parent=23027"}],"wp:term":[{"taxonomy":"category","embeddable":true,"href":"https:\/\/www.kultursidan.nu\/index.php?rest_route=%2Fwp%2Fv2%2Fcategories&post=23027"},{"taxonomy":"post_tag","embeddable":true,"href":"https:\/\/www.kultursidan.nu\/index.php?rest_route=%2Fwp%2Fv2%2Ftags&post=23027"}],"curies":[{"name":"wp","href":"https:\/\/api.w.org\/{rel}","templated":true}]}}