{"id":2311,"date":"2011-09-23T12:11:05","date_gmt":"2011-09-23T10:11:05","guid":{"rendered":"https:\/\/intelligent-friend-7861.standoutwp.com\/?p=2311"},"modified":"2015-02-02T13:50:52","modified_gmt":"2015-02-02T12:50:52","slug":"europan-11-granskar-vilbergen-pa-stadsmuseet","status":"publish","type":"post","link":"https:\/\/www.kultursidan.nu\/?p=2311","title":{"rendered":"Europan 11 granskar Vilbergen p\u00e5 Stadsmuseet"},"content":{"rendered":"<p><iframe loading=\"lazy\" src=\"https:\/\/www.flickr.com\/photos\/kultursidan\/6174297481\/in\/set-72157627609159217\/player\/\" width=\"500\" height=\"332\" frameborder=\"0\" allowfullscreen=\"allowfullscreen\"><\/iframe><br \/>\n<em>Kolla utst\u00e4llningen! Den som bor i Vilbergen eller \u00e4r allm\u00e4nt intresserad av hur <\/em><em>rekord\u00e5rens <\/em><em>f\u00f6rorter kan utvecklas har all anledning att bes\u00f6ka t\u00e4vlingsutst\u00e4llningen p\u00e5 Norrk\u00f6pings stadsmuseum.<\/em><\/p>\n<p>&nbsp;<\/p>\n<h1><span style=\"color: #ff0000;\">26 visioner f\u00f6renar Vilbergen med Vrinneviskogen<\/span><\/h1>\n<p>&nbsp;<\/p>\n<p><strong>Hur kan man koppla samman Vilbergen med Vrinneviskogen,<\/strong> samtidigt bygga nytt, dra sp\u00e5rv\u00e4g till Vrinnevisjukhuset och lyfta upp gr\u00f6nytorna?<\/p>\n<p>Norrk\u00f6pings Stadsmuseum, tillsammans med Norrk\u00f6pings kommuns stadsbyggnadskontor, hade i torsdags vernissage f\u00f6r sin del av resultatet av arkitektt\u00e4vlingen <em>Europan 11<\/em>, v\u00e4rldens st\u00f6rsta \u00e5terkommande t\u00e4vling f\u00f6r unga arkitekter. Europan \u00e4r en sammanslutning av f\u00f6retr\u00e4dare f\u00f6r arkitekt- och byggbranschen i f\u00f6r n\u00e4rvarande 21 europeiska l\u00e4nder, med uppgift att arrangera arkitektt\u00e4vlingar f\u00f6r unga arkitekter.<\/p>\n<p><strong>I \u00e5rets t\u00e4vling deltar Norrk\u00f6pings kommun<\/strong> med ett omr\u00e5de i s\u00f6dra delen av staden, mellan Vilbergen och Vrinneviskogens naturreservat. Utmaningen har varit att f\u00f6rb\u00e4ttra kopplingen mellan de olika delarna, minska Gamla \u00d6v\u00e4gens barri\u00e4reffekt och f\u00f6resl\u00e5 en dragning av ny sp\u00e5rv\u00e4g genom omr\u00e5det och vidare till Vrinnevisjukhuset. Nu har man f\u00e5tt 26 visioner att fundera \u00f6ver.<\/p>\n<p>F\u00f6rra g\u00e5ngen t\u00e4vlingen arrangerades kom det in 2\u00a0400 t\u00e4vlingsbidrag f\u00f6rdelade p\u00e5 en rad olika projekt. Deltagarna \u00e4r anonyma och det g\u00f6r att ingen vet vilka som l\u00e4mnat in bidragen. En internationell jury kommer s\u00e5 sm\u00e5ningom att utse vinnarna. Bes\u00f6karna p\u00e5 Stadsmuseet har ocks\u00e5 m\u00f6jligheter att r\u00f6sta p\u00e5 sina favoritf\u00f6rslag innan utst\u00e4llningen st\u00e4ngs den 16 oktober. Ta chansen att se utst\u00e4llningen, r\u00f6sta och d\u00e4rigenom p\u00e5verka Stadsbyggnadskontoret som har kommunens uppdrag att utveckla omr\u00e5det.<\/p>\n<p>De 26 f\u00f6rslagen visar upp en skala av m\u00f6jligheter, b\u00e5de n\u00e4r det g\u00e4ller att tillf\u00f6ra ny bebyggelse och att f\u00f6r\u00e4ndra befintliga gr\u00f6nomr\u00e5den och infrastruktur. Den sedan 1960-talet planerade sp\u00e5rv\u00e4gen till Vrinnevisjukhuset har ocks\u00e5 funnits med f\u00f6r de t\u00e4vlande arkitekterna.<\/p>\n<p><strong>Jag har bott i Vilbergen sedan 1968 och tycker att utst\u00e4llningen \u00e4r intressant ur m\u00e5nga synpunkter. <\/strong>Stadsdelen har ju haft planer p\u00e5 sp\u00e5rv\u00e4g och f\u00f6rt\u00e4tning av de \u00f6ppna ytorna mellan centrum och Riksbyggen sedan l\u00e4nge. \u00c4ldreboendet B\u00e4rnstenen, som blev klart f\u00f6r n\u00e5got \u00e5r sedan, \u00e4r en del av planerna som nu har f\u00f6rverkligats och Riksbyggens planerade seniorboenden ligger ocks\u00e5 i f\u00f6rt\u00e4tningen. Att mark reserverats f\u00f6r sp\u00e5rv\u00e4g har hittills bara varit n\u00e5got p\u00e5 kartan och gr\u00f6nomr\u00e5dena mellan Vilbergen Centrum och Gamla \u00d6v\u00e4gen har inte utnyttjats.<\/p>\n<p>Det \u00e4r sv\u00e5rt, att vid en f\u00f6rsta anblick p\u00e5 de unga arkitekternas f\u00f6rslag, att se ett f\u00f6rverkligande under rimlig n\u00e4rtid, men det finns m\u00e5nga intressanta tankar att studera.<\/p>\n<p><strong>Stadsmuseets chef Peter Carelli och Per Haupt fr\u00e5n Stadsbyggnadskontoret<\/strong> var b\u00e5da glada \u00f6ver samarbetet mellan historia och framtid n\u00e4r de talade p\u00e5 vernissagen.<\/p>\n<p>Utst\u00e4llningen \u00e4r intressant f\u00f6r alla med kopplingar till stadsdelen Vilbergen, men ocks\u00e5 f\u00f6r alla som \u00e4r intresserade av hur unga arkitekter ser p\u00e5 planeringen av och m\u00f6jligheterna att utveckla befintliga stadsdelar.<\/p>\n<p><strong>Som en del i utst\u00e4llningen blir det ocks\u00e5 tv\u00e5 tillf\u00e4llen f\u00f6r allm\u00e4nheten<\/strong> att lyssna p\u00e5 f\u00f6redrag och delta i diskussioner.<\/p>\n<p><em>Text och foto: Sven \u00c5ke Molund<\/em><\/p>\n<p>&nbsp;<\/p>\n<ul>\n<li>\n<h3>STADSMUSEET Norrk\u00f6ping<\/h3>\n<\/li>\n<li><em>22 september &#8211; 16 oktober 2011<\/em><br \/>\n<strong>Europan 11<\/strong><\/li>\n<li>PROGRAM\n<ul>\n<li><em>Torsdag 29 september kl. 18.00<\/em><em><br \/>\n<strong>Mellan innerstad och villamatta. F\u00f6rorten som utmaning och chans<\/strong><\/em><strong><em>.<br \/>\n<\/em><\/strong>Ann Legeby, arkitekt, KTH<br \/>\nOla Broms Wessel, arkitekt, Spridd AB<\/li>\n<li><em>Torsdag 13 oktober kl. 18.00<br \/>\n<strong>Miljonprogrammet: hembygder i utveckling<\/strong><br \/>\n<\/em>Per Wirt\u00e9n, f\u00f6rfattare och frilansskribent<br \/>\nKristina Thorvaldsson, planeringschef, V\u00e4xj\u00f6 kommun<\/li>\n<\/ul>\n<\/li>\n<\/ul>\n<p>&nbsp;<\/p>\n<p>L\u00c4NKAR<br \/>\nNorrk\u00f6pings stadsmuseum <a title=\"Stadsmuseet\" href=\"http:\/\/www.norrkoping.se\/kultur-fritid\/museer\/stadsmuseum\/\" target=\"_blank\">hemsida <\/a><br \/>\nEuropan Sverige <a title=\"Europan Sverige\" href=\"http:\/\/www.europan.se\/\" target=\"_blank\">hemsida<\/a><\/p>\n<p>&nbsp;<\/p>\n<p>BILDSPEL (FLASH) \u2013 KLICKA P\u00c5 BILDEN <em><br \/>\nALT\/MOBIL: SE BILDSPELET <a title=\"Bildspel\" href=\"https:\/\/www.flickr.com\/photos\/kultursidan\/sets\/72157627609159217\/show\/\" target=\"_blank\">H\u00c4R<\/a><\/em><br \/>\n<object width=\"400\" height=\"300\"><param name=\"flashvars\" value=\"offsite=true&amp;lang=en-us&amp;page_show_url=%2Fphotos%2Fkultursidan%2Fsets%2F72157627609159217%2Fshow%2F&amp;page_show_back_url=%2Fphotos%2Fkultursidan%2Fsets%2F72157627609159217%2F&amp;set_id=72157627609159217&amp;jump_to=\" \/><param name=\"movie\" value=\"https:\/\/www.flickr.com\/apps\/slideshow\/show.swf?v=1811922554\" \/><param name=\"allowFullScreen\" value=\"true\" \/><\/object><\/p>\n","protected":false},"excerpt":{"rendered":"<p>26 t\u00e4vlingsf\u00f6rslag har tagit sig an utmaningen att koppla samman Vilbergen med Vrinneviskogen, f\u00f6rt\u00e4ta, dra sp\u00e5rv\u00e4g till sjukhuset och ge gr\u00f6nytorna ett lyft. R\u00f6sta och p\u00e5verka stadsdelens framtid. <a class=\"continue-reading-link\" href=\"https:\/\/www.kultursidan.nu\/?p=2311\">L\u00e4s mer <span class=\"meta-nav\">&rarr; <\/span><\/a><\/p>\n","protected":false},"author":1001006,"featured_media":0,"comment_status":"closed","ping_status":"open","sticky":false,"template":"","format":"standard","meta":{"_jetpack_memberships_contains_paid_content":false,"footnotes":""},"categories":[7],"tags":[66,47],"class_list":["post-2311","post","type-post","status-publish","format-standard","hentry","category-norrkoping","tag-arkitektur","tag-utstallning"],"jetpack_featured_media_url":"","jetpack_sharing_enabled":true,"_links":{"self":[{"href":"https:\/\/www.kultursidan.nu\/index.php?rest_route=\/wp\/v2\/posts\/2311","targetHints":{"allow":["GET"]}}],"collection":[{"href":"https:\/\/www.kultursidan.nu\/index.php?rest_route=\/wp\/v2\/posts"}],"about":[{"href":"https:\/\/www.kultursidan.nu\/index.php?rest_route=\/wp\/v2\/types\/post"}],"author":[{"embeddable":true,"href":"https:\/\/www.kultursidan.nu\/index.php?rest_route=\/wp\/v2\/users\/1001006"}],"replies":[{"embeddable":true,"href":"https:\/\/www.kultursidan.nu\/index.php?rest_route=%2Fwp%2Fv2%2Fcomments&post=2311"}],"version-history":[{"count":0,"href":"https:\/\/www.kultursidan.nu\/index.php?rest_route=\/wp\/v2\/posts\/2311\/revisions"}],"wp:attachment":[{"href":"https:\/\/www.kultursidan.nu\/index.php?rest_route=%2Fwp%2Fv2%2Fmedia&parent=2311"}],"wp:term":[{"taxonomy":"category","embeddable":true,"href":"https:\/\/www.kultursidan.nu\/index.php?rest_route=%2Fwp%2Fv2%2Fcategories&post=2311"},{"taxonomy":"post_tag","embeddable":true,"href":"https:\/\/www.kultursidan.nu\/index.php?rest_route=%2Fwp%2Fv2%2Ftags&post=2311"}],"curies":[{"name":"wp","href":"https:\/\/api.w.org\/{rel}","templated":true}]}}