{"id":23117,"date":"2016-01-06T20:03:38","date_gmt":"2016-01-06T19:03:38","guid":{"rendered":"https:\/\/intelligent-friend-7861.standoutwp.com\/?p=23117"},"modified":"2016-01-06T20:03:38","modified_gmt":"2016-01-06T19:03:38","slug":"bubblande-upptakt-med-son-recension","status":"publish","type":"post","link":"https:\/\/www.kultursidan.nu\/?p=23117","title":{"rendered":"Bubblande upptakt med SON (recension)"},"content":{"rendered":"<p><img loading=\"lazy\" decoding=\"async\" class=\"alignnone size-medium wp-image-23118\" src=\"https:\/\/www.kultursidan.nu\/wp-content\/uploads\/2016\/01\/DSCF0097-567x378.jpg\" alt=\"Rosenkavaljer\" width=\"567\" height=\"378\" srcset=\"https:\/\/www.kultursidan.nu\/wp-content\/uploads\/2016\/01\/DSCF0097-567x378.jpg 567w, https:\/\/www.kultursidan.nu\/wp-content\/uploads\/2016\/01\/DSCF0097-768x512.jpg 768w, https:\/\/www.kultursidan.nu\/wp-content\/uploads\/2016\/01\/DSCF0097-1024x682.jpg 1024w, https:\/\/www.kultursidan.nu\/wp-content\/uploads\/2016\/01\/DSCF0097-500x333.jpg 500w, https:\/\/www.kultursidan.nu\/wp-content\/uploads\/2016\/01\/DSCF0097-150x100.jpg 150w, https:\/\/www.kultursidan.nu\/wp-content\/uploads\/2016\/01\/DSCF0097.jpg 1280w\" sizes=\"auto, (max-width: 567px) 100vw, 567px\" \/><em><br \/>\nKavaljer med en ros. Tomas Lind, tenor, och Ann-Christine Larsson, sopran, var solister vid Trettondagsaftonens konsert i De Geerhallen.<\/em><\/p>\n<p>&nbsp;<\/p>\n<h1><span style=\"color: #ff0000;\">Diva med fyllig pipa och klirrande rolig tenor<\/span><\/h1>\n<p>&nbsp;<\/p>\n<p><strong>Gyllene upptakt med Wien. <\/strong>F\u00f6r f\u00f6rsta g\u00e5ngen n\u00e5gonsin hann jag dricka ett glas innan trettondagskonserten. Visst, det \u00e4r alltid n\u00e5got men med biljettpriser p\u00e5 \u00f6ver 400 tycker jag de kunde bjuda p\u00e5 hors d\u2019ouevres, kanske en str\u00e5kkvartett ocks\u00e5.<\/p>\n<p>Norrk\u00f6pings symfoniorkester inledde s\u00e4songen med \u00f6sterrikisk och italiensk musik. Efter en dansant ouvertyr blev med mera Strauss men \u00e4ven lite tyngre operastycken. Solister var Ann-Christine Larsson och Tomas Lind.<\/p>\n<p>&nbsp;<\/p>\n<p><a title=\"Norrk\u00f6pings symfoniorkester\" href=\"https:\/\/www.flickr.com\/photos\/kultursidan\/23585969054\/in\/album-72157663184620596\/\"><img loading=\"lazy\" decoding=\"async\" src=\"https:\/\/farm2.staticflickr.com\/1516\/23585969054_f527f2bfca.jpg\" alt=\"Norrk\u00f6pings symfoniorkester\" width=\"500\" height=\"333\" \/><\/a><br \/>\n<em>Festligt \u00e4ven i orkestern. Lite silver h\u00e4r och purpurf\u00e4rg d\u00e4r.<\/em><\/p>\n<p>&nbsp;<\/p>\n<p><strong>En dansant ouvertyr inledde vinterns och v\u00e5rens s\u00e4song med Norrk\u00f6pings symfoniorkester i De Geerhallen. <\/strong>SON bj\u00f6d p\u00e5 \u00f6sterrikisk och italiensk musik. N\u00e5gra stycken av Johann och Josef Strauss var till och med <strong><em>inte<\/em><\/strong> s\u00f6nderspelade.<\/p>\n<p>Strauss den yngre \u00e4r ofta b\u00e4st n\u00e4r han kryddar med lite nationalromantik, <em>En natt i Venedig<\/em> l\u00e5ter lite som Dvor\u00e1k och, f\u00f6rst\u00e5s, italienskt (arrangerat av Korngold).<\/p>\n<p><strong>Ann-Christine Larsson kommer ursprungligen fr\u00e5n Vreta kloster. <\/strong>Hon har en bra lyrisk-dramatisk, ganska fyllig pipa med lite \u201cdiviga\u201d man\u00e9r, vilket givetvis \u00e4r mest positivt i dessa sammanhang. Briljant \u00e4r det men ibland slarvigt med b\u00e5de tonh\u00f6jd och rytm.<\/p>\n<p>Tomas Lind har en torr och lite \u201cklirrig\u201d tenor men har bra h\u00f6jdtoner och \u00e4r rolig p\u00e5 scen.<\/p>\n<p>&nbsp;<\/p>\n<p><a title=\"Tomas Lind\" href=\"https:\/\/www.flickr.com\/photos\/kultursidan\/24214179525\/in\/album-72157663184620596\/\"><img loading=\"lazy\" decoding=\"async\" src=\"https:\/\/farm2.staticflickr.com\/1663\/24214179525_1b61f80550.jpg\" alt=\"Tomas Lind\" width=\"333\" height=\"500\" \/><\/a><br \/>\n<em>Utspel. Tomas Lind bj\u00f6d p\u00e5 sig sj\u00e4lv.<\/em><\/p>\n<p>&nbsp;<\/p>\n<p><strong>Tanken var att det skulle vara operett, t\u00e4nk <em>L\u00e4derlappen<\/em>, f\u00f6re paus och l\u00e4ttare opera efter paus.<\/strong> Jag har sv\u00e5rt att se vad <em>Tosca, Turandot <\/em>och<em> Pajazzo<\/em> har med \u201cl\u00e4tt opera\u201d att g\u00f6ra (Prologen ur <em>Pajazzo<\/em> \u00e4r, som vi barytons\u00e5ngare vet, bred och tung dramatik), men <em>Tosca<\/em> l\u00e4t bra. Larsson kunde spela sig sj\u00e4lv i <em>Tosca<\/em> (<em>La Tosca<\/em> var en ber\u00f6md och kokett s\u00e5ngerska) och Lind l\u00e4t stundom riktigt bra.<\/p>\n<p><strong>Det var bra spel \u00f6verlag fr\u00e5n Symfoniorkestern och Joachim Gustafsson, som \u00e4ven stod f\u00f6r mellansnacket.<\/strong> Den h\u00e4r typen av l\u00e4ttare musik passar den utm\u00e4rkt \u00e4ven om jag tycker tempona ibland var f\u00f6r l\u00e5ngsamma.<\/p>\n<p>\u00a9 <em>Text: Lars Henriksson<br \/>\n<\/em>\u00a9 <em>Foto: <\/em><em>Ann-Charlotte Sandelin<\/em><\/p>\n<p>BILDSPEL (FLASH) \u2013 KLICKA P\u00c5 BILDEN <em><br \/>\nALT\/MOBIL: SE BILDSPELET <a title=\"Bildspel\" href=\"https:\/\/www.flickr.com\/photos\/kultursidan\/sets\/72157663184620596\/show\/\" target=\"_blank\">H\u00c4R<\/a><\/em><br \/>\n<object width=\"400\" height=\"300\"><param name=\"flashvars\" value=\"offsite=true&amp;lang=en-us&amp;page_show_url=%2Fphotos%2Fkultursidan%2Fsets%2F72157663184620596%2Fshow%2F&amp;page_show_back_url=%2Fphotos%2Fkultursidan%2Fsets%2F72157663184620596%2F&amp;set_id=72157663184620596&amp;jump_to=\" \/><param name=\"movie\" value=\"https:\/\/www.flickr.com\/apps\/slideshow\/show.swf?v=1811922554\" \/><param name=\"allowFullScreen\" value=\"true\" \/><\/object><\/p>\n<blockquote>\n<h3><em>DE GEERHALLEN Norrk\u00f6ping<\/em><\/h3>\n<p>5 januari 2016 kl 17<em><br \/>\n<strong>Gyllene upptakt<\/strong><\/em><br \/>\n<em> Norrk\u00f6pings symfoniorkester<br \/>\nDirigent: Joachim Gustafsson<\/em><br \/>\n<em>Solister: Ann-Christine Larsson, sopran, Tomas Lind, tenor<\/em><\/p><\/blockquote>\n<p>L\u00c4NKAR<br \/>\nJoachim Gustafsson <a href=\"http:\/\/www.operalogg.com\/joachim-gustafsson-dirigent\/\" target=\"_blank\">operalogg <\/a><br \/>\nAnn-Christine Larsson <a href=\"http:\/\/www.operalogg.com\/ann-christine-larsson-sopran\/#.VKCDt3ABA\" target=\"_blank\">operalogg <\/a><br \/>\nTomas Lind <a href=\"http:\/\/www.operalogg.com\/tomas-lind\/#.Vo1ZVTYYL-I\" target=\"_blank\">operalogg <\/a><br \/>\nLars Henriksson <a href=\"http:\/\/www.operalaven.se\" target=\"_blank\">hemsida<\/a><br \/>\nNorrk\u00f6pings symfoniorkester <a href=\"http:\/\/www.norrkopingssymfoniorkester.se\" target=\"_blank\">hemsida<\/a> <a href=\"https:\/\/www.facebook.com\/norrkoping.symphony?fref=ts\" target=\"_blank\">Facebook<\/a><\/p>\n","protected":false},"excerpt":{"rendered":"<p>NORRK\u00d6PING Gyllene upptakt med Wien. Norrk\u00f6pings symfoniorkester inledde s\u00e4songen med \u00f6sterrikisk och italiensk musik. Efter en dansant ouvertyr blev med mera Strauss men \u00e4ven lite tyngre operastycken. Solister var Ann-Christine Larsson och Tomas Lind. <a class=\"continue-reading-link\" href=\"https:\/\/www.kultursidan.nu\/?p=23117\">L\u00e4s mer <span class=\"meta-nav\">&rarr; <\/span><\/a><\/p>\n","protected":false},"author":1001006,"featured_media":0,"comment_status":"closed","ping_status":"open","sticky":false,"template":"","format":"standard","meta":{"_jetpack_memberships_contains_paid_content":false,"footnotes":""},"categories":[7],"tags":[13],"class_list":["post-23117","post","type-post","status-publish","format-standard","hentry","category-norrkoping","tag-musik"],"jetpack_featured_media_url":"","jetpack_sharing_enabled":true,"_links":{"self":[{"href":"https:\/\/www.kultursidan.nu\/index.php?rest_route=\/wp\/v2\/posts\/23117","targetHints":{"allow":["GET"]}}],"collection":[{"href":"https:\/\/www.kultursidan.nu\/index.php?rest_route=\/wp\/v2\/posts"}],"about":[{"href":"https:\/\/www.kultursidan.nu\/index.php?rest_route=\/wp\/v2\/types\/post"}],"author":[{"embeddable":true,"href":"https:\/\/www.kultursidan.nu\/index.php?rest_route=\/wp\/v2\/users\/1001006"}],"replies":[{"embeddable":true,"href":"https:\/\/www.kultursidan.nu\/index.php?rest_route=%2Fwp%2Fv2%2Fcomments&post=23117"}],"version-history":[{"count":0,"href":"https:\/\/www.kultursidan.nu\/index.php?rest_route=\/wp\/v2\/posts\/23117\/revisions"}],"wp:attachment":[{"href":"https:\/\/www.kultursidan.nu\/index.php?rest_route=%2Fwp%2Fv2%2Fmedia&parent=23117"}],"wp:term":[{"taxonomy":"category","embeddable":true,"href":"https:\/\/www.kultursidan.nu\/index.php?rest_route=%2Fwp%2Fv2%2Fcategories&post=23117"},{"taxonomy":"post_tag","embeddable":true,"href":"https:\/\/www.kultursidan.nu\/index.php?rest_route=%2Fwp%2Fv2%2Ftags&post=23117"}],"curies":[{"name":"wp","href":"https:\/\/api.w.org\/{rel}","templated":true}]}}