{"id":23432,"date":"2016-01-30T12:39:47","date_gmt":"2016-01-30T11:39:47","guid":{"rendered":"https:\/\/intelligent-friend-7861.standoutwp.com\/?p=23432"},"modified":"2016-01-30T13:29:25","modified_gmt":"2016-01-30T12:29:25","slug":"varens-barnteater-pa-braddgatan-34","status":"publish","type":"post","link":"https:\/\/www.kultursidan.nu\/?p=23432","title":{"rendered":"V\u00e5rens barnteater p\u00e5 Br\u00e5ddgatan 34"},"content":{"rendered":"<p><em><img loading=\"lazy\" decoding=\"async\" class=\"alignnone size-medium wp-image-23433\" src=\"https:\/\/www.kultursidan.nu\/wp-content\/uploads\/2016\/01\/Imba-Foto-Henrik-Ringquist-567x317.jpg\" alt=\"Imba\" width=\"567\" height=\"317\" srcset=\"https:\/\/www.kultursidan.nu\/wp-content\/uploads\/2016\/01\/Imba-Foto-Henrik-Ringquist-567x317.jpg 567w, https:\/\/www.kultursidan.nu\/wp-content\/uploads\/2016\/01\/Imba-Foto-Henrik-Ringquist-150x84.jpg 150w, https:\/\/www.kultursidan.nu\/wp-content\/uploads\/2016\/01\/Imba-Foto-Henrik-Ringquist.jpg 620w\" sizes=\"auto, (max-width: 567px) 100vw, 567px\" \/><br \/>\nBarnteater p\u00e5 spr\u00e5ng. Teater Imba ger lekfulla versioner av k\u00e4nda sagor f\u00f6r den unga publiken.<br \/>\n<\/em><\/p>\n<p>&nbsp;<\/p>\n<h1><span style=\"color: #ff0000;\">Om gl\u00e4dje och sorg med lek p\u00e5 stort allvar<br \/>\n<\/span><\/h1>\n<p>&nbsp;<\/p>\n<p><strong>Vad \u00e4r en v\u00e5r utan teater?<\/strong> Nu har Barnteaterv\u00e5ren 2016 dragit undan rid\u00e5n med f\u00f6rest\u00e4llningar f\u00f6r barn, f\u00f6r ett\u00e5ringar till tretton\u00e5ringar. Hela fyra nya grupper g\u00f6r ocks\u00e5 entr\u00e9!<\/p>\n<p>&nbsp;<\/p>\n<p><a title=\"Hillevi Hults bragder och bravader\" href=\"https:\/\/www.flickr.com\/photos\/kultursidan\/23653542529\/in\/album-72157661781419263\/\"><img loading=\"lazy\" decoding=\"async\" src=\"https:\/\/farm6.staticflickr.com\/5754\/23653542529_cb3c43889d.jpg\" alt=\"Hillevi Hults bragder och bravader\" width=\"333\" height=\"500\" \/><\/a><br \/>\n<em>Dramatik till sj\u00f6ss. Papagenas Hillevi Hults bragder och bravader spelas sista s\u00f6ndagen i januari. <\/em><\/p>\n<p>&nbsp;<\/p>\n<p><strong>Den som har spanat p\u00e5 programmet f\u00f6r Barnteater v\u00e5ren 2016 har nog k\u00e4nt igen en hel del av de namn som ger f\u00f6rest\u00e4llningar p\u00e5 Teater Br\u00e5ddgatan 34.<\/strong> Pelikanen, Fenix, Papagena och Gulasch \u00e4r v\u00e4lk\u00e4nda professionella teatergrupper fr\u00e5n Norrk\u00f6ping. Men fyra av grupperna kanske inte \u00e4r riktigt lika k\u00e4nda som de andra. \u00c4r det d\u00e5 inte h\u00f6g tid att presentera dessa? Tadaaa\u2026<\/p>\n<p><strong>F\u00f6rst ut har vi teater Imba, som har sitt s\u00e4te i Link\u00f6ping och som g\u00e4stade Teater Br\u00e5ddgatan 34 f\u00f6r f\u00f6rsta g\u00e5ngen 2015. <\/strong>Med lek, humor, fantasi och sina bara (nej, inte nakna, men i stort sett helt utan scenografi och rekvisita) kroppar g\u00f6r de nya versioner av v\u00e4lk\u00e4nda sagor. Nu \u00e4r Christian Svensson, Lena Ilmarsson och Thomas H\u00e4ggstr\u00f6m tillbaka med <em>Tarzan, Sk\u00f6nheten och odjuret, Askungen <\/em>och<em> Lejonkungen<\/em> som publiken aldrig sett dem tidigare, de arbetar n\u00e4mligen i h\u00f6g grad med improvisation i samarbete med publiken.<\/p>\n<p><strong>Rebecka Melin driver Teater Beckalin fr\u00e5n Eskilstuna och g\u00f6r mycket barnteater med clowninriktning<\/strong>. V\u00e5rens f\u00f6rest\u00e4llningar \u00e4r s\u00f6tsugna <em>S\u00e5 gott som godis <\/em>och<em> Variet\u00e9 Sax<\/em>, fylld av popcorn, jonglering och saxofonspektakel.<\/p>\n<p><strong>Teater Crum kommer ocks\u00e5 fr\u00e5n Eskilstuna.<\/strong> <em>Den f\u00f6rsvunna f\u00f6delsedagst\u00e5rtan<\/em> passar barn fr\u00e5n fyra \u00e5r.<\/p>\n<p>&nbsp;<\/p>\n<p><a title=\"M\u00e5nstr\u00e5le\" href=\"https:\/\/www.flickr.com\/photos\/kultursidan\/24409170530\/in\/album-72157661781419263\/\"><img loading=\"lazy\" decoding=\"async\" src=\"https:\/\/farm2.staticflickr.com\/1495\/24409170530_831e8a282a.jpg\" alt=\"M\u00e5nstr\u00e5le\" width=\"374\" height=\"500\" \/><\/a><br \/>\n<em>Sorgebearbetning. I M\u00e5nstr\u00e5len ber\u00e4ttar Din Datters Teater om flickan Erika som mist sin mor.<\/em><\/p>\n<p>&nbsp;<\/p>\n<p><strong>Och \u00e4nda fr\u00e5n Danmark kommer Din datters teater.<\/strong> Den \u00f6msinta och lekfulla f\u00f6rest\u00e4llningen <em>M\u00e5nstr\u00e5len<\/em> handlar om sorger och tabun, f\u00f6rmedlat med musik och fantasi.<\/p>\n<p><strong>De fria grupper som har Norrk\u00f6ping som sin bas reser \u00e4ven de land och rike runt och spelar f\u00f6r sm\u00e5 och stora barn.<\/strong> F\u00f6lj l\u00e4nkarna till recensioner och reportage om <em>Sol-\u00c4gget, Hillevi Hults bragder och bravader, Vad \u00e4r du bra p\u00e5? <\/em>samt<em> Litet hus med stort hj\u00e4rta<\/em> med flera.<\/p>\n<p>\u00a9 <em>Text och foto: Jennie Johnson och Ann-Charlotte Sandelin<br \/>\n<\/em>\u00a9 <em>Foto: <\/em><em>Ann-Charlotte Sandelin, Henric Ringquist samt fr\u00e5n Din Datters Teater, Teater Crum Teater Beckalin och Teater Fenix<\/em><\/p>\n<p>BILDSPEL (FLASH) \u2013 KLICKA P\u00c5 BILDEN <em><br \/>\nALT\/MOBIL: SE BILDSPELET <a title=\"Bildspel\" href=\"https:\/\/www.flickr.com\/photos\/kultursidan\/sets\/72157661781419263\/show\/\" target=\"_blank\">H\u00c4R<\/a><\/em><br \/>\n<object width=\"400\" height=\"300\"><param name=\"flashvars\" value=\"offsite=true&amp;lang=en-us&amp;page_show_url=%2Fphotos%2Fkultursidan%2Fsets%2F72157661781419263%2Fshow%2F&amp;page_show_back_url=%2Fphotos%2Fkultursidan%2Fsets%2F72157661781419263%2F&amp;set_id=72157661781419263&amp;jump_to=\" \/><param name=\"movie\" value=\"https:\/\/www.flickr.com\/apps\/slideshow\/show.swf?v=1811922554\" \/><param name=\"allowFullScreen\" value=\"true\" \/><\/object><\/p>\n<blockquote><p><em>TEATER BR\u00c5DDGATAN 34, HALLARNA Norrk\u00f6ping<\/em><\/p>\n<p>Vintern v\u00e5ren 2016, s\u00f6ndagar kl 15<br \/>\n<em> <strong>Teater i Barnkammaren<\/strong><\/em><\/p>\n<p style=\"padding-left: 30px;\"><em>JANUARI<strong><br \/>\n<\/strong>24\/1 <strong>Sol-\u00c4gget<\/strong> med dansworkshop. Teater Pelikanen. 2\u20136 \u00e5r.<\/em><br \/>\n<em> 31\/1 <strong>Hillevi Hults bragder och bravader<\/strong>. Teater Papagena. 4-9 \u00e5r<\/em><\/p>\n<p style=\"padding-left: 30px;\"><em>FEBRUARI<\/em><br \/>\n<em> 7\/2 <strong>S\u00e5 gott som godis<\/strong>. Teater Beckalin. 3-9 \u00e5r<\/em><br \/>\n<em> 14\/2 <strong>Tarzan<\/strong>. Teater Imba. 4-13 \u00e5r<\/em><br \/>\n<em> 21\/2 <strong>Den f\u00f6rsvunna f\u00f6delsedagst\u00e5rtan<\/strong>. Teater Crum. 4-9 \u00e5r<\/em><\/p>\n<p style=\"padding-left: 60px;\"><em>SPORTLOVET<\/em><br \/>\n<em> kl 10 och 13<\/em><br \/>\n<em> 22\/2 <strong>Sk\u00f6nheten och Odjuret<\/strong>. Teater Imba. 4-13 \u00e5r<\/em><br \/>\n<em> 23\/2 <strong>Variet\u00e9 Sax.<\/strong> Teater Beckalin. 3-7 \u00e5r<\/em><br \/>\n<em> 24\/2 <strong>Askungen<\/strong>. Teater Imba. 4-13 \u00e5r<\/em><br \/>\n<em> 25\/2 <strong>Super-Verklo<\/strong> med drakworkshop. Pelikanen. 4-8 \u00e5r<\/em><br \/>\n<em> 26\/2 <strong>Vad \u00e4r du bra p\u00e5?<\/strong> Teater Gulasch. 4-9 \u00e5r<\/em><\/p>\n<p style=\"padding-left: 30px;\"><em>MARS<\/em><br \/>\n<em> 6\/3 <strong>M\u00e5nstr\u00e5len<\/strong>. Din datter\u2019s teater. G\u00e4stspel fr\u00e5n Danmark. 3-7 \u00e5r. (Del i Leva Livetveckan, fri entr\u00e9)<\/em><br \/>\n<em> 13\/3 <strong>Litet hus med stort hj\u00e4rta.<\/strong> Teater Fenix. 1-3 \u00e5r<\/em><br \/>\n<em> 20\/3 <strong>Kanel och Kanin<\/strong> med danslek. Teater Pelikanen. 2-6 \u00e5r<\/em><\/p>\n<p style=\"padding-left: 30px;\"><em>APRIL<\/em><br \/>\n<em> 3\/4 <strong>Lejonkungen<\/strong>. Teater Imba. 4-13 \u00e5r<\/em><br \/>\n<em> 10\/4 <strong>Ivar, Knutte och vatten<\/strong>. Teater Gulasch. 4-10 \u00e5r<\/em><\/p>\n<p style=\"padding-left: 30px;\"><em>MAJ<\/em><br \/>\n<em> 8\/5 <strong>Sk\u00f6nheten och odjuret<\/strong>. Teater Imba. 4\u201313 \u00e5r. (Del i Scenkonstfestivalen.)<\/em><\/p>\n<\/blockquote>\n<p>L\u00c4NKAR<br \/>\nTeater Br\u00e5ddgatan 34 <a href=\"https:\/\/www.facebook.com\/teaterbg34?fref=ts\" target=\"_blank\">Facebook<\/a><br \/>\nKvarteret Hallarna <a href=\"http:\/\/www.hallarna.org\/\" target=\"_blank\">hemsida <\/a><br \/>\nTeater Beckalin <a href=\"http:\/\/beckalin.se\/teater%20beckalin\/f\u00f6rest\u00e4llningar.html\" target=\"_blank\">hemsida<\/a><br \/>\nTeater Crum <a href=\"https:\/\/www.facebook.com\/TeaterCrum\/\" target=\"_blank\">Facebook<\/a><br \/>\nDin Datters Teater <a href=\"https:\/\/www.facebook.com\/Din-Datters-Teater-1606226212973282\/\" target=\"_blank\">Facebook<\/a><br \/>\nTeater Fenix <a href=\"http:\/\/www.teaterfenix.se\/wordpress\/\" target=\"_blank\">hemsida<\/a> <a href=\"https:\/\/www.facebook.com\/teaterfenix.fenix.9?fref=ts\" target=\"_blank\">Facebook<\/a><br \/>\nMusikteater Gulasch hemsida <a href=\"https:\/\/www.facebook.com\/Musikteater-Gulasch-303291253049443\/?fref=ts\" target=\"_blank\">Facebook<\/a><br \/>\nTeater Imba <a href=\"http:\/\/www.teaterimba.se\" target=\"_blank\">hemsida<\/a> <a href=\"https:\/\/www.facebook.com\/TeaterImba\/?fref=ts\"><br \/>\n<\/a>Teater Papagena <a href=\"http:\/\/www.papagena.se\" target=\"_blank\">hemsida <\/a><br \/>\nTeater Pelikanen <a href=\"http:\/\/www.teaterpelikanen.se\" target=\"_blank\">hemsida<\/a> <a href=\"https:\/\/www.facebook.com\/teater.pelikanen\/?fref=ts\" target=\"_blank\">Facebook<\/a><br \/>\nIka Nord regisserar Beskows Sol-\u00e4gget <a href=\"https:\/\/www.kultursidan.nu\/?p=470\" target=\"_blank\">reportage<\/a> Kultursidan.nu 18\/10 2010<br \/>\nHillevi Hults \u00e4lskling seglar i hamn\u00a0 <a href=\"https:\/\/www.kultursidan.nu\/?p=23020\" target=\"_blank\">recension<\/a> Kultursidan.nu 28\/12 2015<br \/>\nIn i v\u00e4rlden med Super-Verklo\u00a0 <a href=\"https:\/\/www.kultursidan.nu\/?p=17023\" target=\"_blank\">recension<\/a> Kultursidan.nu 24\/9 2014<br \/>\nGulasch \u00e5teranv\u00e4nder l\u00e5tar i Vad \u00e4r du bra p\u00e5? <a href=\"https:\/\/www.kultursidan.nu\/?p=7972\" target=\"_blank\">reportage<\/a> Kultursidan.nu 30\/10 2012<br \/>\nTeater Fenix vinner en ny publik (Litet hus med stort hj\u00e4rta) <a href=\"https:\/\/www.kultursidan.nu\/?p=8898\" target=\"_blank\">recension<\/a> Kultursidan.nu 2\/5 2013<br \/>\nFaktapj\u00e4s med fusk g\u00e5r hem hos publiken (Ivar, Knutte och vatten) <a href=\"https:\/\/www.kultursidan.nu\/?p=19616\" target=\"_blank\">recension<\/a> Kultursidan.nu 27\/4 2015<\/p>\n","protected":false},"excerpt":{"rendered":"<p>NORRK\u00d6PING Vad \u00e4r en v\u00e5r utan teater? Nu har Barnteaterv\u00e5ren 2016 dragit undan rid\u00e5n med f\u00f6rest\u00e4llningar f\u00f6r barn mellan ett och tretton \u00e5r. Hela fyra nya grupper g\u00f6r ocks\u00e5 entr\u00e9! Roligt, poetiskt och sorgligt i sk\u00f6n blandning. <a class=\"continue-reading-link\" href=\"https:\/\/www.kultursidan.nu\/?p=23432\">L\u00e4s mer <span class=\"meta-nav\">&rarr; <\/span><\/a><\/p>\n","protected":false},"author":1001006,"featured_media":0,"comment_status":"closed","ping_status":"open","sticky":false,"template":"","format":"standard","meta":{"_jetpack_memberships_contains_paid_content":false,"footnotes":""},"categories":[7],"tags":[37,12],"class_list":["post-23432","post","type-post","status-publish","format-standard","hentry","category-norrkoping","tag-barnkultur","tag-teater"],"jetpack_featured_media_url":"","jetpack_sharing_enabled":true,"_links":{"self":[{"href":"https:\/\/www.kultursidan.nu\/index.php?rest_route=\/wp\/v2\/posts\/23432","targetHints":{"allow":["GET"]}}],"collection":[{"href":"https:\/\/www.kultursidan.nu\/index.php?rest_route=\/wp\/v2\/posts"}],"about":[{"href":"https:\/\/www.kultursidan.nu\/index.php?rest_route=\/wp\/v2\/types\/post"}],"author":[{"embeddable":true,"href":"https:\/\/www.kultursidan.nu\/index.php?rest_route=\/wp\/v2\/users\/1001006"}],"replies":[{"embeddable":true,"href":"https:\/\/www.kultursidan.nu\/index.php?rest_route=%2Fwp%2Fv2%2Fcomments&post=23432"}],"version-history":[{"count":0,"href":"https:\/\/www.kultursidan.nu\/index.php?rest_route=\/wp\/v2\/posts\/23432\/revisions"}],"wp:attachment":[{"href":"https:\/\/www.kultursidan.nu\/index.php?rest_route=%2Fwp%2Fv2%2Fmedia&parent=23432"}],"wp:term":[{"taxonomy":"category","embeddable":true,"href":"https:\/\/www.kultursidan.nu\/index.php?rest_route=%2Fwp%2Fv2%2Fcategories&post=23432"},{"taxonomy":"post_tag","embeddable":true,"href":"https:\/\/www.kultursidan.nu\/index.php?rest_route=%2Fwp%2Fv2%2Ftags&post=23432"}],"curies":[{"name":"wp","href":"https:\/\/api.w.org\/{rel}","templated":true}]}}