{"id":23576,"date":"2016-02-06T13:59:30","date_gmt":"2016-02-06T12:59:30","guid":{"rendered":"https:\/\/intelligent-friend-7861.standoutwp.com\/?p=23576"},"modified":"2016-02-06T13:59:30","modified_gmt":"2016-02-06T12:59:30","slug":"ake-bjurhamn-ager-rum-pa-kronan","status":"publish","type":"post","link":"https:\/\/www.kultursidan.nu\/?p=23576","title":{"rendered":"\u00c5ke Bjurhamn \u00e4ger rum p\u00e5 Kronan"},"content":{"rendered":"<p><img loading=\"lazy\" decoding=\"async\" class=\"alignnone size-medium wp-image-23577\" src=\"https:\/\/www.kultursidan.nu\/wp-content\/uploads\/2016\/02\/Bjurhamn-1-567x351.jpeg\" alt=\"\u00c5ke Bjurhamn\" width=\"567\" height=\"351\" srcset=\"https:\/\/www.kultursidan.nu\/wp-content\/uploads\/2016\/02\/Bjurhamn-1-567x351.jpeg 567w, https:\/\/www.kultursidan.nu\/wp-content\/uploads\/2016\/02\/Bjurhamn-1-768x475.jpeg 768w, https:\/\/www.kultursidan.nu\/wp-content\/uploads\/2016\/02\/Bjurhamn-1-1024x633.jpeg 1024w, https:\/\/www.kultursidan.nu\/wp-content\/uploads\/2016\/02\/Bjurhamn-1-538x333.jpeg 538w, https:\/\/www.kultursidan.nu\/wp-content\/uploads\/2016\/02\/Bjurhamn-1-150x93.jpeg 150w, https:\/\/www.kultursidan.nu\/wp-content\/uploads\/2016\/02\/Bjurhamn-1.jpeg 1258w\" sizes=\"auto, (max-width: 567px) 100vw, 567px\" \/><br \/>\n<em>Slottsherre. Med utst\u00e4llningen l\u00e4mnar \u00c5ke Bjurhamn slotten bakom sig. Till v\u00e4nster Slottsruin i landskap, till h\u00f6ger Slottet vid v\u00e4gens \u00e4nde.<\/em><\/p>\n<p>&nbsp;<\/p>\n<h1><span style=\"color: #ff0000;\">\u00d6ppnar mot nya f\u00e4rgsprakande \u00e4ventyr<\/span><\/h1>\n<p>&nbsp;<\/p>\n<p><strong>G\u00e5 p\u00e5 <em>\u00c4ventyr i Bjurhamnrummet<\/em>! <\/strong>Iver, egensinne och ett lustfyllt s\u00f6kande i f\u00e4rgernas v\u00e4rld pr\u00e4glar \u00c5ke Bjurhamns utst\u00e4llning p\u00e5 Galleri Kronan. Fr\u00e5n slott, katedraler och lador s\u00f6ker han nu vidare i det konstn\u00e4rliga landskapet.<\/p>\n<p><strong>Som en konstens Gossen Ruda.<\/strong> Eller Mannen som g\u00f6r vad som faller honom in. F\u00f6rsta titeln i utst\u00e4llningen \u00e4r <em>Katedral i sorbet, <\/em>b\u00e5de Askungens och T\u00f6rnrosas slott h\u00e4nger p\u00e5 galleriets v\u00e4ggar. Bara det s\u00e4ger allt om norrk\u00f6pingskonstn\u00e4ren \u00c5ke Bjurhamn; han \u00e4r befriande bekymmersl\u00f6s.<\/p>\n<p>Det h\u00e4r \u00e4r s\u00e5 l\u00e5ngt \u00c5ke Bjurhamn kan komma fr\u00e5n den strama konkretisten som hyllade Malevich p\u00e5 Galleri Sander\/NP33 h\u00f6sten 2013. \u201dJag m\u00e5lar antingen fluffigt eller stramt. Det strama \u00e4r inandningen som m\u00e5ste till innan man andas ut\u201d sade han d\u00e5.<\/p>\n<p>&nbsp;<\/p>\n<p><a title=\"\u00c5ke Bjurhamn \u2013 Lars Gullins katedral\" href=\"https:\/\/www.flickr.com\/photos\/kultursidan\/24555575470\/in\/album-72157664377572595\/\"><img loading=\"lazy\" decoding=\"async\" src=\"https:\/\/farm2.staticflickr.com\/1561\/24555575470_548bc7bf64.jpg\" alt=\"\u00c5ke Bjurhamn \u2013 Lars Gullins katedral\" width=\"500\" height=\"380\" \/><\/a><br \/>\n<em>Lars Gullins katedral. Den f\u00f6rsta i katedralserien som \u00c5ke Bjurhamn m\u00e5lade \u00e5ren 2013-2014.<\/em><\/p>\n<p>&nbsp;<\/p>\n<p><strong>Svarta linjer bygger stora fasader f\u00e5ngade i 56 n\u00e4tta format mot rosagulliga landskap.<\/strong> Det \u00e4r det f\u00f6rsta jag ser. Jag tvingar \u00f6gat att se bort fr\u00e5n de svarta linjerna (allts\u00e5 detta med att m\u00e4nniskohj\u00e4rnan \u00e4lskar m\u00f6nster). Under sprakar f\u00e4rgerna: rosa m\u00f6ter ljust bl\u00e5tt, eller gult eller orange.<\/p>\n<p>Det kan rentav vara provocerande i sin \u201dgullighet\u201d men h\u00e4r ryms ett sinne som lika uppriktigt som lekfullt unders\u00f6ker f\u00e4rgernas spel. Det \u00e4r lika dj\u00e4rvt, men p\u00e5 ett annat s\u00e4tt, som n\u00e4r \u00c5ke Bjurhamn m\u00e5lade p\u00e5 stenar i ett gravf\u00e4lt utanf\u00f6r Link\u00f6ping 1979. Skillnaden \u00e4r att h\u00e4r handlar det enbart om estetik och inte kan leda till r\u00e4ttsligt efterspel.<\/p>\n<p><strong>Ett \u00e5r med slott (2012-2013), ett \u00e5r med katedraler och s\u00e5 lador.<\/strong> Under det senaste \u00e5ret har byggnaderna l\u00e4mnat duken, landskapen har hamnat i f\u00f6rgrunden. Allt i hans \u201dfluffiga\u201d stil d\u00e4r f\u00e4rgerna m\u00f6ts, nyanserar, kontrasterar och ber\u00f6r varandra, blandas eller bara skyler \u00f6ver. Utst\u00e4llningen rytmiseras av pl\u00f6tslig dramatik, svarta punkteringar. F\u00e4rgp\u00e5l\u00e4ggningen v\u00e4xlar mellan tunnat och kraftigare lager.<\/p>\n<p>\u2013 Jag b\u00f6rjar med att m\u00e5la med f\u00e4rg. Och n\u00e4r jag fluffat ett tag s\u00e5 ger jag en struktur i m\u00e5lningen. Sedan kan jag m\u00e5la lite till, s\u00e4ger \u00c5ke Bjurhamn.<\/p>\n<p>Den konstn\u00e4rliga processen syns tydligt i <em>Lada i sn\u00f6storm<\/em>, 2014, ett verk med dovare f\u00e4rgskala. Under sn\u00f6stormens vinande nederb\u00f6rd anas ladans l\u00e4ngsg\u00e5ende svarta streck tydligt medan nya gavelmarkeringar visar byggnaden fr\u00e5n ett annat perspektiv.<\/p>\n<p>&nbsp;<\/p>\n<p><a title=\"\u00c5ke Bjurhamn \u2013 Lada i sn\u00f6storm\" href=\"https:\/\/www.flickr.com\/photos\/kultursidan\/24483451189\/in\/album-72157664377572595\/\"><img loading=\"lazy\" decoding=\"async\" src=\"https:\/\/farm2.staticflickr.com\/1493\/24483451189_de221b8c7d.jpg\" alt=\"\u00c5ke Bjurhamn \u2013 Lada i sn\u00f6storm\" width=\"331\" height=\"500\" \/><\/a><br \/>\n<em>Lada i sn\u00f6storm. F\u00e4rger som m\u00f6ts, fluffas till och luddar vid varandra. \u00c5ke Bjurhamn m\u00e5lar och bearbetar, m\u00e5lar om. Ovanf\u00f6r ses en del av Den bl\u00e5 katedralen.<br \/>\n<\/em><\/p>\n<p>&nbsp;<\/p>\n<p><strong>\u2013 Mycket \u00e4r intuitivt n\u00e4r jag m\u00e5lar.<\/strong> Det g\u00e5r inte att t\u00e4nka d\u00e5. Det sv\u00e5ra \u00e4r att sluta. Ofta k\u00e4nner jag att det \u00e4r klart. Men oftast m\u00e5ste jag m\u00e5la \u00f6ver dem f\u00f6r att det \u00e4r f\u00f6r mycket f\u00e4rg.<\/p>\n<p>D\u00e5 grundar \u00c5ke Bjurhamn med vitt och b\u00f6rjar om fr\u00e5n b\u00f6rjan. Processen kr\u00e4ver mer \u00e4n hundra f\u00f6rs\u00f6k f\u00f6r att n\u00e5 kanske femton godk\u00e4nda verk under en m\u00e5larperiod. I mellanperioderna, tre kvarts \u00e5r, skriver han deckare i \u00e4ldre stil. Det \u00e4r den v\u00e4xelverkan som beh\u00f6vs medan sinnet f\u00f6rbereder sig f\u00f6r n\u00e5got annat.<\/p>\n<p><strong>N\u00e5gra av slotten, katedralerna och ladorna har blivit till b\u00f6cker, med dikter av Yvonne Andersson fr\u00e5n Link\u00f6ping.<\/strong> Efter att ha tr\u00e4ffats p\u00e5 \u00d6sterg\u00f6tlands bokm\u00e4ssa blev de v\u00e4nner p\u00e5 Facebook.<\/p>\n<p>\u2013 Jag lade ut n\u00e5gra bilder p\u00e5 slott och hon kontaktade mig och fr\u00e5gade om hon fick skriva till dem.<\/p>\n<p><strong><em>Lars Gullins katedral<\/em> inledde katedralperioden.<\/strong> Jazz\u00e4lskaren \u00c5ke Bjurhamn (han har musikstudier i bagaget och har gjort ett flertal omslag till jazzskivor) lyssnade p\u00e5 en nyanskaffad skiva med den store saxofonisten. Sedan gick han direkt till staffliet, ett ovanligt gult ljus lyser upp m\u00e5lningen.<\/p>\n<p>\u2013 Lars Gullin borde helgonf\u00f6rklaras n\u00e4r det springer upp en k\u00e4lla n\u00e4r man h\u00f6r hans musik, det sa jag till hans \u00e4nka, ber\u00e4ttar \u00c5ke Bjurhamn.<\/p>\n<p>&nbsp;<\/p>\n<p><a title=\"\u00c5ke Bjurhamn \u2013 Alkemistiskt landskap 1\" href=\"https:\/\/www.flickr.com\/photos\/kultursidan\/24733192612\/in\/album-72157664377572595\/\"><img loading=\"lazy\" decoding=\"async\" src=\"https:\/\/farm2.staticflickr.com\/1500\/24733192612_b190780826.jpg\" alt=\"\u00c5ke Bjurhamn \u2013 Alkemistiskt landskap 1\" width=\"500\" height=\"407\" \/><\/a><br \/>\n<em>P\u00e5 v\u00e4g mot nya rymder. Alkemiskt landskap 1 \u00e4r det f\u00f6rsta i en serie av sex som visas p\u00e5 utst\u00e4llningen.<\/em><\/p>\n<p>&nbsp;<\/p>\n<p><strong>Minnen fr\u00e5n en resa till Island tillsammans med goda v\u00e4nner f\u00f6r m\u00e5nga \u00e5r sedan har startat de senaste processerna.<\/strong> En kraftfullt svart vulkan reser sig mitt i landskapet, men d\u00e4r antyds \u00e4ven strandmotiv, och rentav en <em>Stad i Sydeuropa<\/em>.<\/p>\n<p>M\u00e4nniskogestalter brukar inte f\u00f6rekomma i \u00c5ke Bjurhamns m\u00e5leri men tv\u00e5 verk g\u00f6r undantag fr\u00e5n regeln, <em>V\u00e4ntan<\/em> och <em>M\u00f6te<\/em>. Ursprunget \u00e4r en stor m\u00e5lning av G\u00f6teborgskoloristen Ragnar Sandberg som h\u00e4ngde i det Bjurhamnska hemmet men s\u00e5ldes.<\/p>\n<p>\u2013 D\u00e5 ville jag ha lite av k\u00e4nslan kvar. M\u00f6te har lite av hans <em>S\u00fcr la plage<\/em>-k\u00e4nsla, han klippte av motivet s\u00e5 att man s\u00e5g en fot eller en hand. Det gjorde han efter franske 1800-talskonstn\u00e4ren Pierre Bonnard som var den f\u00f6rste som l\u00e4t saker h\u00e4nda utanf\u00f6r bilden.<\/p>\n<p><strong>Hur n\u00e4ra kommer \u00c5ke Bjurhamn inte sj\u00e4lva konstn\u00e4rskapet i serien <em>Alkemistiskt landskap<\/em> 1\u20136, som \u00f6ppnar mot nya f\u00e4rgsprakande \u00e4ventyr.<\/strong> Om han nu inte \u00f6verraskar med nya v\u00e4ndningar i sina v\u00e4xelverkande \u00e4ventyr i atelj\u00e9n Bjurhamnrummet n\u00e5gra trappor upp konstn\u00e4rshuset Kronan.<\/p>\n<p>\u00a9 <em>Text: Ann-Charlotte Sandelin<br \/>\n<\/em>\u00a9 <em>Foto: <\/em><em>Nils-G\u00f6ran Tillgren<\/em><\/p>\n<p>BILDSPEL (FLASH) \u2013 KLICKA P\u00c5 BILDEN <em><br \/>\nALT\/MOBIL: SE BILDSPELET <a title=\"Bildspel\" href=\"https:\/\/www.flickr.com\/photos\/kultursidan\/sets\/72157664377572595\/show\/\" target=\"_blank\">H\u00c4R<\/a><\/em><br \/>\n<object width=\"400\" height=\"300\"><param name=\"flashvars\" value=\"offsite=true&amp;lang=en-us&amp;page_show_url=%2Fphotos%2Fkultursidan%2Fsets%2F72157664377572595%2Fshow%2F&amp;page_show_back_url=%2Fphotos%2Fkultursidan%2Fsets%2F72157664377572595%2F&amp;set_id=72157664377572595&amp;jump_to=\" \/><param name=\"movie\" value=\"https:\/\/www.flickr.com\/apps\/slideshow\/show.swf?v=1811922554\" \/><param name=\"allowFullScreen\" value=\"true\" \/><\/object><\/p>\n<blockquote>\n<h3><em>GALLERI KRONAN Norrk\u00f6ping<\/em><\/h3>\n<p>6 \u2013 21 februari 2016<em><br \/>\n<strong>\u00c4ventyr i Bjurhamnrummet<\/strong><\/em><br \/>\n<em> \u00c5ke Bjurhamn<\/em><br \/>\n<em> M\u00e5leri<\/em><\/p><\/blockquote>\n<p>L\u00c4NKAR<br \/>\n\u00c5ke Bjurhamn <a href=\"http:\/\/www.gallerikronan.se\/kifin\/index.php\/bjurhamn\" target=\"_blank\">hemsida <\/a><br \/>\nGalleri Kronan <a href=\"http:\/\/www.gallerikronan.se\" target=\"_blank\">hemsida<\/a> <a href=\"https:\/\/www.facebook.com\/Galleri-Kronan-222739187788587\/?fref=ts\" target=\"_blank\">Facebook<\/a> <a href=\"https:\/\/www.facebook.com\/events\/182013695488587\/\" target=\"_blank\">FB-evenemang <\/a><br \/>\nDr\u00f6msk poesi m\u00f6ter himmelska byggverk <a href=\"https:\/\/www.kultursidan.nu\/?p=14457\" target=\"_blank\">recension<\/a> Kultursidan.nu 29\/3 2014<br \/>\n\u00c5ke Bjurhamns inandning p\u00e5 NP33 <a href=\"https:\/\/www.kultursidan.nu\/?p=12098\" target=\"_blank\">reportage<\/a> Kultursidan.nu 6\/9 2013<\/p>\n","protected":false},"excerpt":{"rendered":"<p>NORRK\u00d6PING G\u00e5 p\u00e5 \u00c4ventyr i Bjurhamnrummet! Iver, egensinne och ett lustfyllt s\u00f6kande i f\u00e4rgernas v\u00e4rld pr\u00e4glar \u00c5ke Bjurhamns utst\u00e4llning p\u00e5 Galleri Kronan. Fr\u00e5n slott, katedraler och lador s\u00f6ker han nu vidare i landskapet. <a class=\"continue-reading-link\" href=\"https:\/\/www.kultursidan.nu\/?p=23576\">L\u00e4s mer <span class=\"meta-nav\">&rarr; <\/span><\/a><\/p>\n","protected":false},"author":1001006,"featured_media":0,"comment_status":"closed","ping_status":"open","sticky":false,"template":"","format":"standard","meta":{"_jetpack_memberships_contains_paid_content":false,"footnotes":""},"categories":[7],"tags":[14],"class_list":["post-23576","post","type-post","status-publish","format-standard","hentry","category-norrkoping","tag-konst"],"jetpack_featured_media_url":"","jetpack_sharing_enabled":true,"_links":{"self":[{"href":"https:\/\/www.kultursidan.nu\/index.php?rest_route=\/wp\/v2\/posts\/23576","targetHints":{"allow":["GET"]}}],"collection":[{"href":"https:\/\/www.kultursidan.nu\/index.php?rest_route=\/wp\/v2\/posts"}],"about":[{"href":"https:\/\/www.kultursidan.nu\/index.php?rest_route=\/wp\/v2\/types\/post"}],"author":[{"embeddable":true,"href":"https:\/\/www.kultursidan.nu\/index.php?rest_route=\/wp\/v2\/users\/1001006"}],"replies":[{"embeddable":true,"href":"https:\/\/www.kultursidan.nu\/index.php?rest_route=%2Fwp%2Fv2%2Fcomments&post=23576"}],"version-history":[{"count":0,"href":"https:\/\/www.kultursidan.nu\/index.php?rest_route=\/wp\/v2\/posts\/23576\/revisions"}],"wp:attachment":[{"href":"https:\/\/www.kultursidan.nu\/index.php?rest_route=%2Fwp%2Fv2%2Fmedia&parent=23576"}],"wp:term":[{"taxonomy":"category","embeddable":true,"href":"https:\/\/www.kultursidan.nu\/index.php?rest_route=%2Fwp%2Fv2%2Fcategories&post=23576"},{"taxonomy":"post_tag","embeddable":true,"href":"https:\/\/www.kultursidan.nu\/index.php?rest_route=%2Fwp%2Fv2%2Ftags&post=23576"}],"curies":[{"name":"wp","href":"https:\/\/api.w.org\/{rel}","templated":true}]}}