{"id":23644,"date":"2016-02-11T11:23:08","date_gmt":"2016-02-11T10:23:08","guid":{"rendered":"https:\/\/intelligent-friend-7861.standoutwp.com\/?p=23644"},"modified":"2016-02-11T11:23:08","modified_gmt":"2016-02-11T10:23:08","slug":"ifk-fansen-i-topp-pa-arbetets-museum","status":"publish","type":"post","link":"https:\/\/www.kultursidan.nu\/?p=23644","title":{"rendered":"IFK-fansen i topp p\u00e5 Arbetets museum"},"content":{"rendered":"<p><img loading=\"lazy\" decoding=\"async\" class=\"alignnone size-medium wp-image-23645\" src=\"https:\/\/www.kultursidan.nu\/wp-content\/uploads\/2016\/02\/Vita-bl-567x377.jpg\" alt=\"Vita bl\u00e5\" width=\"567\" height=\"377\" srcset=\"https:\/\/www.kultursidan.nu\/wp-content\/uploads\/2016\/02\/Vita-bl-567x377.jpg 567w, https:\/\/www.kultursidan.nu\/wp-content\/uploads\/2016\/02\/Vita-bl-768x510.jpg 768w, https:\/\/www.kultursidan.nu\/wp-content\/uploads\/2016\/02\/Vita-bl-1024x680.jpg 1024w, https:\/\/www.kultursidan.nu\/wp-content\/uploads\/2016\/02\/Vita-bl-501x333.jpg 501w, https:\/\/www.kultursidan.nu\/wp-content\/uploads\/2016\/02\/Vita-bl-150x100.jpg 150w, https:\/\/www.kultursidan.nu\/wp-content\/uploads\/2016\/02\/Vita-bl.jpg 1280w\" sizes=\"auto, (max-width: 567px) 100vw, 567px\" \/><br \/>\n<em>Bek\u00e4nner f\u00e4rg. Bortamatch mot \u00d6rebro.<\/em><\/p>\n<p>&nbsp;<\/p>\n<h1><span style=\"color: #ff0000;\">\u201dDet \u00e4r vi som \u00e4r Norrk\u00f6ping!\u201d<\/span><\/h1>\n<p><strong>\u00a0<\/strong><\/p>\n<p><strong>\u00c5ret var 2015.<\/strong> Publiken str\u00f6mmade till Nya Parken och tusentals fans \u00e5kte till de avg\u00f6rande bortamatcherna. Till och med politikerna drogs med. Men fansen var f\u00f6rst. Arbetets museums foton visar sk\u00f6na bilder fr\u00e5n den l\u00e5nga resan \u2013 p\u00e5 publikplats. Utst\u00e4llningen har f\u00e5tt titeln <em>Det \u00e4r vi som \u00e4r Norrk\u00f6ping!<\/em><\/p>\n<p><strong>H\u00f6sten 2015 enades allt fler norrk\u00f6pingsbor kring stadens allsvenska fotbollslag \u2013 IFK Norrk\u00f6ping.<\/strong> Publiken str\u00f6mmade till Nya Parken och tusentals fans \u00e5kte till de avg\u00f6rande bortamatcherna. Epitetet \u201dDet \u00e4r vi som \u00e4r Norrk\u00f6ping!\u201d skapades \u2013 av fansen. N\u00e4r guldet s\u00e4krades i sista matchen borta mot Malm\u00f6 FF var lyckan fullst\u00e4ndig.<\/p>\n<p>Norrk\u00f6pings Tidningar p\u00e5minde om det gamla begreppet Guldk\u00f6ping och skrev in det i \u201dhuvudet\u201d f\u00f6r en dag. Politiker av fler f\u00e4rgst\u00e4llningar \u00e4n de vita och bl\u00e5 anv\u00e4nde ord som stolthet i sina tal. Fansen str\u00e4ckte p\u00e5 sig, s\u00e4rskilt de som st\u00e5tt p\u00e5 l\u00e4ktarna i motvindens \u00e5r. I den sena h\u00f6sten tycktes staden f\u00f6r\u00e4ndrad. Som i fornstora tider? F\u00f6r framtiden? F\u00f6r alla?<\/p>\n<p>&nbsp;<\/p>\n<p><a title=\"Bilder\" href=\"https:\/\/www.flickr.com\/photos\/kultursidan\/24658142290\/in\/album-72157662203661004\/\"><img loading=\"lazy\" decoding=\"async\" src=\"https:\/\/farm2.staticflickr.com\/1603\/24658142290_5e1521fcfd.jpg\" alt=\"Bilder\" width=\"500\" height=\"332\" \/><\/a><br \/>\n<em>Fladdrande vimplar och flammande gl\u00f6d.<\/em><\/p>\n<p>&nbsp;<\/p>\n<p><strong>Arbetets Museum ville f\u00f6rs\u00f6ka visa vad fotbollen betyder f\u00f6r fansen.<\/strong> I november gick museet ut med ett upprop till supportrar och via sociala medier f\u00f6r att samla in foton och filmer. 1.500 bilder l\u00e4mnades in tillsammans med ett or\u00e4kneligt antal filmer.<\/p>\n<p>H\u00e4r har kamerorna v\u00e4nts bort fr\u00e5n planen och mot publiken. Det handlar om uppladdning inf\u00f6r matcherna, sp\u00e4nningen p\u00e5 publikplats och gl\u00e4djen i segerns stund. Fansen fyller Promenaden upp mot Parken, omgivna av lindarna som st\u00e5r p\u00e5 parad.<\/p>\n<p><strong>Intendent Anneli Egelin T\u00e4rning, har tillsammans med <\/strong><strong>Alexandra Leijonflycht, fotointresserad <\/strong><strong>elev fr\u00e5n Enebyskolan, st\u00e5r f\u00f6r urvalet. <\/strong>De har skapat en fotoutst\u00e4llning med 124 foton och 28 filmklipp. Trots att ingen av dem \u00e4r IFK-fan har de skapat en sev\u00e4rd utst\u00e4llning som grupperats efter begrepp som Gemenskap, H\u00e4ngivenhet, St\u00e4mning, Arbete, Helhet och K\u00e4nslor. Sp\u00e4dbarn i IFK-dr\u00e4kt visar att fostran till supporter kan b\u00f6rja hur tidigt som helst.<\/p>\n<p>Vi-k\u00e4nslan och engagemanget str\u00e5lar ut fr\u00e5n v\u00e4ggarna i den stora utst\u00e4llningsytan p\u00e5 museets h\u00f6gsta plats, plan 7. Detta \u00e4r en utst\u00e4llning f\u00f6r fansen att vallf\u00e4rda till.<\/p>\n<p>Och f\u00f6r \u00f6vriga norrk\u00f6pingsbor, de som inte varit med under den l\u00e5nga resan, p\u00e5 supporterplats och p\u00e5 plan, att ta del av, k\u00e4nna v\u00e4rmen. Kanske avundas gemenskapen, kanske f\u00f6rundras. Det \u00e4r gemenskapens positiva sidor som skildras, eventuellt negativa sidor av den kollektiva gemenskapen eller de som st\u00e5r utanf\u00f6r ryms inte i denna utst\u00e4llning.<\/p>\n<p>&nbsp;<\/p>\n<p><a title=\"Timo, David, Leo och Anneli\" href=\"https:\/\/www.flickr.com\/photos\/kultursidan\/24835669982\/in\/album-72157662203661004\/\"><img loading=\"lazy\" decoding=\"async\" src=\"https:\/\/farm2.staticflickr.com\/1680\/24835669982_debd89b8c8.jpg\" alt=\"Timo, David, Leo och Anneli\" width=\"500\" height=\"332\" \/><\/a><br \/>\n<em>P\u00e4rlor. Supportrarna Leo, 11 \u00e5r, och Timo, 7 \u00e5r, har gjort en tavla med en IFK-spelare i aktion. I bakgrunden ses IFK-spelaren David Boo Wiklander och utst\u00e4llningsproducenten Anneli Egelin T\u00e4rning.<\/em><\/p>\n<p>&nbsp;<\/p>\n<p><strong>Vid invigningen var de unga supportrarna Leo, 11 \u00e5r, och Timo, 7 \u00e5r, p\u00e5 plats.<\/strong> De har lagt en p\u00e4rltavla av en spelare i IFK-dr\u00e4kt. IFK-spelaren nr 23 David Boo Wiklander invigde och tyckte det var intressant att se det enorma intresset fr\u00e5n allm\u00e4nheten. Spelarna p\u00e5 planen har ju \u201dlite annat att fokusera p\u00e5\u201d.<\/p>\n<p>\u00a9 <em>Text: Sven \u00c5ke Molund och Ann-Charlotte Sandelin<br \/>\n<\/em>\u00a9 <em>Foto: <\/em><em>Sven \u00c5ke Molund<\/em><\/p>\n<p>BILDSPEL (FLASH) \u2013 KLICKA P\u00c5 BILDEN <em><br \/>\nALT\/MOBIL: SE BILDSPELET <a title=\"Bildspel\" href=\"https:\/\/www.flickr.com\/photos\/kultursidan\/sets\/72157662203661004\/show\/\" target=\"_blank\">H\u00c4R<\/a><\/em><br \/>\n<object width=\"400\" height=\"300\"><param name=\"flashvars\" value=\"offsite=true&amp;lang=en-us&amp;page_show_url=%2Fphotos%2Fkultursidan%2Fsets%2F72157662203661004%2Fshow%2F&amp;page_show_back_url=%2Fphotos%2Fkultursidan%2Fsets%2F72157662203661004%2F&amp;set_id=72157662203661004&amp;jump_to=\" \/><param name=\"movie\" value=\"https:\/\/www.flickr.com\/apps\/slideshow\/show.swf?v=1811922554\" \/><param name=\"allowFullScreen\" value=\"true\" \/><\/object><\/p>\n<blockquote>\n<h3><em>ARBETETS MUSEUM Norrk\u00f6ping<\/em><\/h3>\n<p>6 februari \u2013 17 maj 2016<em><br \/>\n<strong>Det \u00e4r vi som \u00e4r Norrk\u00f6ping!<\/strong><\/em><br \/>\n<em> Utst\u00e4llning<\/em><\/p><\/blockquote>\n<p>L\u00c4NKAR<br \/>\nArbetets Museum <a href=\"http:\/\/www.arbetetsmuseum.se\" target=\"_blank\">hemsida<\/a> <a href=\"https:\/\/www.facebook.com\/arbetetsmuseum\" target=\"_blank\">Facebook<\/a><\/p>\n","protected":false},"excerpt":{"rendered":"<p>NORRK\u00d6PING \u201dDet \u00e4r vi som \u00e4r Norrk\u00f6ping\u201d. Publiken str\u00f6mmade till Nya Parken och tusentals fans \u00e5kte till de avg\u00f6rande bortamatcherna. Arbetets museums foton visar sk\u00f6na bilder fr\u00e5n den l\u00e5nga resan \u2013 p\u00e5 publikplats. <a class=\"continue-reading-link\" href=\"https:\/\/www.kultursidan.nu\/?p=23644\">L\u00e4s mer <span class=\"meta-nav\">&rarr; <\/span><\/a><\/p>\n","protected":false},"author":1001006,"featured_media":0,"comment_status":"closed","ping_status":"open","sticky":false,"template":"","format":"standard","meta":{"_jetpack_memberships_contains_paid_content":false,"footnotes":""},"categories":[7],"tags":[17,47],"class_list":["post-23644","post","type-post","status-publish","format-standard","hentry","category-norrkoping","tag-foto","tag-utstallning"],"jetpack_featured_media_url":"","jetpack_sharing_enabled":true,"_links":{"self":[{"href":"https:\/\/www.kultursidan.nu\/index.php?rest_route=\/wp\/v2\/posts\/23644","targetHints":{"allow":["GET"]}}],"collection":[{"href":"https:\/\/www.kultursidan.nu\/index.php?rest_route=\/wp\/v2\/posts"}],"about":[{"href":"https:\/\/www.kultursidan.nu\/index.php?rest_route=\/wp\/v2\/types\/post"}],"author":[{"embeddable":true,"href":"https:\/\/www.kultursidan.nu\/index.php?rest_route=\/wp\/v2\/users\/1001006"}],"replies":[{"embeddable":true,"href":"https:\/\/www.kultursidan.nu\/index.php?rest_route=%2Fwp%2Fv2%2Fcomments&post=23644"}],"version-history":[{"count":0,"href":"https:\/\/www.kultursidan.nu\/index.php?rest_route=\/wp\/v2\/posts\/23644\/revisions"}],"wp:attachment":[{"href":"https:\/\/www.kultursidan.nu\/index.php?rest_route=%2Fwp%2Fv2%2Fmedia&parent=23644"}],"wp:term":[{"taxonomy":"category","embeddable":true,"href":"https:\/\/www.kultursidan.nu\/index.php?rest_route=%2Fwp%2Fv2%2Fcategories&post=23644"},{"taxonomy":"post_tag","embeddable":true,"href":"https:\/\/www.kultursidan.nu\/index.php?rest_route=%2Fwp%2Fv2%2Ftags&post=23644"}],"curies":[{"name":"wp","href":"https:\/\/api.w.org\/{rel}","templated":true}]}}