{"id":2366,"date":"2011-10-05T14:57:11","date_gmt":"2011-10-05T12:57:11","guid":{"rendered":"https:\/\/intelligent-friend-7861.standoutwp.com\/?p=2366"},"modified":"2014-06-03T09:31:43","modified_gmt":"2014-06-03T08:31:43","slug":"scengalej-2011-pa-dynamo","status":"publish","type":"post","link":"https:\/\/www.kultursidan.nu\/?p=2366","title":{"rendered":"Scengalej 2011 p\u00e5 Dynamo"},"content":{"rendered":"<p><iframe loading=\"lazy\" src=\"https:\/\/www.flickr.com\/photos\/kultursidan\/6213703835\/player\/\" width=\"500\" height=\"333\" frameborder=\"0\" allowfullscreen webkitallowfullscreen mozallowfullscreen oallowfullscreen msallowfullscreen><\/iframe><\/p>\n<p><em>Kulturk\u00f6pare. Sharareh Molaei och Cicci Sp\u00e5ngtorp \u00e4r kulturombud f\u00f6r f\u00f6rskolorna Taborsberg respektive Pianot. <\/em><\/p>\n<p>&nbsp;<\/p>\n<h1><span style=\"color: #ff0000;\">Teaterm\u00e4ssa med sikte p\u00e5 den unga publiken<\/span><\/h1>\n<p>&nbsp;<\/p>\n<p><strong>\u2013 Jag f\u00f6rs\u00f6ker leva mig in i hur det \u00e4r att vara barn<\/strong> f\u00f6r att se vad jag tycker om och som passar v\u00e5ra barn.<br \/>\nCicci Sp\u00e5ngtorp fr\u00e5n Pianots f\u00f6rskola i Klockartorpet fyllde onsdagen med den ena teaterpj\u00e4sen efter den andra. I gott s\u00e4llskap, tillsammans med kulturombud fr\u00e5n \u00f6vriga skolor och f\u00f6rskolor fr\u00e5n Klockartorpet och hela l\u00e4net, p\u00e5 Dynamo i Norrk\u00f6ping.<\/p>\n<p>Tr\u00e5ngt men glatt med 14 f\u00f6rest\u00e4llningar och tre trailers som spelades p\u00e5 fem scener under teaterm\u00e4ssan ScenGalej, d\u00e4r teatergrupper fr\u00e5n n\u00e4r och fj\u00e4rran visar upp sig.<\/p>\n<p>Cicci Sp\u00e5ngtorp samordnar granskningen med stadsdelens kollegor, de v\u00e4ger samman sina intryck och k\u00f6per in f\u00f6rest\u00e4llningarna gemensamt f\u00f6r b\u00e4sta ekonomi.<\/p>\n<p>Kollegan Sharareh Molaei fr\u00e5n Taborsbergs f\u00f6rskola i Haga \u00e4r enda kulturombudet fr\u00e5n Haga och Eneby som g\u00e4star ScenGalej. Ansvaret \u00e4r stort men samtidigt sn\u00e4rjigt f\u00f6r henne att v\u00e4lja r\u00e4tt i schemat som lagt tyngdpunkten p\u00e5 f\u00f6rskola och l\u00e5gstadium p\u00e5 f\u00f6rmiddagen.<br \/>\n\u2013 Jag f\u00e5r k\u00f6pa in en f\u00f6rest\u00e4llning till de minsta, 2-3-\u00e5ringarna och en till de lite \u00e4ldre barnen, f\u00f6rklarar Sharareh Molaei.<\/p>\n<p><strong>ScenGalej ger ocks\u00e5 tillf\u00e4lle f\u00f6r teatergruppernas medarbetare att s\u00e4ga hej till varandra <\/strong>och kanske hinna se n\u00e5gon av de andras f\u00f6rest\u00e4llningar. I det lokala vimlet ser jag ett tr\u00e4d som pratar med Robin Hood (b\u00e5da fr\u00e5n Musikteater Gulasch) en musiksk\u00e5despelare i sagolik uniform (fr\u00e5n Teater Pelikanen) och en tomtenisse (fr\u00e5n Papanella).<\/p>\n<p>\u00c5sa Forsberg fr\u00e5n Teater Fenix i Norrk\u00f6ping \u00e4r p\u00e5 plats f\u00f6r att spela <em>Historien om en flicka<\/em> som man g\u00f6r i samarbete med \u00d6stg\u00f6tamusiken, som gruppen hoppas ska ge ett bra gensvar, \u00e4ven p\u00e5 sikt med kommande produktioner.<br \/>\n\u2013 Vi vill spela mer i l\u00e4net. Vi \u00e5kte runt i hela landet med v\u00e5r f\u00f6rra f\u00f6rest\u00e4llning.<br \/>\nInnan \u00c5sa Forsberg g\u00e5r in p\u00e5 scenen f\u00f6r att gestalta flickan som m\u00e5ste l\u00e4mna sitt land och hitta ett nytt t\u00e4nker hon ta en titt p\u00e5 Teater Spektaklets <em>Pojken som inte kunde g\u00e5 hem<\/em>.<\/p>\n<p>Jag passar p\u00e5 att se <em>Himmel och pannkaka<\/em> med Teater Sagohuset, dagens kanske mest l\u00e5ngv\u00e4ga g\u00e4st eftersom de kommer fr\u00e5n Lund. En b\u00e5de rolig och gripande pj\u00e4s om en pojke som k\u00e4nner sig ensam och bara har en katt att prata med. Inte s\u00e5 bara heller, en katt kan vara en god v\u00e4n att fundera \u00f6ver livet tillsammans med. Pj\u00e4sen av Isa Sch\u00f6ier hade urpremi\u00e4r p\u00e5 \u00d6stg\u00f6tateatern 2008 med Marika Strand och Stina von Sydow. H\u00e4r spelar tv\u00e5 m\u00e4n rollerna och det g\u00e5r precis lika bra. F\u00f6rest\u00e4llning \u00e4r fysiskt visuell med \u00f6verraskande kast.<\/p>\n<p><strong>Kulturadministrat\u00f6rerna flockas f\u00f6rst\u00e5s ocks\u00e5 den h\u00e4r dagen<\/strong>, b\u00e5de de som h\u00e5ller i tr\u00e5darna, bland annat fr\u00e5n Riksteatern i \u00d6sterg\u00f6tland och Norrk\u00f6pings kommun. Nicklas Samuelsson fr\u00e5n Kulturarbetsf\u00f6rmedlingen passar ocks\u00e5 p\u00e5 att visa upp sig och har lagt ut broschyrer \u00f6ver AF:s \u201dbanker\u201d med kulturkompetenta m\u00e4nniskor.<br \/>\n\u2013 Det \u00e4r bra att knyta kontakter, s\u00e4ger Nicklas Samuelsson som st\u00e5r i k\u00f6 till en lokal f\u00f6rest\u00e4llning. Jag tr\u00e4ffar m\u00e5nga skolor, s\u00e4rskilt i samband med Skapande skola, Kulturr\u00e5dets projekt.<\/p>\n<p><strong>Kulturombuden Cicci Sp\u00e5ngtorp och Sharareh Molaei startade dagen med \u00d6stg\u00f6tateaterns <em>Musiklek<\/em><\/strong> med pedagogen Susanne Lindh och blev f\u00f6rtjusta. Inte bara \u00f6ver f\u00f6rest\u00e4llningen i sig utan f\u00f6r att f\u00f6rskolorna kan h\u00e4mta musik och r\u00f6relser fr\u00e5n \u00d6stg\u00f6tamusikens hemsida. Att kunna f\u00f6rbereda barnen inf\u00f6r den lekfulla konserten och forts\u00e4tta att anv\u00e4nda materialet i efterhand ger ett merv\u00e4rde.<\/p>\n<p>Vad \u00e4r en bra barnteater?<br \/>\n\u2013 Den ska f\u00e5nga barnen. Har den f\u00e5ngat mig, s\u00e5 f\u00e5ngar den barnen, s\u00e4ger Cicci Sp\u00e5ngtorp.<\/p>\n<p><em>Text: Ann-Charlotte Sandelin<br \/>\nFoto: Ann-Charlotte Sandelin\/teatergrupperna<\/em><\/p>\n<p>&nbsp;<\/p>\n<ul>\n<li>\n<h3>DYNAMO Norrk\u00f6ping<\/h3>\n<\/li>\n<li><em>Onsdag 5 oktober 2011<br \/>\n<\/em><strong>ScenGalej<br \/>\n<\/strong>Utbudsdag f\u00f6r teater-, musik- och dansf\u00f6rest\u00e4llningar f\u00f6r f\u00f6rskola, grundskola och gymnasium<strong><br \/>\n<\/strong>Arrang\u00f6rer: Riksteatern \u00d6sterg\u00f6tland, \u00d6stg\u00f6tamusiken, Norrk\u00f6pings kommun, Link\u00f6pings kommun<\/p>\n<ul>\n<li>MEDVERKANDE GRUPPER<br \/>\n4:e teatern<br \/>\nBlauba<br \/>\nMusikteater Gulasch<br \/>\nPanatomimteatern<br \/>\nTeater Fenix<br \/>\nTeater Fredag<br \/>\nTeater Papagena<br \/>\nTeater Pelikanen<br \/>\nTeater Sagohuset<br \/>\nTeater Spektaklet<br \/>\nTrom\u00e4ki Dance Company<br \/>\n\u00d6stg\u00f6tamusiken<\/li>\n<\/ul>\n<\/li>\n<\/ul>\n<p>&nbsp;<\/p>\n<p>BILDER P\u00c5 TEATERF\u00d6REST\u00c4LLNINGAR \u2013 KLICKA<\/p>\n<p>[flickr-gallery mode=&#8221;photoset&#8221; photoset=&#8221;72157627823505282&#8243;]<\/p>\n<p>&nbsp;<\/p>\n<p>FLER BILDER FR\u00c5N SCENGALEJ \u2013 KLICKA<\/p>\n<p>[flickr-gallery mode=&#8221;photoset&#8221; photoset=&#8221;72157627823575592&#8243;]<\/p>\n<p>&nbsp;<\/p>\n","protected":false},"excerpt":{"rendered":"<p>14 f\u00f6rest\u00e4llningar, tre teatertrailers, fem scener. Det var tr\u00e5ngt och roligt n\u00e4r kulturombud fr\u00e5n hela l\u00e4net m\u00f6tte \u00e5rets utbud av teater-, dans- och musikf\u00f6rest\u00e4llningar f\u00f6r skolor och f\u00f6rskolor. <a class=\"continue-reading-link\" href=\"https:\/\/www.kultursidan.nu\/?p=2366\">L\u00e4s mer <span class=\"meta-nav\">&rarr; <\/span><\/a><\/p>\n","protected":false},"author":1001006,"featured_media":0,"comment_status":"closed","ping_status":"open","sticky":false,"template":"","format":"standard","meta":{"_jetpack_memberships_contains_paid_content":false,"footnotes":""},"categories":[7],"tags":[37,41,13,12],"class_list":["post-2366","post","type-post","status-publish","format-standard","hentry","category-norrkoping","tag-barnkultur","tag-dans","tag-musik","tag-teater"],"jetpack_featured_media_url":"","jetpack_sharing_enabled":true,"_links":{"self":[{"href":"https:\/\/www.kultursidan.nu\/index.php?rest_route=\/wp\/v2\/posts\/2366","targetHints":{"allow":["GET"]}}],"collection":[{"href":"https:\/\/www.kultursidan.nu\/index.php?rest_route=\/wp\/v2\/posts"}],"about":[{"href":"https:\/\/www.kultursidan.nu\/index.php?rest_route=\/wp\/v2\/types\/post"}],"author":[{"embeddable":true,"href":"https:\/\/www.kultursidan.nu\/index.php?rest_route=\/wp\/v2\/users\/1001006"}],"replies":[{"embeddable":true,"href":"https:\/\/www.kultursidan.nu\/index.php?rest_route=%2Fwp%2Fv2%2Fcomments&post=2366"}],"version-history":[{"count":0,"href":"https:\/\/www.kultursidan.nu\/index.php?rest_route=\/wp\/v2\/posts\/2366\/revisions"}],"wp:attachment":[{"href":"https:\/\/www.kultursidan.nu\/index.php?rest_route=%2Fwp%2Fv2%2Fmedia&parent=2366"}],"wp:term":[{"taxonomy":"category","embeddable":true,"href":"https:\/\/www.kultursidan.nu\/index.php?rest_route=%2Fwp%2Fv2%2Fcategories&post=2366"},{"taxonomy":"post_tag","embeddable":true,"href":"https:\/\/www.kultursidan.nu\/index.php?rest_route=%2Fwp%2Fv2%2Ftags&post=2366"}],"curies":[{"name":"wp","href":"https:\/\/api.w.org\/{rel}","templated":true}]}}