{"id":2385,"date":"2011-10-07T18:40:02","date_gmt":"2011-10-07T16:40:02","guid":{"rendered":"https:\/\/intelligent-friend-7861.standoutwp.com\/?p=2385"},"modified":"2016-02-15T16:27:46","modified_gmt":"2016-02-15T15:27:46","slug":"ostgota-konstforening-firar-90","status":"publish","type":"post","link":"https:\/\/www.kultursidan.nu\/?p=2385","title":{"rendered":"\u00d6stg\u00f6ta Konstf\u00f6rening firar 90"},"content":{"rendered":"<p><a title=\"Konstfull kvartett\" href=\"https:\/\/www.flickr.com\/photos\/kultursidan\/6220105662\/in\/album-72157627713210813\/\"><img loading=\"lazy\" decoding=\"async\" src=\"https:\/\/farm7.staticflickr.com\/6039\/6220105662_7ca6da8500.jpg\" alt=\"Konstfull kvartett\" width=\"500\" height=\"333\" \/><\/a><br \/>\n<em>Jan Wahlstein (\u00d6stg\u00f6ta Konstf\u00f6renings ordf\u00f6rande), Stefan Hammenbeck (konstintendent<br \/>\nvid \u00d6sterg\u00f6tlands museum), Bj\u00f6rn Gustavfsson (\u00d6stg\u00f6ta Konstf\u00f6rening) och Anne De Geer<br \/>\n(Krogen Amerika). H\u00e4r flankerade av Stefan Telemans <\/em>Kyssen<em> och Gustaf Adolf Falhes<br \/>\n<\/em>Sj\u00e4lvportr\u00e4tt<em> \u2013 b\u00e5da \u00f6stg\u00f6takonstn\u00e4rer och tidigare stipendiater \u2013 nu representerade p\u00e5<br \/>\nutst\u00e4llningen \u00d6stg\u00f6ta Konstf\u00f6rening 90 \u00e5r.<\/em><\/p>\n<p><em><br \/>\n<\/em><\/p>\n<h1><span style=\"color: #ff0000;\">Konstfullt firande i Norrk\u00f6ping<br \/>\n<\/span><\/h1>\n<p><strong><br \/>\nH\u00f6sten 2011\u00a0blir h\u00f6gtidsdagar f\u00f6r den \u00f6stg\u00f6tska konsten. <\/strong>P\u00e5 l\u00f6rdag den 8 oktober sl\u00e5r Norrk\u00f6pings konstmuseum upp portarna f\u00f6r inte mindre \u00e4n tv\u00e5 urvalsutst\u00e4llningar med verk av l\u00e4nets konstn\u00e4rer.<\/p>\n<p><strong>Den st\u00f6rsta delen av utst\u00e4llningen i konstmuseets bottenplan<\/strong> utg\u00f6rs av verk skapade av medlemmar ur \u00d6stg\u00f6ta Konstf\u00f6rening, n\u00e4rmare best\u00e4mt stipendiater mellan 1965-2010. Urvalet har gjorts av konstmuseets Kerstin Holmer. 24 m\u00e4n och kvinnor (k\u00f6nsf\u00f6rdelningen \u00e4r j\u00e4mn) och motiven och teknikerna \u00e4r m\u00e5ngskiftande \u2013 allt fr\u00e5n traditionell olja p\u00e5 pann\u00e5 till relief i plexiglas.<\/p>\n<p><strong>I samband med\u00a0invigningen\u00a0presenteras \u00e4ven boken <\/strong><em>Om konst \u2013 \u00d6stg\u00f6ta Konstf\u00f6rening 90 \u00e5r<\/em>, en signalr\u00f6d massiv skrift i ord och bild som tecknar en rik konsthistoria av det svunna seklets \u00d6sterg\u00f6tland, d\u00e4r huvudf\u00f6rfattare har varit\u00a0Bo Sylvan. Konstintendent Stefan Hammenbeck vid \u00d6sterg\u00f6tlands museum\u00a0\u00e4r bokens huvudredakt\u00f6r.<br \/>\n\u2013 Det h\u00e4r \u00e4r kanske den st\u00f6rsta boken om \u00f6stg\u00f6tsk konst och det \u00e4r minsann ingen provinskonst vi talar om! Det \u00e4r en j\u00e4ttesp\u00e4nnande skara konstn\u00e4rer.<br \/>\nOch verk av ungef\u00e4r en fj\u00e4rdedel av dessa hundratalet stipendiater genom \u00e5ren, avlidna som levande, finns nu allts\u00e5 att besk\u00e5da f\u00f6r allm\u00e4nheten. Verken \u00e4r h\u00e4mtade ur konstmuseets och \u00d6sterg\u00f6tlands museums egna samlingar.<\/p>\n<p><strong>Parallellt \u00f6ppnar \u00e4ven utst\u00e4llningen \u00d6stg\u00f6tsk grafik p\u00e5 konstmuseet.<\/strong> 13 kvinnliga grafiker visar upp sin konst och tekniker.<br \/>\n\u2013 Vi \u00e4r \u00f6verv\u00e4gande kvinnor aktiva d\u00e4r men en del engagerade m\u00e4n har anslutit p\u00e5 sistone, s\u00e4ger Anne De Geer, verksam konstn\u00e4r vid Krogen Amerika, Grafikcentrum i \u00d6sterg\u00f6tland.<br \/>\nOch nya tekniker utvecklas hela tiden med samh\u00e4llets skiftningar.<br \/>\n\u2013 Ja, det \u00e4r mycket fotobaserad grafik och datagrafik numera.<\/p>\n<p><strong>Tillbaka till \u00d6stg\u00f6ta Konstf\u00f6rening.<\/strong> Startskott i Finsp\u00e5ng 1921 och alltsedan dess nittio \u00e5r \u201df\u00f6r konsten i tiden\u201d i \u00d6sterg\u00f6tland. Hur ser d\u00e5 de n\u00e4rmaste nittio \u00e5ren ut?<br \/>\n<em>\u2013 <\/em>Vi ser med stor tillf\u00f6rsikt p\u00e5 dem, med samma energi och entusiasm. Med boken kan vi s\u00e4kert\u00a0ocks\u00e5 locka n\u00e5gra nya medlemmar, s\u00e4ger ordf\u00f6randen Jan Wahlstein med ett leende.<\/p>\n<p><em>Text &amp; foto: Michael Eriksson<\/em><\/p>\n<h3>KONSTMUSEET, Norrk\u00f6ping<\/h3>\n<ul>\n<li><em> 8 oktober 2011 &#8211; 5 februari 2012<\/em><\/li>\n<li><strong>\u00d6stg\u00f6ta Konstf\u00f6rening 90 \u00e5r<br \/>\n<\/strong>Stipendiater 1965-2010 i urval<\/li>\n<li><strong>\u00d6stg\u00f6tsk grafik <\/strong><br \/>\nAnne De Geer, Susanne Durlind, Caroline F\u00e4rnstr\u00f6m, Pia G\u00f6ransson-Lie,<br \/>\nBerit Hammarb\u00e4ck, Karin Kl\u00f6\u00f6r, \u00c5sa Kvissberg, Randi Leirnes, Lena M\u00f6ller,<br \/>\nChristina Ruthger, Karin Strand, Cecilia Uhlin, Lena Wiklund och Agneta \u00d6stlund<strong><br \/>\n<\/strong><\/li>\n<\/ul>\n<p>L\u00c4NKAR<br \/>\n<a href=\"http:\/\/www.norrkoping.se\/kultur-fritid\/museer\/konstmuseum\/nyheter\/2011\/fokus-pa-ostgotsk-konst-p\/index.xml\" target=\"_blank\">Ust\u00e4llningarna\u00a0p\u00e5 Konstmuseets hemsida<\/a><br \/>\n<a href=\"http:\/\/www.ostgotakonstforening.se\/\" target=\"_blank\">\u00d6stg\u00f6ta Konstf\u00f6rening<\/a><br \/>\n<a href=\"http:\/\/www.krogenamerika.com\/\" target=\"_blank\">Krogen Amerika, \u00d6sterg\u00f6tlands grafikCentrum<\/a><\/p>\n<p>BILDSPEL (FLASH) \u2013 KLICKA P\u00c5 BILDEN <em><br \/>\nALT\/MOBIL: SE BILDSPELET <a title=\"Bildspel\" href=\"https:\/\/www.flickr.com\/photos\/kultursidan\/sets\/72157627713210813\/show\/\" target=\"_blank\">H\u00c4R<\/a><\/em><br \/>\n<object width=\"400\" height=\"300\"><param name=\"flashvars\" value=\"offsite=true&amp;lang=en-us&amp;page_show_url=%2Fphotos%2Fkultursidan%2Fsets%2F72157627713210813%2Fshow%2F&amp;page_show_back_url=%2Fphotos%2Fkultursidan%2Fsets%2F72157627713210813%2F&amp;set_id=72157627713210813&amp;jump_to=\" \/><param name=\"movie\" value=\"https:\/\/www.flickr.com\/apps\/slideshow\/show.swf?v=1811922554\" \/><param name=\"allowFullScreen\" value=\"true\" \/><\/object><\/p>\n","protected":false},"excerpt":{"rendered":"<p>NORRK\u00d6PING Norrk\u00f6pings konstmuseum hyllar jubilaren med utvalda verk av Konstf\u00f6reningens stipendiater fr\u00e5n de senaste 55 \u00e5ren. L\u00e4gg till ett praktverk signerat Hammenbeck och Sylvan som tecknar l\u00e4nets konsthistoria. Krydda med nutida grafik. <a class=\"continue-reading-link\" href=\"https:\/\/www.kultursidan.nu\/?p=2385\">L\u00e4s mer <span class=\"meta-nav\">&rarr; <\/span><\/a><\/p>\n","protected":false},"author":1001006,"featured_media":0,"comment_status":"closed","ping_status":"open","sticky":false,"template":"","format":"standard","meta":{"_jetpack_memberships_contains_paid_content":false,"footnotes":""},"categories":[7],"tags":[14],"class_list":["post-2385","post","type-post","status-publish","format-standard","hentry","category-norrkoping","tag-konst"],"jetpack_featured_media_url":"","jetpack_sharing_enabled":true,"_links":{"self":[{"href":"https:\/\/www.kultursidan.nu\/index.php?rest_route=\/wp\/v2\/posts\/2385","targetHints":{"allow":["GET"]}}],"collection":[{"href":"https:\/\/www.kultursidan.nu\/index.php?rest_route=\/wp\/v2\/posts"}],"about":[{"href":"https:\/\/www.kultursidan.nu\/index.php?rest_route=\/wp\/v2\/types\/post"}],"author":[{"embeddable":true,"href":"https:\/\/www.kultursidan.nu\/index.php?rest_route=\/wp\/v2\/users\/1001006"}],"replies":[{"embeddable":true,"href":"https:\/\/www.kultursidan.nu\/index.php?rest_route=%2Fwp%2Fv2%2Fcomments&post=2385"}],"version-history":[{"count":0,"href":"https:\/\/www.kultursidan.nu\/index.php?rest_route=\/wp\/v2\/posts\/2385\/revisions"}],"wp:attachment":[{"href":"https:\/\/www.kultursidan.nu\/index.php?rest_route=%2Fwp%2Fv2%2Fmedia&parent=2385"}],"wp:term":[{"taxonomy":"category","embeddable":true,"href":"https:\/\/www.kultursidan.nu\/index.php?rest_route=%2Fwp%2Fv2%2Fcategories&post=2385"},{"taxonomy":"post_tag","embeddable":true,"href":"https:\/\/www.kultursidan.nu\/index.php?rest_route=%2Fwp%2Fv2%2Ftags&post=2385"}],"curies":[{"name":"wp","href":"https:\/\/api.w.org\/{rel}","templated":true}]}}