{"id":239,"date":"2010-07-29T17:03:33","date_gmt":"2010-07-29T16:03:33","guid":{"rendered":"https:\/\/intelligent-friend-7861.standoutwp.com\/?p=239"},"modified":"2020-07-30T18:48:01","modified_gmt":"2020-07-30T17:48:01","slug":"peter-matilda-ger-sommarkonsert-i-st-anna-kyrka","status":"publish","type":"post","link":"https:\/\/www.kultursidan.nu\/?p=239","title":{"rendered":"Peter &#038; Matilda ger Sommarkonsert i S:t Anna kyrka 2010"},"content":{"rendered":"<p><img loading=\"lazy\" decoding=\"async\" class=\"alignnone\" src=\"https:\/\/live.staticflickr.com\/4110\/4840620682_6f6419b1ab_o.jpg\" alt=\"Sommarkonsert 2\" width=\"450\" height=\"300\" \/><br \/>\n<em>Sl\u00e4kten Johansson-Hansson fyller S:t Anna kyrka n\u00e4r Peter &amp; Matilda kommer hem.<br \/>\n<\/em><\/p>\n<p><em>\u00a0<\/em><\/p>\n<h1><span style=\"color: #ff0000;\">Sl\u00e4kten \u00e4r b\u00e4st!<\/span><\/h1>\n<p><strong>En g\u00e5ng f\u00f6r l\u00e4nge sedan var de familjen von Trapp.<\/strong> Nja, Peter tyckte tjejernas filmid\u00e9 var f\u00e5nig och ville inte vara med och Oskar var knappast f\u00f6dd men Anki tog kommandot. Filmmusikalen studerades i detalj, replikerna kopierades och rollerna f\u00f6rdelades. Josefin var Maria och Matilda spelade Lisen. N\u00e5got filmades men som s\u00e5 m\u00e5nga projekt var det id\u00e9n som var det viktiga medan genomf\u00f6randet rann ut i sanden.<\/p>\n<p>Matilda ber\u00e4ttade om barndomsminnet under premi\u00e4rkonserten i <a title=\"S:t Anna kyrka\" href=\"http:\/\/www.svenskakyrkan.se\/default.aspx?di=250566\" target=\"_blank\" rel=\"noopener noreferrer\">S:t Anna kyrka<\/a> ig\u00e5r. Ett varmt minne som hon delade med sig till alla i den till bristningsgr\u00e4nsen fullsatta kyrkan. Och alla var ju d\u00e4r, ocks\u00e5 Peter och Oskar. Ja, n\u00e4stan hela sl\u00e4kten Johansson-Hansson stod p\u00e5 scenen denna regntunga men ocks\u00e5 finst\u00e4mda sommarkv\u00e4ll.<\/p>\n<p><img loading=\"lazy\" decoding=\"async\" class=\"alignnone\" src=\"https:\/\/live.staticflickr.com\/4149\/4840620798_c03c7f22e8_o.jpg\" alt=\"Sommarkonsert 3\" width=\"450\" height=\"378\" \/><br \/>\n<em>Finst\u00e4md duo \u2013 Peter och Matilda.<\/em><\/p>\n<p>&nbsp;<\/p>\n<p><strong>Hemv\u00e4ndare \u00e4r de, trogna sin bygd och den v\u00e4xande publiken. <\/strong><a title=\"Peter Johansson\" href=\"http:\/\/www.pnmmusic.se\/content.asp?lang=se&amp;id=peter&amp;top=1\" target=\"_blank\" rel=\"noopener noreferrer\">Peter Johansson<\/a> \u00e4r ett stort musikalnamn alltsedan han hade huvudrollen i Queenmusikalen <a title=\"We will rock you musikalen \" href=\"http:\/\/www.wewillrockyou.co.uk\/#\/news\" target=\"_blank\" rel=\"noopener noreferrer\">We will Rock you i London<\/a>. Han beh\u00f6ver inte bevisa n\u00e5got utan \u00e4r glad, avsp\u00e4nd och lekfull. V\u00e4xlar mellan gitarr, ukulele och bongotrummor n\u00e4r han inte sjunger solo eller duett med kusin <a title=\"Matilda Hansson\" href=\"http:\/\/www.pnmmusic.se\/content.asp?lang=se&amp;id=matilda&amp;top=2\" target=\"_blank\" rel=\"noopener noreferrer\">Matilda Hansson<\/a>, hon en musikalstj\u00e4rna i s\u00f6dra Tyskland, bosatt i \u00d6sterrikes huvudstad <a title=\"Wien\" href=\"http:\/\/sv.wikipedia.org\/wiki\/Wien\" target=\"_blank\" rel=\"noopener noreferrer\">Wien<\/a>.<\/p>\n<p>Tillsammans med det k\u00e4ra gamla g\u00e4nget i Cousins, kusinerna fr\u00e5n <a title=\"S:t Anna\" href=\"http:\/\/www.sanktanna.com\/\" target=\"_blank\" rel=\"noopener noreferrer\">S\u00f6dra Finn\u00f6<\/a>, g\u00f6r de nu sin fj\u00e4rde omg\u00e5ng Sommarkonserter. Musikall\u00e5tar f\u00f6rst\u00e5s, och inte av det <a title=\"Queen\" href=\"http:\/\/sv.wikipedia.org\/wiki\/Queen\" target=\"_blank\" rel=\"noopener noreferrer\">Queen<\/a>-rockiga slaget. Om det \u00e4r en anpassning till konsertlokalen eller publikens kultur-medel\u00e5lder \u00e4r inte l\u00e4tt att veta. Resultatet \u00e4r i alla h\u00e4ndelser det l\u00e4tt igenk\u00e4nningsbara.<\/p>\n<p>Omv\u00e4xlande \u00e4r det \u00e4nd\u00e5, inte bara f\u00f6r att Peter och Matilda turas om i solon och duetter, k\u00f6ren varierar sig och bandets arrangemang likas\u00e5. Trumpet \u00e4r fint f\u00f6r att inte tala om saxofoner i <em>Last Night Of The World<\/em> ur <a title=\"Mis Saigon musikalen\" href=\"http:\/\/www.broadwaymusicalhome.com\/shows\/misssaigon.htm\" target=\"_blank\" rel=\"noopener noreferrer\">Miss Saigon<\/a>.<\/p>\n<p>&nbsp;<\/p>\n<p><img loading=\"lazy\" decoding=\"async\" class=\"alignnone\" src=\"https:\/\/live.staticflickr.com\/4150\/4840621288_af8be4f3be_o.jpg\" alt=\"Sommarkonsert 8\" width=\"450\" height=\"346\" \/><br \/>\n<em>Kusiner med sv\u00e4ng.<\/em><\/p>\n<p>&nbsp;<\/p>\n<p><strong>Grunden l\u00e4ggs som en triangel: <\/strong><a title=\"Evert Taube\" href=\"http:\/\/everttaube.info\/\" target=\"_blank\" rel=\"noopener noreferrer\">Evert Taubes<\/a> <em>Fragando<\/em> i Bj\u00f6rn Ulvaeus och Benny Anderssons arrangemang. Ett <a title=\"Burt Bacharach\" href=\"http:\/\/bacharachonline.com\/\" target=\"_blank\" rel=\"noopener noreferrer\">Burt Bacharach<\/a>-medley d\u00e4r k\u00f6ren hottar upp i <em>I Say A Little Prayer<\/em>. Och <em>I varje ensamt minne <\/em>ur s\u00e5ngsagan <a title=\"Gerda\" href=\"http:\/\/mffoto.se\/gerda\/\" target=\"_blank\" rel=\"noopener noreferrer\">Gerda<\/a> av Bo Wastesson\/Gudrid Hansen.<\/p>\n<p>Matilda f\u00e5r stora appl\u00e5der f\u00f6r l\u00e5ngsamma <em>H\u00e5ll mitt Hj\u00e4rta<\/em> (B Skifs\/P Hallst\u00f6rm\/L Andersson), som hon ber\u00e4ttar l\u00e5g 142 veckor p\u00e5 Svensktoppen. Fin l\u00e5t.<\/p>\n<p>Sedan sv\u00e4nger det desto mer i Elvis gamla <em>Bossa Nova Baby<\/em> fast i Cornelis W:s tappning, den som Anneli Ryd\u00e9 sj\u00f6ng. Nu \u00e4r det Matildas tur medan Peter har kul med bongotrummorna.<\/p>\n<p>P\u00e4rlorna bara trillar vidare \u00f6ver den n\u00f6jda publiken. \u00d6nskel\u00e5ten ur Miss Saigon \u00e4r en fin duett med saxofonsolo och s\u00e5 sv\u00e4nger Peter tillbaka till svenska <em>\u00d6ppna din d\u00f6rr<\/em> (T Nilsson) med bara kusin Oskar som andrast\u00e4mma innan det \u00e4r dags f\u00f6r gamla Robinson\/Whitel\u00e5ten <em>My Girl<\/em>. Men d\u00e5 kontrar Matilda med ett <a title=\"Sound of Music\" href=\"http:\/\/sv.wikipedia.org\/wiki\/Sound_of_Music\" target=\"_blank\" rel=\"noopener noreferrer\"><em>Sound of Music<\/em><\/a>-medley (och d\u00e4r fick vi allts\u00e5 ber\u00e4ttelsen om familjen von Trapp p\u00e5 s\u00f6dra Finn\u00f6). Till och med joddla kan hon! Men sedan \u00e5terv\u00e4nder Peter med <em>Edelweiss<\/em>, javisst \u00e4r den fin, fortfarande.<\/p>\n<p>&nbsp;<\/p>\n<p><img loading=\"lazy\" decoding=\"async\" class=\"alignnone\" src=\"https:\/\/live.staticflickr.com\/4108\/4840621960_bf71df2d39_o.jpg\" alt=\"Sommarkonsert 14\" width=\"450\" height=\"232\" \/><br \/>\n<em>Musikarvet. Janne Johansson tog med dragspelet.<\/em><\/p>\n<p>&nbsp;<\/p>\n<p><strong>N\u00e4sta \u00f6verraskning, Janne Johansson fullbordar sl\u00e4kttr\u00e4ffen<\/strong> n\u00e4r han \u00e4ntrar scenen med nyink\u00f6pt musettedragspel. Morbror Janne ackompanjerar skickligt Matildas Piaf-\u00f6rh\u00e4nge <em>La Vie En Rose<\/em> och f\u00e5r kanske kv\u00e4llens kraftigaste appl\u00e5der f\u00f6r <em>Reine de Musette<\/em>.<\/p>\n<p>Pappa Janne avl\u00f6ses av sonen Peter som g\u00f6r Astrid Lindgrens\/Georg Riedels <em>Fattig bonddr\u00e4ng<\/em> b\u00e4ttre \u00e4n jag n\u00e5gonsin h\u00f6rt den f\u00f6rr. Men n\u00e4r han ger sig p\u00e5 Tommy K\u00f6rbergs <em>Jag \u00e4r<\/em>, h\u00f6r jag R\u00f6sten igenom. Nej Peter, d\u00e4r \u00e4r du inte, inte \u00e4n i alla fall.<\/p>\n<p>Konserten forts\u00e4tter <em>Somewhere Over The Rainbow<\/em> till dess att det \u00e4r <em>Time To Say Goodbye<\/em>. Jag \u00e4r redan flera kilometer bort f\u00f6r att skriva en alltf\u00f6r kort recension f\u00f6r <a title=\"NT\" href=\"http:\/\/www.nt.se\" target=\"_blank\" rel=\"noopener noreferrer\">Norrk\u00f6pings Tidningar<\/a>. Men det g\u00e5r s\u00e4kert bra. <em>The Winner Takes It All<\/em>.<\/p>\n<p>Alla sommarkonserterna \u00e4r uts\u00e5lda. Men det finns en chans till: <a title=\"Cousins konsert\" href=\"http:\/\/www.soderkoping.se\/Org-politik\/Infokontoret\/Nyhetssida-Infokontoret\/Biljetter\/\" target=\"_blank\" rel=\"noopener noreferrer\">konserten i S\u00f6derk\u00f6ping den 21 augusti.<\/a><\/p>\n<p><em>Text och foto: Ann-Charlotte Sandelin<\/em><\/p>\n<p>&nbsp;<\/p>\n<p><img loading=\"lazy\" decoding=\"async\" class=\"alignleft\" src=\"https:\/\/live.staticflickr.com\/4131\/4840620900_f7403d09a4_n.jpg\" alt=\"Sommarkonsert 4\" width=\"320\" height=\"229\" \/><img loading=\"lazy\" decoding=\"async\" class=\"alignnone\" src=\"https:\/\/live.staticflickr.com\/4150\/4840009701_74b1ba5f1f_n.jpg\" alt=\"Sommarkonsert 10\" width=\"173\" height=\"320\" \/><\/p>\n<p><img loading=\"lazy\" decoding=\"async\" class=\"alignnone\" src=\"https:\/\/live.staticflickr.com\/4145\/4840009869_efe27f03fe_o.jpg\" alt=\"Sommarkonsert 12\" width=\"450\" height=\"216\" \/><\/p>\n<p>&nbsp;<\/p>\n<ul>\n<li><strong>PETER &amp; MATILDA \u2013 SOMMARKONSERT 2010<br \/>\n<\/strong><\/li>\n<li>S:t Anna kyrka<\/li>\n<li>28 juli \u2013 6 augusti 2010<\/li>\n<\/ul>\n<ul>\n<li>P\u00c5 SCENEN<\/li>\n<li>Peter Johansson och Matilda Hansson<\/li>\n<li>K\u00f6r:<\/li>\n<li>Josefin Hansson-Wood<\/li>\n<li>Susanna Ranl\u00f6f<\/li>\n<li>Anki Eriksson<\/li>\n<li>Oskar Hansson<\/li>\n<li>Orkester:<\/li>\n<li>Fredrik Ing\u00e5 <em>klaviatur<\/em><\/li>\n<li>Niclas Lindblom <em>bas<\/em><\/li>\n<li>Mikael Sundvall <em>saxofon<\/em><\/li>\n<li>Oskar Hansson <em>saxofon<\/em><\/li>\n<li>Pelle Lindh <em>gitarr<\/em><\/li>\n<li>Joakim Sand\u00e9n <em>slagverk<\/em><\/li>\n<li>Pelle Anelid <em>trumpet<\/em><\/li>\n<li>Janne Johansson <em>dragspel<\/em><\/li>\n<\/ul>\n","protected":false},"excerpt":{"rendered":"<p>Musikalkusinerna Peter Johansson och Matilda Hansson ger en serie sommarkonserter i S:t Anna kyrka. K\u00f6ren best\u00e5r av idel \u00e4del kusiner, \u00e4ven Peters pappa Janne \u00e4ntrar scenen. Familj\u00e4r konsert i musikalernas rike. <a class=\"continue-reading-link\" href=\"https:\/\/www.kultursidan.nu\/?p=239\">L\u00e4s mer <span class=\"meta-nav\">&rarr; <\/span><\/a><\/p>\n","protected":false},"author":1001006,"featured_media":0,"comment_status":"closed","ping_status":"open","sticky":false,"template":"","format":"standard","meta":{"_jetpack_memberships_contains_paid_content":false,"footnotes":""},"categories":[6],"tags":[13],"class_list":["post-239","post","type-post","status-publish","format-standard","hentry","category-soderkoping","tag-musik"],"jetpack_featured_media_url":"","jetpack_sharing_enabled":true,"_links":{"self":[{"href":"https:\/\/www.kultursidan.nu\/index.php?rest_route=\/wp\/v2\/posts\/239","targetHints":{"allow":["GET"]}}],"collection":[{"href":"https:\/\/www.kultursidan.nu\/index.php?rest_route=\/wp\/v2\/posts"}],"about":[{"href":"https:\/\/www.kultursidan.nu\/index.php?rest_route=\/wp\/v2\/types\/post"}],"author":[{"embeddable":true,"href":"https:\/\/www.kultursidan.nu\/index.php?rest_route=\/wp\/v2\/users\/1001006"}],"replies":[{"embeddable":true,"href":"https:\/\/www.kultursidan.nu\/index.php?rest_route=%2Fwp%2Fv2%2Fcomments&post=239"}],"version-history":[{"count":4,"href":"https:\/\/www.kultursidan.nu\/index.php?rest_route=\/wp\/v2\/posts\/239\/revisions"}],"predecessor-version":[{"id":42327,"href":"https:\/\/www.kultursidan.nu\/index.php?rest_route=\/wp\/v2\/posts\/239\/revisions\/42327"}],"wp:attachment":[{"href":"https:\/\/www.kultursidan.nu\/index.php?rest_route=%2Fwp%2Fv2%2Fmedia&parent=239"}],"wp:term":[{"taxonomy":"category","embeddable":true,"href":"https:\/\/www.kultursidan.nu\/index.php?rest_route=%2Fwp%2Fv2%2Fcategories&post=239"},{"taxonomy":"post_tag","embeddable":true,"href":"https:\/\/www.kultursidan.nu\/index.php?rest_route=%2Fwp%2Fv2%2Ftags&post=239"}],"curies":[{"name":"wp","href":"https:\/\/api.w.org\/{rel}","templated":true}]}}