{"id":24110,"date":"2016-02-29T13:06:31","date_gmt":"2016-02-29T12:06:31","guid":{"rendered":"https:\/\/intelligent-friend-7861.standoutwp.com\/?p=24110"},"modified":"2016-02-29T13:06:31","modified_gmt":"2016-02-29T12:06:31","slug":"akustiskt-med-markus-krunegard-i-flygeln-recension","status":"publish","type":"post","link":"https:\/\/www.kultursidan.nu\/?p=24110","title":{"rendered":"Akustiskt med Markus Kruneg\u00e5rd i Flygeln (recension)"},"content":{"rendered":"<p><img loading=\"lazy\" decoding=\"async\" class=\"alignnone size-medium wp-image-24111\" src=\"https:\/\/www.kultursidan.nu\/wp-content\/uploads\/2016\/02\/Krune-2-567x378.jpg\" alt=\"Marakus Kruneg\u00e5rd\" width=\"567\" height=\"378\" srcset=\"https:\/\/www.kultursidan.nu\/wp-content\/uploads\/2016\/02\/Krune-2-567x378.jpg 567w, https:\/\/www.kultursidan.nu\/wp-content\/uploads\/2016\/02\/Krune-2-768x512.jpg 768w, https:\/\/www.kultursidan.nu\/wp-content\/uploads\/2016\/02\/Krune-2-1024x682.jpg 1024w, https:\/\/www.kultursidan.nu\/wp-content\/uploads\/2016\/02\/Krune-2-500x333.jpg 500w, https:\/\/www.kultursidan.nu\/wp-content\/uploads\/2016\/02\/Krune-2-150x100.jpg 150w, https:\/\/www.kultursidan.nu\/wp-content\/uploads\/2016\/02\/Krune-2.jpg 1280w\" sizes=\"auto, (max-width: 567px) 100vw, 567px\" \/><em><br \/>\nMed sin gamla akustiska gitarr. Markus Kruneg\u00e5rd fyllde Flygeln i fredags kv\u00e4ll.<br \/>\n<\/em><\/p>\n<p>&nbsp;<\/p>\n<h1><span style=\"color: #ff0000;\">Hans st\u00f6rsta styrka ligger i texterna<\/span><\/h1>\n<p>&nbsp;<\/p>\n<p><strong>Markus Kruneg\u00e5rd provar n\u00e5gonting nytt och tar sig an en akustisk turn\u00e9.\u00a0<\/strong>Det var sluts\u00e5lt p\u00e5 Flygeln i Norrk\u00f6ping d\u00e5 han i fredags intog scenen p\u00e5 hemmaplan.<\/p>\n<p>\u2013 V\u00e4lkommen hem!, ropade n\u00e5gon ur publiken och m\u00f6ttes av ett v\u00e4rmande \u201dTack\u201d.<\/p>\n<p>Publiken som \u00e4r van att hoppa och dansa framf\u00f6r scenen, skulle nu sitta ner och avnjuta sina favoritl\u00e5tar ur ett mer avkl\u00e4tt perspektiv.<\/p>\n<p><strong>Att inte kunna g\u00f6mma sig bakom ett band med gester och ljus \u00e4r en utmaning, men han \u00e4r inte ensam.\u00a0<\/strong>Tillsammans med Markus J\u00e4gerstedt lyckas de b\u00e5da klara sig p\u00e5 ett piano, ett dragspel och tre gitarrer.<\/p>\n<p>&nbsp;<\/p>\n<p><a title=\"Markus Kruneg\u00e5rd\" href=\"https:\/\/www.flickr.com\/photos\/kultursidan\/25280017081\/in\/album-72157665092428031\/\"><img loading=\"lazy\" decoding=\"async\" src=\"https:\/\/farm2.staticflickr.com\/1533\/25280017081_962952b220.jpg\" alt=\"Markus Kruneg\u00e5rd\" width=\"333\" height=\"500\" \/><\/a><br \/>\n<em> Helt enkelt. Markus Kruneg\u00e5rds st\u00f6rsta styrka ligger i l\u00e5ttexterna.<\/em><\/p>\n<p>&nbsp;<\/p>\n<p><strong>\u00c4ven om Markus Kruneg\u00e5rd \u00e4r duktig p\u00e5 att ge en bra show med drag i, s\u00e5 ligger hans st\u00f6rsta styrka i l\u00e5ttexterna.\u00a0<\/strong>De \u00e4r formulerade med hj\u00e4rta och \u00e4kthet till hur livet \u00e4r. Publiken som kan varenda textrad utantill sjunger mer \u00e4n g\u00e4rna med.<\/p>\n<p>\u2013 Norrk\u00f6pingsborna har f\u00e5tt r\u00f6sta fram sin favoritl\u00e5t och det \u00e4r <em>Piller i badkaret<\/em>, \u00a0ber\u00e4ttar Markus Kruneg\u00e5rd innan han drar ig\u00e5ng en faktiskt riktigt bra version av just den l\u00e5ten.<\/p>\n<p>Vi bjuds ocks\u00e5 p\u00e5 en outgiven l\u00e5t denna kv\u00e4ll, <em>Propaganda i Sverige &amp; Havanna<\/em>, \u00a0som framf\u00f6rs med riktigt sk\u00f6na beats.<\/p>\n<p><strong>Mellansnacket \u00e4r roligt och k\u00e4nns avslappnat. <\/strong>Han bjuder p\u00e5 sig sj\u00e4lv med en humor som n\u00e5r ut till alla \u00e5ldrar i den breda publikskaran. F\u00f6r visst var det varierat och kanske det beror p\u00e5 att han denna turn\u00e9 drar ner p\u00e5 tempot en aning.<\/p>\n<p>\u2013 Jag har alltid velat spela p\u00e5 en b\u00e5t som Elton John vid ett piano. Nu kan jag g\u00f6ra n\u00e5got liknande, s\u00e5 v\u00e4lkomna till &#8221;Silvia Princess&#8221;, inleder Markus Kruneg\u00e5rd som sl\u00e4ppt gitarren f\u00f6r att bjuda oss p\u00e5 n\u00e5gra l\u00e5tar bakom pianot.<\/p>\n<p>&nbsp;<\/p>\n<p><a title=\"Markus Kruneg\u00e5rd\" href=\"https:\/\/www.flickr.com\/photos\/kultursidan\/25280016681\/in\/album-72157665092428031\/\"><img loading=\"lazy\" decoding=\"async\" src=\"https:\/\/farm2.staticflickr.com\/1584\/25280016681_14b67b4dab.jpg\" alt=\"Markus Kruneg\u00e5rd\" width=\"500\" height=\"333\" \/><\/a><br \/>\n<em>Piano och gitarr. Ibland tar Kruneg\u00e5rds medmusikant Markus J\u00e4gerstedt fram dragspelet.<\/em><\/p>\n<p>&nbsp;<\/p>\n<p><strong>Under kv\u00e4llens g\u00e5ng m\u00e4rker jag av hur publiken alltmer l\u00e4ngtar efter att f\u00e5 uttrycka sig \u00e4ven kroppsligt.<\/strong> Det \u00e4r f\u00f6rst efter jubel, stamp och st\u00e5ende ovationer vid konsertens slut som de rusar fram f\u00f6r att dansa och sjunga med nedanf\u00f6r scenen under de sista l\u00e5tarna. En oerh\u00f6rt sk\u00f6n upph\u00f6jning av kv\u00e4llens konsert, var jag inte ensam om att tycka.<\/p>\n<p><strong>\u2013 Allts\u00e5 detta \u00e4r s\u00e5 underbart! Empati och m\u00e4nsklig v\u00e4rme beh\u00f6vs s\u00e5 j\u00e4kla mycket just nu,<\/strong> blir de avslutande orden fr\u00e5n en n\u00f6jd och mycket tacksam Markus Kruneg\u00e5rd, som trots en bra kv\u00e4ll \u00e4nd\u00e5 verkar trivas b\u00e4st med sin st\u00e5publik.<\/p>\n<p>\u00a9 <em>Text: Josefina Dernsj\u00f6<br \/>\n<\/em>\u00a9 <em>Foto: <\/em><em>Melinda Reyes Hiltunen<\/em><\/p>\n<p>BILDSPEL (FLASH) \u2013 KLICKA P\u00c5 BILDEN <em><br \/>\nALT\/MOBIL: SE BILDSPELET <a title=\"Bildspel\" href=\"https:\/\/www.flickr.com\/photos\/kultursidan\/sets\/72157665092428031\/show\/\" target=\"_blank\">H\u00c4R<\/a><\/em><br \/>\n<object width=\"400\" height=\"300\"><param name=\"flashvars\" value=\"offsite=true&amp;lang=en-us&amp;page_show_url=%2Fphotos%2Fkultursidan%2Fsets%2F72157665092428031%2Fshow%2F&amp;page_show_back_url=%2Fphotos%2Fkultursidan%2Fsets%2F72157665092428031%2F&amp;set_id=72157665092428031&amp;jump_to=\" \/><param name=\"movie\" value=\"https:\/\/www.flickr.com\/apps\/slideshow\/show.swf?v=1811922554\" \/><param name=\"allowFullScreen\" value=\"true\" \/><\/object><\/p>\n<blockquote>\n<h3><em>FLYGELN Norrk\u00f6ping<\/em><\/h3>\n<p>26 februari 2016<em><br \/>\n<strong>Markus Kruneg\u00e5rd<\/strong><\/em><br \/>\n<em> Konsert<\/em><\/p><\/blockquote>\n<p>L\u00c4NKAR<br \/>\nMarkus Kruneg\u00e5rd <a href=\"https:\/\/www.facebook.com\/MarkusKrunegard\/?fref=ts\" target=\"_blank\">Facebook <\/a><\/p>\n","protected":false},"excerpt":{"rendered":"<p>NORRK\u00d6PING \u201dV\u00e4lkommen hem!\u201d  Markus Kruneg\u00e5rd provar n\u00e5gonting nytt och tar sig an en akustisk turn\u00e9. Det var sluts\u00e5lt p\u00e5 Flygeln i Norrk\u00f6ping d\u00e5 han intog scenen p\u00e5 hemmaplan i fredags. <a class=\"continue-reading-link\" href=\"https:\/\/www.kultursidan.nu\/?p=24110\">L\u00e4s mer <span class=\"meta-nav\">&rarr; <\/span><\/a><\/p>\n","protected":false},"author":1001006,"featured_media":0,"comment_status":"closed","ping_status":"open","sticky":false,"template":"","format":"standard","meta":{"_jetpack_memberships_contains_paid_content":false,"footnotes":""},"categories":[7],"tags":[13],"class_list":["post-24110","post","type-post","status-publish","format-standard","hentry","category-norrkoping","tag-musik"],"jetpack_featured_media_url":"","jetpack_sharing_enabled":true,"_links":{"self":[{"href":"https:\/\/www.kultursidan.nu\/index.php?rest_route=\/wp\/v2\/posts\/24110","targetHints":{"allow":["GET"]}}],"collection":[{"href":"https:\/\/www.kultursidan.nu\/index.php?rest_route=\/wp\/v2\/posts"}],"about":[{"href":"https:\/\/www.kultursidan.nu\/index.php?rest_route=\/wp\/v2\/types\/post"}],"author":[{"embeddable":true,"href":"https:\/\/www.kultursidan.nu\/index.php?rest_route=\/wp\/v2\/users\/1001006"}],"replies":[{"embeddable":true,"href":"https:\/\/www.kultursidan.nu\/index.php?rest_route=%2Fwp%2Fv2%2Fcomments&post=24110"}],"version-history":[{"count":0,"href":"https:\/\/www.kultursidan.nu\/index.php?rest_route=\/wp\/v2\/posts\/24110\/revisions"}],"wp:attachment":[{"href":"https:\/\/www.kultursidan.nu\/index.php?rest_route=%2Fwp%2Fv2%2Fmedia&parent=24110"}],"wp:term":[{"taxonomy":"category","embeddable":true,"href":"https:\/\/www.kultursidan.nu\/index.php?rest_route=%2Fwp%2Fv2%2Fcategories&post=24110"},{"taxonomy":"post_tag","embeddable":true,"href":"https:\/\/www.kultursidan.nu\/index.php?rest_route=%2Fwp%2Fv2%2Ftags&post=24110"}],"curies":[{"name":"wp","href":"https:\/\/api.w.org\/{rel}","templated":true}]}}