{"id":24144,"date":"2016-03-01T19:15:25","date_gmt":"2016-03-01T18:15:25","guid":{"rendered":"https:\/\/intelligent-friend-7861.standoutwp.com\/?p=24144"},"modified":"2016-03-01T19:15:25","modified_gmt":"2016-03-01T18:15:25","slug":"stigs-musikkaserier-fyller-stinsen","status":"publish","type":"post","link":"https:\/\/www.kultursidan.nu\/?p=24144","title":{"rendered":"Stigs musikk\u00e5serier fyller Stinsen"},"content":{"rendered":"<p><img loading=\"lazy\" decoding=\"async\" class=\"alignnone size-medium wp-image-24145\" src=\"https:\/\/www.kultursidan.nu\/wp-content\/uploads\/2016\/03\/DSCF1611-567x378.jpg\" alt=\"Mozart och Kraus\" width=\"567\" height=\"378\" srcset=\"https:\/\/www.kultursidan.nu\/wp-content\/uploads\/2016\/03\/DSCF1611-567x378.jpg 567w, https:\/\/www.kultursidan.nu\/wp-content\/uploads\/2016\/03\/DSCF1611-768x512.jpg 768w, https:\/\/www.kultursidan.nu\/wp-content\/uploads\/2016\/03\/DSCF1611-1024x682.jpg 1024w, https:\/\/www.kultursidan.nu\/wp-content\/uploads\/2016\/03\/DSCF1611-500x333.jpg 500w, https:\/\/www.kultursidan.nu\/wp-content\/uploads\/2016\/03\/DSCF1611-150x100.jpg 150w, https:\/\/www.kultursidan.nu\/wp-content\/uploads\/2016\/03\/DSCF1611.jpg 1280w\" sizes=\"auto, (max-width: 567px) 100vw, 567px\" \/><em><br \/>\nMozart och den svenske Mozart. Stig Jacobsson visar dem bredvid varandra i sitt bildspel. De f\u00f6ddes samma \u00e5r och \u00e4ven Kraus dog ung, men hann tons\u00e4tta ett sorgekv\u00e4de till den alltmer ber\u00f6mde kollegan, som Bellman skrev text till.<\/em><\/p>\n<p>&nbsp;<\/p>\n<h1><span style=\"color: #ff0000;\">F\u00f6rst\u00e5s en diskret f\u00f6rkl\u00e4dnad<\/span><\/h1>\n<p>&nbsp;<\/p>\n<p><strong>Bra mer kvalificerat \u00e4n ett enkelt k\u00e5seri.<\/strong> Det viktigaste \u00e4r kanske \u00e4nd\u00e5 m\u00f6jligheten att komma ut och m\u00f6ta folk. N\u00e4r Stig Jacobsson talade om <em>Mozart &amp; Konsertv\u00e4sendet<\/em> r\u00e4ckte det inte med att b\u00e4ra extrastolar, v\u00e4ggarna \u00f6ppnades.<\/p>\n<p><strong>S\u00f6derk\u00f6ping \u00e4r mycket mer \u00e4n kanalhamnens sommarkommers och G\u00e4stabudets medeltid.<\/strong> Om vintern lever f\u00f6rel\u00e4sningsverksamheten upp. F\u00f6rfattare samtalar i den anrika Bokhandeln. P\u00e5 Stinsen g\u00e5r det an att vara Nyfiken p\u00e5 aktuella personer, och blicka bak\u00e5t i kulturhistorien med Retro.<\/p>\n<p><strong>Och s\u00e5 finns Stig Jacobsson och hans Musikk\u00e5serier.<\/strong> Att kalla dem f\u00f6r k\u00e5serier \u00e4r f\u00f6rst\u00e5s en diskret f\u00f6rkl\u00e4dnad, f\u00f6r Stig Jacobsson vet mer \u00e4n oss vanliga d\u00f6dliga om sitt \u00e4mne. Inte f\u00f6r inte tog han emot Norrk\u00f6pings Tidningars Broocmanpris f\u00f6r en handfull \u00e5r sedan, f\u00f6r sin g\u00e4rning som programredakt\u00f6r och mycket popul\u00e4r konsertintrodukt\u00f6r f\u00f6r Norrk\u00f6pings symfoniorkester.<\/p>\n<p>Den h\u00e4r vintern handlar det om wienklassicismen, allts\u00e5 musikhistorien som utspelades i Wien mellan Hayden och Schubert med Mozart och Beethoven d\u00e4remellan.<\/p>\n<p>&nbsp;<\/p>\n<p><a title=\"Fullsatt\" href=\"https:\/\/www.flickr.com\/photos\/kultursidan\/25378763815\/in\/album-72157665069328092\/\"><img loading=\"lazy\" decoding=\"async\" src=\"https:\/\/farm2.staticflickr.com\/1606\/25378763815_6d9f52a2cf.jpg\" alt=\"Fullsatt\" width=\"500\" height=\"333\" \/><\/a><br \/>\n<em> Fullsatt s\u00e5 v\u00e4ggarna spricker. Stig Jacobssons musikk\u00e5serier drar folk till Stinsen.<\/em><\/p>\n<p>&nbsp;<\/p>\n<p><strong>Jag tog bussen till S\u00f6derk\u00f6ping en vanlig tisdag och fann ett bibliotek som pl\u00f6tsligt fylldes av vetgiriga.<\/strong> De lyfte sj\u00e4lva in extrastolar i f\u00f6rel\u00e4sningssalen en trappa upp och n\u00e4r inte det r\u00e4ckte fick v\u00e4ggarna flytta p\u00e5 sig, vikbara v\u00e4ggar \u00e4r en str\u00e5lande uppfinning.<\/p>\n<p>Det h\u00e4lsas och sm\u00e5pratas innan den pensionerade pedagogen vant st\u00e4ller upp sin portabla dator, med anslutning f\u00f6r b\u00e5de bild och ljud, och drar ig\u00e5ng med kv\u00e4llens \u00e4mne: <em>Mozart &amp; konsertv\u00e4sendet.<\/em><\/p>\n<p>Allts\u00e5 inte bara Mozart, underbarnet som g\u00e4stade furstehoven, den beg\u00e5vade tons\u00e4ttaren som slog knut p\u00e5 Salieri och br\u00e4nde ut sig sj\u00e4lv i sus och dus s\u00e5 att han dog just som han skrivit sitt sk\u00f6na <em>Requiem<\/em>. Det vi alla vet, \u00e5tminstone vi som sett filmen <em>Amadeus<\/em>, Amadeus som i Wolfgang A Mozart. Vilket g\u00f6r att vi vet n\u00e5got mer \u00e4n Bellman n\u00e4r han skrev texten till Kraus sorgekv\u00e4de strax efter Mozarts d\u00f6d.<\/p>\n<p><strong>Genom greppet att lyfta fram konsertv\u00e4sendet ger Stig Jacobsson den beg\u00e5vade tons\u00e4ttaren ett sammanhang.<\/strong> Det var inte bara Wolfgang och hans storasyster Nannerl som g\u00e4stade furstehov och adelssalonger, i Europa var det vanligt med underbarn. Resorna gav uppm\u00e4rksamhet, en del pengar och n\u00e4tverk f\u00f6r framtiden \u2013 f\u00f6r Wolfgangs del \u00e4ven en br\u00e4cklig h\u00e4lsa.<\/p>\n<p>Det var s\u00e5 konsertv\u00e4sendet s\u00e5g ut n\u00e4r han flyttade till Wien f\u00f6r att g\u00f6ra karri\u00e4r, det spelades i furstehov och i adelns hus. \u201dTaffelmusik\u201d s\u00e4ger Stig Jacobsson v\u00e4nligt, d\u00e4r han st\u00e5r i dunklet vid sidan av det lysande bildspelet. Rentav att han s\u00e4ger ordet \u201dmusak\u201d ocks\u00e5. Han listar uppskattade tons\u00e4ttare i Wien p\u00e5 den tiden, det \u00e4r f\u00e5 vars namn \u00f6verlevt och det blir s\u00e5 mycket mer f\u00f6rst\u00e5eligt n\u00e4r deras musik inte skulle st\u00f6ra \u00e5h\u00f6rarna.<\/p>\n<p>&nbsp;<\/p>\n<p><a title=\"Programblad\" href=\"https:\/\/www.flickr.com\/photos\/kultursidan\/25285721181\/in\/album-72157665069328092\/\"><img loading=\"lazy\" decoding=\"async\" src=\"https:\/\/farm2.staticflickr.com\/1562\/25285721181_c910628bd5.jpg\" alt=\"Programblad\" width=\"500\" height=\"333\" \/><\/a><br \/>\n<em>Med pyttesm\u00e5 bokst\u00e4ver. Det var librettisterna, textf\u00f6rfattarna, som var de hyllade operamakarna. Tons\u00e4ttarnas namn var inte s\u00e5 viktiga. Affischen \u00e4r f\u00f6r Trollfl\u00f6jtens urpremi\u00e4r.<\/em><\/p>\n<p>&nbsp;<\/p>\n<p><strong>Fast det gjorde Wolfgangs musik, st\u00f6rde.<\/strong> Den var ibland s\u00e5 komplicerad att \u00e5h\u00f6rarna tvingades att lyssna. Inte undra p\u00e5 att han hade det knapert, tur han var k\u00e4nd som skicklig musiker (violin och piano).<\/p>\n<p>Tur ocks\u00e5 att adelns statusjakt gjorde att taffelmusiken gradvis gjorde slut p\u00e5 pengarna. Borgarklassen tog \u00f6ver och gjorde konserterna offentliga i st\u00e4llet f\u00f6r slutna. Och nu var \u00f6ronen mer inst\u00e4llda p\u00e5 att lyssna. Tidiga morgonkonserter blev popul\u00e4rt. Och musikerna och tons\u00e4ttarna sj\u00e4lva drev p\u00e5 utvecklingen, v\u00e4lg\u00f6renhetskonserter kunde ju ge betalda uppdrag.<\/p>\n<p>Tur ocks\u00e5 att det blivit popul\u00e4rt \u00e4ven med opera. N\u00e4r <em>Trollfl\u00f6jten<\/em> hade urpremi\u00e4r stod Mozarts namn p\u00e5 programmet \u2013 med mycket sm\u00e5 bokst\u00e4ver. Det var ju Emanuel Schikaneder f\u00f6rfattaren till librettot som var det stora namnet.<\/p>\n<p><strong>Stig Jacobsson f\u00f6rmedlar \u00e4ven kunskap om musikhistoriska forskarm\u00f6dor. <\/strong>Hur vet vi detta? Det \u00e4r mycket f\u00e5 konsertprogram bevarade fr\u00e5n det sena 1700-talet, om det ens skrevs s\u00e5dan. Tidningsnotiser? Kanske.<\/p>\n<p>En k\u00e4lla \u00e4r bevarade brev, som d\u00e4r publiken klagar \u00f6ver den d\u00e4r Mozarts jobbiga musik. Eller Wolfgang skriver hem till pappa Leopold med st\u00e4ndigt nya f\u00f6rhoppningar om att tj\u00e4na pengar.<\/p>\n<p><strong>Inte undra p\u00e5 att det blir tr\u00e5ngt p\u00e5 Stinsen n\u00e4r Stig Jacobsson h\u00e5ller ett \u201dmusikk\u00e5seri\u201d. <\/strong>Det handlar om mer \u00e4n att komma ut och tr\u00e4ffa folk i lilla S\u00f6derk\u00f6ping en vinterkv\u00e4ll. Snart \u00e4r det dags f\u00f6r n\u00e4sta, om <em>Beethoven &amp; mecenaterna<\/em>.<\/p>\n<p>\u00a9 <em>Text och foto: Ann-Charlotte Sandelin<br \/>\n<\/em><\/p>\n<p>BILDSPEL (FLASH) \u2013 KLICKA P\u00c5 BILDEN <em><br \/>\nALT\/MOBIL: SE BILDSPELET <a title=\"Bildspel\" href=\"https:\/\/www.flickr.com\/photos\/kultursidan\/sets\/72157665069328092\/show\/\" target=\"_blank\">H\u00c4R<\/a><\/em><br \/>\n<object width=\"400\" height=\"300\"><param name=\"flashvars\" value=\"offsite=true&amp;lang=en-us&amp;page_show_url=%2Fphotos%2Fkultursidan%2Fsets%2F72157665069328092%2Fshow%2F&amp;page_show_back_url=%2Fphotos%2Fkultursidan%2Fsets%2F72157665069328092%2F&amp;set_id=72157665069328092&amp;jump_to=\" \/><param name=\"movie\" value=\"https:\/\/www.flickr.com\/apps\/slideshow\/show.swf?v=1811922554\" \/><param name=\"allowFullScreen\" value=\"true\" \/><\/object><\/p>\n<blockquote><p><em>STINSEN S\u00f6derk\u00f6ping<\/em><\/p>\n<p>Vinter &#8211; v\u00e5r 2016 kl 17.30<em><br \/>\n<strong>Musikk\u00e5serier<\/strong><\/em><br \/>\n<em> med Stig Jacobsson<\/em><\/p>\n<p style=\"padding-left: 30px;\"><em>26 \/1<\/em><br \/>\n<em> Hayden &amp; klassicismen<\/em><\/p>\n<p style=\"padding-left: 30px;\"><em>16\/2 <\/em><br \/>\n<em> Mozart &amp; konsertv\u00e4sendet<\/em><\/p>\n<p style=\"padding-left: 30px;\"><em>15\/3<\/em><br \/>\n<em> Beethoven &amp; mecenaterna<\/em><\/p>\n<p style=\"padding-left: 30px;\"><em>12\/4 <\/em><br \/>\n<em> Schubert &amp; salongerna<\/em><\/p>\n<\/blockquote>\n<p>L\u00c4NKAR<br \/>\nKulturkontoret\/S\u00f6derk\u00f6pings kommun <a href=\"http:\/\/www.soderkoping.se\/kultur-fritid\/kultur\/\" target=\"_blank\">hemsida<\/a> <a href=\"http:\/\/www.visitostergotland.se\/sv\/soderkoping\/evenemang\/\" target=\"_blank\">Evenemang<\/a><\/p>\n","protected":false},"excerpt":{"rendered":"<p>S\u00d6DERK\u00d6PING Bra mer kvalificerat \u00e4n ett enkelt k\u00e5seri. Det viktigaste \u00e4r kanske \u00e4nd\u00e5 m\u00f6jligheten att komma ut och m\u00f6ta folk. N\u00e4r Stig Jacobsson talade om Mozart &#038; Konsertv\u00e4sendet r\u00e4ckte det inte med att b\u00e4ra extrastolar, v\u00e4ggarna \u00f6ppnades. <a class=\"continue-reading-link\" href=\"https:\/\/www.kultursidan.nu\/?p=24144\">L\u00e4s mer <span class=\"meta-nav\">&rarr; <\/span><\/a><\/p>\n","protected":false},"author":1001006,"featured_media":0,"comment_status":"closed","ping_status":"open","sticky":false,"template":"","format":"standard","meta":{"_jetpack_memberships_contains_paid_content":false,"footnotes":""},"categories":[6],"tags":[53,13],"class_list":["post-24144","post","type-post","status-publish","format-standard","hentry","category-soderkoping","tag-foredrag","tag-musik"],"jetpack_featured_media_url":"","jetpack_sharing_enabled":true,"_links":{"self":[{"href":"https:\/\/www.kultursidan.nu\/index.php?rest_route=\/wp\/v2\/posts\/24144","targetHints":{"allow":["GET"]}}],"collection":[{"href":"https:\/\/www.kultursidan.nu\/index.php?rest_route=\/wp\/v2\/posts"}],"about":[{"href":"https:\/\/www.kultursidan.nu\/index.php?rest_route=\/wp\/v2\/types\/post"}],"author":[{"embeddable":true,"href":"https:\/\/www.kultursidan.nu\/index.php?rest_route=\/wp\/v2\/users\/1001006"}],"replies":[{"embeddable":true,"href":"https:\/\/www.kultursidan.nu\/index.php?rest_route=%2Fwp%2Fv2%2Fcomments&post=24144"}],"version-history":[{"count":0,"href":"https:\/\/www.kultursidan.nu\/index.php?rest_route=\/wp\/v2\/posts\/24144\/revisions"}],"wp:attachment":[{"href":"https:\/\/www.kultursidan.nu\/index.php?rest_route=%2Fwp%2Fv2%2Fmedia&parent=24144"}],"wp:term":[{"taxonomy":"category","embeddable":true,"href":"https:\/\/www.kultursidan.nu\/index.php?rest_route=%2Fwp%2Fv2%2Fcategories&post=24144"},{"taxonomy":"post_tag","embeddable":true,"href":"https:\/\/www.kultursidan.nu\/index.php?rest_route=%2Fwp%2Fv2%2Ftags&post=24144"}],"curies":[{"name":"wp","href":"https:\/\/api.w.org\/{rel}","templated":true}]}}