{"id":24208,"date":"2016-03-04T17:02:22","date_gmt":"2016-03-04T16:02:22","guid":{"rendered":"https:\/\/intelligent-friend-7861.standoutwp.com\/?p=24208"},"modified":"2016-03-04T17:02:22","modified_gmt":"2016-03-04T16:02:22","slug":"polariseringen-skapar-fattigdom-i-sverige","status":"publish","type":"post","link":"https:\/\/www.kultursidan.nu\/?p=24208","title":{"rendered":"Polariseringen skapar fattigdom i Sverige"},"content":{"rendered":"<p><img loading=\"lazy\" decoding=\"async\" class=\"alignnone size-medium wp-image-24209\" src=\"https:\/\/www.kultursidan.nu\/wp-content\/uploads\/2016\/03\/026-Dan-beskriver-567x458.jpg\" alt=\"Dan Andersson\" width=\"567\" height=\"458\" srcset=\"https:\/\/www.kultursidan.nu\/wp-content\/uploads\/2016\/03\/026-Dan-beskriver-567x458.jpg 567w, https:\/\/www.kultursidan.nu\/wp-content\/uploads\/2016\/03\/026-Dan-beskriver-768x621.jpg 768w, https:\/\/www.kultursidan.nu\/wp-content\/uploads\/2016\/03\/026-Dan-beskriver-1024x828.jpg 1024w, https:\/\/www.kultursidan.nu\/wp-content\/uploads\/2016\/03\/026-Dan-beskriver-412x333.jpg 412w, https:\/\/www.kultursidan.nu\/wp-content\/uploads\/2016\/03\/026-Dan-beskriver-150x121.jpg 150w, https:\/\/www.kultursidan.nu\/wp-content\/uploads\/2016\/03\/026-Dan-beskriver.jpg 1280w\" sizes=\"auto, (max-width: 567px) 100vw, 567px\" \/><br \/>\n<em>H\u00e5ller demokratin? Medelklassens inkomster har stigit. N\u00e4r avst\u00e5ndet till de fattiga \u00f6kar skakas den samh\u00e4lleliga \u00f6verenskommelsen i grunden. <\/em><\/p>\n<p>&nbsp;<\/p>\n<h1><span style=\"color: #ff0000;\">Risk att medborgarna tappar tilliten<\/span><\/h1>\n<p>&nbsp;<\/p>\n<p><strong>Det \u00e4r kallt. Tisdag den 1 mars \u00e4r det fortfarande vinter.<\/strong> Inne i v\u00e4rmen p\u00e5 Arbetets museum diskuterar politiker och ekonomer om varf\u00f6r andelen fattiga i Sverige \u00f6kar. Slutsatsen blir att det \u00e4r viktigt att motverka polariseringen. Annars \u00f6kar risken f\u00f6r att demokratin och samh\u00e4llet \u00e4r i fara.<\/p>\n<p><strong>LO:s tidigare chefekonom Dan Andersson \u00e4r aktuell med boken <em>Tak f\u00f6r fattigdom \u2013 s\u00e5 skyddar vi demokratin.<\/em><\/strong> D\u00e4rf\u00f6r var han inbjuden till Arbetets museums varma lokaler tisdag den 1 mars till ett samtal om varf\u00f6r andelen fattiga i Sverige \u00f6kar och vad som kan g\u00f6ras \u00e5t det p\u00e5 ett politiskt plan. Han inledde med att presentera huvuddragen i sin bok.<\/p>\n<p>Varp\u00e5 moderatorn G\u00f6ran F\u00e4rm sl\u00e4ppte in Kristina M\u00e5rtensson, samh\u00e4llspolitisk chef p\u00e5 fackf\u00f6rbundet Kommunal, och Lars Stjernkvist, kommunalr\u00e5d i Norrk\u00f6ping, som hade till uppgift att kommentera och diskutera de synpunkter som presenteras i den samh\u00e4llskritiska boken.<\/p>\n<p>&nbsp;<\/p>\n<p><a title=\"Dan Anderson\" href=\"https:\/\/www.flickr.com\/photos\/kultursidan\/25382322332\/in\/album-72157665256449952\/\"><img loading=\"lazy\" decoding=\"async\" src=\"https:\/\/farm2.staticflickr.com\/1543\/25382322332_b8011e8268.jpg\" alt=\"Dan Anderson\" width=\"397\" height=\"500\" \/><\/a><br \/>\n<em> Polarisering. Under de senaste \u00e5ren har inkomstklyftorna \u00f6kat i Sverige, fler \u00e4r rika och fler \u00e4r fattiga. Fattig anses den vara som har h\u00f6gst 60 procent av den svenska medelinkomsten, f\u00f6rklarade Dan Andersson, tidigare chefekonom f\u00f6r LO.<\/em><\/p>\n<p>&nbsp;<\/p>\n<p><strong>Alla kunde enas om att fattigdomen \u00f6kar i Sverige och att det \u00e4r ett problem. <\/strong>Fr\u00e5gan \u00e4r vad \u00f6kningen beror p\u00e5 och vad som kan och b\u00f6r g\u00f6ras f\u00f6r att motverka den.<\/p>\n<p>Dan Andersson f\u00f6rklarade, att det inte har n\u00e5got att g\u00f6ra med globaliseringen eller med nyanl\u00e4nda. I st\u00e4llet pekade han p\u00e5 Sveriges politik. Underproduktion, s\u00e4nkandet av skatter och \u00f6kade inkomstskillnader \u00e4r n\u00e5gra av de politiska \u00e5tg\u00e4rder och andra effekter som g\u00f6r att klyftan mellan rik och fattig v\u00e4xer.<\/p>\n<p><strong>Det \u00e4r inte bara avst\u00e5ndet mellan rika och fattiga som blivit st\u00f6rre.<\/strong> Det har ocks\u00e5 skett en politisk polarisering menade Norrk\u00f6pings kommunalr\u00e5d Lars Stjernkvist.<\/p>\n<p>\u2013 Den \u00e4r vi sj\u00e4lva med om att skapa, n\u00e4r vi avvisar samarbete med mer h\u00f6gerinriktade partier. Det \u00e4r ett problem, n\u00e4r vi bara vill samarbeta med dem vi \u00e4r eniga med, konstaterade Lars Stjernkvist, som tillfogade att ett samarbete med Sverigedemokraterna inte var att t\u00e4nka p\u00e5, de ligger f\u00f6r l\u00e5ngt \u00e5t h\u00f6ger.<\/p>\n<p>&nbsp;<\/p>\n<p><a title=\"Kristina M\u00e5rtensson och Lars Stjernkvist\" href=\"https:\/\/www.flickr.com\/photos\/kultursidan\/25133262669\/in\/album-72157665256449952\/\"><img loading=\"lazy\" decoding=\"async\" src=\"https:\/\/farm2.staticflickr.com\/1505\/25133262669_2c0074965a.jpg\" alt=\"Kristina M\u00e5rtensson och Lars Stjernkvist\" width=\"500\" height=\"417\" \/><\/a><br \/>\n<em> Ge barnen en god framtid. Bra skolor och bra utbildning ger fler som bidrar till samh\u00e4llet, understr\u00f6k kommunalr\u00e5det Lars Stjernkvist. Kristina M\u00e5rtensson, samh\u00e4llspolitisk chef p\u00e5 fackf\u00f6rbundet Kommunal, tog upp h\u00e4lsofr\u00e5gan.<\/em><\/p>\n<p>&nbsp;<\/p>\n<p><strong>Kristina M\u00e5rtensson fr\u00e5n Kommunal fortsatte p\u00e5 Stjernkvists sp\u00e5r. <\/strong>Hon pekade ocks\u00e5 p\u00e5 att h\u00e4lsofr\u00e5gan \u00e4r mycket viktig n\u00e4r man talar om fattigdom.<\/p>\n<p>\u2013 Barn som lever under utsatta f\u00f6rh\u00e5llanden har 186 procent st\u00f6rre risk att f\u00e5 diagnosen psykisk oh\u00e4lsa, lade Dan Anderson till.<\/p>\n<p>D\u00e4rmed hamnade barn och unga i centrum f\u00f6r debatten. Kristina M\u00e5rtensson anklagade bland annat socialdemokratin f\u00f6r gymnasieskolornas brist p\u00e5 fasta timmar och \u00f6nskade en ekonomisk styrning gentemot det offentliga.<\/p>\n<p>\u00c4ven Stjernkvist lade vikt vid utbildning som l\u00f6sningen p\u00e5 problemet. Han anser att barns skolbakgrund betyder mycket f\u00f6r att stoppa polarisering och tillade att den som utbildar sig inte bara ska t\u00e4nka p\u00e5 l\u00f6nen i slutet, utan \u00e4ven p\u00e5 sj\u00e4lva utbildningen i sig.<\/p>\n<p><strong>\u2013 Om de r\u00e4tta politiska besluten inte fattas f\u00f6rlorar vi alla.<\/strong> Och dit \u00e4r vi redan p\u00e5 v\u00e4g, sade Dan Andersson.<\/p>\n<p>Han fruktar att medborgarna tappar tilliten till samh\u00e4llet. M\u00e5nga frustreras \u00f6ver att beh\u00f6va betala f\u00f6r v\u00e4lf\u00e4rden n\u00e4r de ser andra ta del av den gratis utan att sj\u00e4lva bidra. Fokus \u00e4ndras fr\u00e5n kollektivt ansvar till mer individualiserat. D\u00e4rf\u00f6r \u00e4r det viktigt, enligt hans uppfattning, att ha den politiska viljan att finansiera de offentliga utgifterna och att \u00f6ka efterfr\u00e5gan p\u00e5 arbetskraft.<\/p>\n<p><strong>Denna kalla tisdagskv\u00e4ll kunde man tydligt k\u00e4nna frustrationen.<\/strong> En frustration som b\u00e5de kom fr\u00e5n talarna men ocks\u00e5 fr\u00e5n publiken som s\u00f6kte omtanke, l\u00f6sningar och \u00e5tg\u00e4rder. Om begreppet &#8221;fattigdom&#8221; inte varit i tankarna tidigare, hamnade de d\u00e4r \u00e5tminstone nu.<\/p>\n<p>\u00a9 <em>Text: Nicoline L\u00f8cke Zabel<br \/>\n<\/em>\u00a9 <em>\u00d6vers\u00e4ttning: Ann-Charlotte Sandelin<br \/>\n<\/em>\u00a9 <em>Foto: <\/em><em>Sven \u00c5ke Molund<\/em><\/p>\n<p>BILDSPEL (FLASH) \u2013 KLICKA P\u00c5 BILDEN <em><br \/>\nALT\/MOBIL: SE BILDSPELET <a title=\"Bildspel\" href=\"https:\/\/www.flickr.com\/photos\/kultursidan\/sets\/72157665256449952\/show\/\" target=\"_blank\">H\u00c4R<\/a><\/em><br \/>\n<object width=\"400\" height=\"300\"><param name=\"flashvars\" value=\"offsite=true&amp;lang=en-us&amp;page_show_url=%2Fphotos%2Fkultursidan%2Fsets%2F72157665256449952%2Fshow%2F&amp;page_show_back_url=%2Fphotos%2Fkultursidan%2Fsets%2F72157665256449952%2F&amp;set_id=72157665256449952&amp;jump_to=\" \/><param name=\"movie\" value=\"https:\/\/www.flickr.com\/apps\/slideshow\/show.swf?v=1811922554\" \/><param name=\"allowFullScreen\" value=\"true\" \/><\/object><\/p>\n<blockquote>\n<h3><em>ARBETETS MUSEUM Norrk\u00f6ping<\/em><\/h3>\n<p>1 mars 2016<em><br \/>\n<strong>Tak f\u00f6r fattigdom \u2013 s\u00e5 skyddar vi demokratin<\/strong><\/em><br \/>\n<em> Samtal<\/em><br \/>\n<em> Dan Andersson, LO-ekonom och f\u00f6rfattare<\/em><br \/>\n<em> Kristina M\u00e5rtensson, Kommunal <\/em><br \/>\n<em> Lars Stjernkvist, kommunalr\u00e5d<\/em><br \/>\n<em> Moderator: G\u00f6ran F\u00e4rm <\/em><br \/>\n<em> Arr: Arbetets Museum, Remeso och ABF<\/em><\/p><\/blockquote>\n<p>L\u00c4NKAR<br \/>\nDan Andersson <a href=\"http:\/\/www.dan-andersson.se\" target=\"_blank\">hemsida<\/a><br \/>\nArbetets Museum <a href=\"http:\/\/www.arbetetsmuseum.se\" target=\"_blank\">hemsida<\/a> <a href=\"https:\/\/www.facebook.com\/arbetetsmuseum\" target=\"_blank\">Facebook<\/a> <a href=\"http:\/\/www.arbetetsmuseum.se\/evenemanget\/samtal-om-tak-for-fattigdom\/\" target=\"_blank\">evenemang <\/a><\/p>\n","protected":false},"excerpt":{"rendered":"<p>NORRK\u00d6PING Det \u00e4r kallt. Tisdag den 1 mars \u00e4r det fortfarande vinter. Inne i v\u00e4rmen p\u00e5 Arbetets museum diskuterar politiker och ekonomer om varf\u00f6r andelen fattiga i Sverige \u00f6kar. Slutsatsen blir att det \u00e4r viktigt att motverka polariseringen. <a class=\"continue-reading-link\" href=\"https:\/\/www.kultursidan.nu\/?p=24208\">L\u00e4s mer <span class=\"meta-nav\">&rarr; <\/span><\/a><\/p>\n","protected":false},"author":1001006,"featured_media":0,"comment_status":"closed","ping_status":"open","sticky":false,"template":"","format":"standard","meta":{"_jetpack_memberships_contains_paid_content":false,"footnotes":""},"categories":[7],"tags":[15,56],"class_list":["post-24208","post","type-post","status-publish","format-standard","hentry","category-norrkoping","tag-debatt","tag-politik"],"jetpack_featured_media_url":"","jetpack_sharing_enabled":true,"_links":{"self":[{"href":"https:\/\/www.kultursidan.nu\/index.php?rest_route=\/wp\/v2\/posts\/24208","targetHints":{"allow":["GET"]}}],"collection":[{"href":"https:\/\/www.kultursidan.nu\/index.php?rest_route=\/wp\/v2\/posts"}],"about":[{"href":"https:\/\/www.kultursidan.nu\/index.php?rest_route=\/wp\/v2\/types\/post"}],"author":[{"embeddable":true,"href":"https:\/\/www.kultursidan.nu\/index.php?rest_route=\/wp\/v2\/users\/1001006"}],"replies":[{"embeddable":true,"href":"https:\/\/www.kultursidan.nu\/index.php?rest_route=%2Fwp%2Fv2%2Fcomments&post=24208"}],"version-history":[{"count":0,"href":"https:\/\/www.kultursidan.nu\/index.php?rest_route=\/wp\/v2\/posts\/24208\/revisions"}],"wp:attachment":[{"href":"https:\/\/www.kultursidan.nu\/index.php?rest_route=%2Fwp%2Fv2%2Fmedia&parent=24208"}],"wp:term":[{"taxonomy":"category","embeddable":true,"href":"https:\/\/www.kultursidan.nu\/index.php?rest_route=%2Fwp%2Fv2%2Fcategories&post=24208"},{"taxonomy":"post_tag","embeddable":true,"href":"https:\/\/www.kultursidan.nu\/index.php?rest_route=%2Fwp%2Fv2%2Ftags&post=24208"}],"curies":[{"name":"wp","href":"https:\/\/api.w.org\/{rel}","templated":true}]}}