{"id":24250,"date":"2016-03-08T12:14:31","date_gmt":"2016-03-08T11:14:31","guid":{"rendered":"https:\/\/intelligent-friend-7861.standoutwp.com\/?p=24250"},"modified":"2016-03-08T12:14:31","modified_gmt":"2016-03-08T11:14:31","slug":"migra-movies-samtalar-om-flyktingfragor","status":"publish","type":"post","link":"https:\/\/www.kultursidan.nu\/?p=24250","title":{"rendered":"Migra Movies samtalar om flyktingfr\u00e5gor"},"content":{"rendered":"<p><img loading=\"lazy\" decoding=\"async\" class=\"alignnone size-medium wp-image-24266\" src=\"https:\/\/www.kultursidan.nu\/wp-content\/uploads\/2016\/03\/MEDITERRANEA-web1-567x319.jpg\" alt=\"Mediterranea\" width=\"567\" height=\"319\" srcset=\"https:\/\/www.kultursidan.nu\/wp-content\/uploads\/2016\/03\/MEDITERRANEA-web1-567x319.jpg 567w, https:\/\/www.kultursidan.nu\/wp-content\/uploads\/2016\/03\/MEDITERRANEA-web1-768x432.jpg 768w, https:\/\/www.kultursidan.nu\/wp-content\/uploads\/2016\/03\/MEDITERRANEA-web1-1024x576.jpg 1024w, https:\/\/www.kultursidan.nu\/wp-content\/uploads\/2016\/03\/MEDITERRANEA-web1-150x84.jpg 150w, https:\/\/www.kultursidan.nu\/wp-content\/uploads\/2016\/03\/MEDITERRANEA-web1.jpg 1920w\" sizes=\"auto, (max-width: 567px) 100vw, 567px\" \/><br \/>\n<em>Sk\u00f6rdar frukterna. I Mediterranea tar sig de tv\u00e5 v\u00e4nnerna fr\u00e5n Burkina Faso, ett litet fram till nyligen diktatorstyrt land, till Italien.<\/em><\/p>\n<p>&nbsp;<\/p>\n<h1><span style=\"color: #ff0000;\">N\u00e4r blir det olagligt att vara solidarisk?<\/span><\/h1>\n<p>&nbsp;<\/p>\n<p><strong>Vad s\u00e4ger lagen? Hur vill vi hj\u00e4lpa? Hur f\u00e5r vi hj\u00e4lpa? Vad g\u00f6r vi? <\/strong>Filmen <em>Mediterranea<\/em> handlar om tv\u00e5 v\u00e4nner fr\u00e5n Burkina Faso som tar sig till Europa. Den blir utg\u00e5ngspunkt f\u00f6r Migra Movies samtal p\u00e5 Cnema nu p\u00e5 torsdag om den akuta flyktingkatastrofen och politiken som f\u00f6rs i Sverige och i EU.<\/p>\n<p>&nbsp;<\/p>\n<p><a title=\"Erik Berggren\" href=\"https:\/\/www.flickr.com\/photos\/kultursidan\/17002687237\/in\/album-72157665560132616\/\"><img loading=\"lazy\" decoding=\"async\" src=\"https:\/\/farm6.staticflickr.com\/5462\/17002687237_268a09629f.jpg\" alt=\"Erik Berggren\" width=\"500\" height=\"315\" \/><\/a><br \/>\n<em>Samtal \u00f6ver gr\u00e4nserna. Erik Berggren och Migra Movies vill f\u00e5 svar p\u00e5 de fr\u00e5gor som v\u00e4cks.<\/em><\/p>\n<p>&nbsp;<\/p>\n<p><strong>Den akuta situationen f\u00f6r flyktingarna till och i Europa tillsammans med den svenska regeringens \u00e5tstramning i mottagandet av migranter leder till fr\u00e5gor som ber\u00f6r dem som vill hj\u00e4lpa till.<\/strong> Omkring detta vill Erik Berggren, verksam vid Link\u00f6pings universitet, f\u00e5 ig\u00e5ng ett samtal p\u00e5 Migra Movies.<\/p>\n<p>Bakom Migra Movies st\u00e5r bland andra Cnema och Remeso, Institute for Research on Migration, Etnicity and Society vid Link\u00f6pings universitet. Migra Movies genomf\u00f6r filmvisningar med efterf\u00f6ljande samtal kring angel\u00e4gna \u00e4mnen n\u00e5gra g\u00e5nger per \u00e5r, i h\u00f6stas visades exempelvis dokument\u00e4rfilmen <em>Taikon <\/em>om f\u00f6rfattaren och aktivisten Katarina Taikon.<\/p>\n<p>\u2013 I samtalen r\u00f6r vi oss mellan vad som \u00e4r fakta och fiktion med filmerna i bakgrunden, ber\u00e4ttar Erik Berggren.<\/p>\n<p><strong>Torsdagens samtal inleds med <em>Mediterranea <\/em>av regiss\u00f6ren Jonas Carpignano<em>.<\/em><\/strong> I filmen tar sig tv\u00e5 v\u00e4nner fr\u00e5n Burkina Faso till Italien med dr\u00f6mmar och f\u00f6rhoppningar och om vad som sedan v\u00e4ntar dem i det nya landet.<\/p>\n<p>Efter filmen f\u00f6ljer ett panelsamtal med jurist, kyrkans representanter och en etikforskare. De inbjudna \u00e4r Viktoria Nystr\u00f6m fr\u00e5n Nystr\u00f6ms advokatbyr\u00e5, tv\u00e5 representanter fr\u00e5n Svenska kyrkan och Yusuf Yuksedag, forskare p\u00e5 Centrum f\u00f6r till\u00e4mpad etik vid Link\u00f6pings Universitetet.<\/p>\n<p>&nbsp;<\/p>\n<p><a title=\"Mediterranea\" href=\"https:\/\/www.flickr.com\/photos\/kultursidan\/25610606345\/in\/album-72157665560132616\/\"><img loading=\"lazy\" decoding=\"async\" src=\"https:\/\/farm2.staticflickr.com\/1494\/25610606345_d87087777c.jpg\" alt=\"Mediterranea\" width=\"500\" height=\"281\" \/><\/a><br \/>\n<em>F\u00f6rhoppningar om att skapa en ny framtid. Ur filmen Mediterranea.<\/em><\/p>\n<p>&nbsp;<\/p>\n<p><strong>Hur kan man att hj\u00e4lpa till och n\u00e4r blir det olagligt att vara solidarisk? <\/strong>Det var en fr\u00e5ga fr\u00e5n Svenska kyrkan som gjorde att Erik Berggren b\u00f6rjade fundera p\u00e5 att g\u00f6ra n\u00e5got p\u00e5 hur det ser ut i dagens l\u00e4ge.<\/p>\n<p>\u2013 Vi vill ha en diskussion ang\u00e5ende vad som \u00e4r lagligt och olagligt i den h\u00e4r fr\u00e5gan. Det \u00e4r m\u00e5nga som k\u00e4nner att de inte f\u00e5r hj\u00e4lpa folk, menar Erik Berggren.<\/p>\n<p><strong>Han vill att det ska bli bra samtal som tar upp hur det g\u00e5r att hj\u00e4lpa till nu n\u00e4r situationen kan k\u00e4nnas hoppl\u00f6s.<\/strong><\/p>\n<p>\u2013 Jag hoppas att detta ska vara ett s\u00e4tt att s\u00e4tta ord p\u00e5 det som \u00e4r moraliskt s\u00e5 j\u00e4vla f\u00f6rkastligt. Hur jobbar jag med att hj\u00e4lpa folk n\u00e4r det ser ut som det g\u00f6r. G\u00e5r det att vara solidarisk?, s\u00e4ger Erik Berggren.<\/p>\n<p>\u00a9 <em>Text: Morgan Lengbrant<br \/>\n<\/em>\u00a9 <em>Arkivfoto: Nils-G\u00f6ran Tillgren<br \/>\n<\/em>\u00a9 <em>Filmstillbild:<\/em> <em>ur filmen <\/em><em>Mediterranea<\/em><\/p>\n<blockquote>\n<h3><em>CNEMA Norrk\u00f6ping<\/em><\/h3>\n<p>10 mars 2016 17.30<em><br \/>\n<strong>Migra Movies: N\u00e4r samvetet krockar med lagen<\/strong><\/em><br \/>\n<em> Samtal och film Mediterranea<\/em><br \/>\n<em> Arr: Migra Movies<\/em><\/p><\/blockquote>\n<p>L\u00c4NKAR<br \/>\nCnema\/Migra Movies<a href=\"http:\/\/cnema.se\/migra-movies\" target=\"_blank\"> hemsida<\/a> <a href=\"https:\/\/www.facebook.com\/cnemanorrkoping\/\" target=\"_blank\">Facebook<\/a> <a href=\"https:\/\/www.facebook.com\/events\/954480207939329\/\" target=\"_blank\">FB-evenemang<\/a><\/p>\n","protected":false},"excerpt":{"rendered":"<p>NORRK\u00d6PING Vad s\u00e4ger lagen? Hur vill vi hj\u00e4lpa? Hur f\u00e5r vi hj\u00e4lpa? Vad g\u00f6r vi? Filmen Mediterranea handlar om tv\u00e5 v\u00e4nner som tar sig till Europa. Den blir utg\u00e5ngspunkt f\u00f6r Migra Movies samtal p\u00e5 Cnema om den akuta flyktingkatastrofen och politiken som f\u00f6rs i Sverige och i EU.  <a class=\"continue-reading-link\" href=\"https:\/\/www.kultursidan.nu\/?p=24250\">L\u00e4s mer <span class=\"meta-nav\">&rarr; <\/span><\/a><\/p>\n","protected":false},"author":1001006,"featured_media":0,"comment_status":"closed","ping_status":"open","sticky":false,"template":"","format":"standard","meta":{"_jetpack_memberships_contains_paid_content":false,"footnotes":""},"categories":[7],"tags":[15,38,56],"class_list":["post-24250","post","type-post","status-publish","format-standard","hentry","category-norrkoping","tag-debatt","tag-film","tag-politik"],"jetpack_featured_media_url":"","jetpack_sharing_enabled":true,"_links":{"self":[{"href":"https:\/\/www.kultursidan.nu\/index.php?rest_route=\/wp\/v2\/posts\/24250","targetHints":{"allow":["GET"]}}],"collection":[{"href":"https:\/\/www.kultursidan.nu\/index.php?rest_route=\/wp\/v2\/posts"}],"about":[{"href":"https:\/\/www.kultursidan.nu\/index.php?rest_route=\/wp\/v2\/types\/post"}],"author":[{"embeddable":true,"href":"https:\/\/www.kultursidan.nu\/index.php?rest_route=\/wp\/v2\/users\/1001006"}],"replies":[{"embeddable":true,"href":"https:\/\/www.kultursidan.nu\/index.php?rest_route=%2Fwp%2Fv2%2Fcomments&post=24250"}],"version-history":[{"count":0,"href":"https:\/\/www.kultursidan.nu\/index.php?rest_route=\/wp\/v2\/posts\/24250\/revisions"}],"wp:attachment":[{"href":"https:\/\/www.kultursidan.nu\/index.php?rest_route=%2Fwp%2Fv2%2Fmedia&parent=24250"}],"wp:term":[{"taxonomy":"category","embeddable":true,"href":"https:\/\/www.kultursidan.nu\/index.php?rest_route=%2Fwp%2Fv2%2Fcategories&post=24250"},{"taxonomy":"post_tag","embeddable":true,"href":"https:\/\/www.kultursidan.nu\/index.php?rest_route=%2Fwp%2Fv2%2Ftags&post=24250"}],"curies":[{"name":"wp","href":"https:\/\/api.w.org\/{rel}","templated":true}]}}