{"id":24254,"date":"2016-03-07T19:11:34","date_gmt":"2016-03-07T18:11:34","guid":{"rendered":"https:\/\/intelligent-friend-7861.standoutwp.com\/?p=24254"},"modified":"2016-03-07T19:28:39","modified_gmt":"2016-03-07T18:28:39","slug":"hall-och-martinsson-pa-konstforum","status":"publish","type":"post","link":"https:\/\/www.kultursidan.nu\/?p=24254","title":{"rendered":"Hall och Martinsson p\u00e5 Konstforum"},"content":{"rendered":"<p><em><img loading=\"lazy\" decoding=\"async\" class=\"alignnone size-medium wp-image-24255\" src=\"https:\/\/www.kultursidan.nu\/wp-content\/uploads\/2016\/03\/Maria-Hall-4-567x406.jpg\" alt=\"Maria Hall \" width=\"567\" height=\"406\" srcset=\"https:\/\/www.kultursidan.nu\/wp-content\/uploads\/2016\/03\/Maria-Hall-4-567x406.jpg 567w, https:\/\/www.kultursidan.nu\/wp-content\/uploads\/2016\/03\/Maria-Hall-4-768x550.jpg 768w, https:\/\/www.kultursidan.nu\/wp-content\/uploads\/2016\/03\/Maria-Hall-4-1024x733.jpg 1024w, https:\/\/www.kultursidan.nu\/wp-content\/uploads\/2016\/03\/Maria-Hall-4-465x333.jpg 465w, https:\/\/www.kultursidan.nu\/wp-content\/uploads\/2016\/03\/Maria-Hall-4-150x107.jpg 150w, https:\/\/www.kultursidan.nu\/wp-content\/uploads\/2016\/03\/Maria-Hall-4.jpg 1280w\" sizes=\"auto, (max-width: 567px) 100vw, 567px\" \/><br \/>\nSom fotonegativ. Floden (till W. Turner) av Maria Hall.<br \/>\n<\/em><\/p>\n<p>&nbsp;<\/p>\n<h1><span style=\"color: #ff0000;\">Detaljerna och d\u00f6den<\/span><\/h1>\n<p>&nbsp;<\/p>\n<p><strong>Detaljerna och d\u00f6den.<\/strong> Tv\u00e5 gemensamma n\u00e4mnare f\u00f6r konstn\u00e4rerna Maria Hall och Louise Martinsson som st\u00e4ller ut p\u00e5 Konstforum. Maria Hall m\u00e5lar med liten pensel. Louise Martinsson fotograferar djur i milj\u00f6.<\/p>\n<p>&nbsp;<\/p>\n<h2>Maria Hall<\/h2>\n<p>&nbsp;<\/p>\n<p><strong>Maria Hall presenterar sig f\u00f6rst med sm\u00e5 blyertsteckningar i Entr\u00e9rummet<\/strong>. Tr\u00e4d i skogen, stammar om v\u00e5ren.<\/p>\n<p>\u2013 Jag st\u00e4dade i min atelj\u00e9 och hittade fler teckningar \u00e4n jag trodde att jag hade. Det handlar om m\u00f6rker och ljus, precis som i m\u00e5leriet, understryker Maria Hall och visar hur alla detaljer i motivet \u00e4r viktigt f\u00f6r henne.<\/p>\n<p>&nbsp;<\/p>\n<p><a title=\"Maria Hall\" href=\"https:\/\/www.flickr.com\/photos\/kultursidan\/25565093936\/in\/album-72157665008146050\/\"><img loading=\"lazy\" decoding=\"async\" src=\"https:\/\/farm2.staticflickr.com\/1551\/25565093936_5b19e615d5.jpg\" alt=\"Maria Hall\" width=\"395\" height=\"500\" \/><\/a><br \/>\n<em> Flora. De torkade st\u00e4nglarna f\u00e4sts i ett underlag, belyses och m\u00e5las av.<\/em><\/p>\n<p>&nbsp;<\/p>\n<p><strong>Noggrannheten i avbildandet f\u00f6rh\u00f6js med de rosaf\u00e4rgade sm\u00e5 m\u00e5lningarna av blomsterst\u00e4nglar i n\u00e4sta rum.<\/strong> Skuggorna p\u00e5 den plana ytan f\u00e5r dem att dansa, frusna i en v\u00e4xternas balett. <em>Flora<\/em> heter hela serien och visst p\u00e5minner de om sk\u00f6nt illustrerade floror, f\u00e4lthandb\u00f6cker med bilder av namngivna v\u00e4xters knoppar, blad och fr\u00f6st\u00e4llningar. Eller om Erik Chamberts tapet som helt nyligen v\u00e4ckte habeg\u00e4r p\u00e5 Konstmuseet. Men Maria Halls blommor \u00e4r d\u00f6da, blommorna har vissnat och g\u00e5tt i fr\u00f6.<\/p>\n<p>\u2013 Det \u00e4r v\u00e4xter jag odlat ute p\u00e5 landet. Jag plockar in st\u00e4ller upp och ljuss\u00e4tter. Det \u00e4r ju en l\u00e5tsasv\u00e4rld, en teater.<\/p>\n<p>M\u00e5leriet \u00e4r ett precisionsarbete med \u201dpytteliten&#8221; pensel. Koncentrerat och meditativt p\u00e5 samma g\u00e5ng. F\u00e4rgvalet inte s\u00e5 m\u00e4rkligt, konstn\u00e4ren som tidigare m\u00e5lade bleka nyanser plockade in sina blommor en sensommar och s\u00e5g att de hade f\u00e4rg, mycket gick \u00e5t det rosalila h\u00e5llet. Allts\u00e5.<\/p>\n<p><strong>De stora oljem\u00e5lningarna <em>Ovan under<\/em> \u2013 och f\u00f6r all del <em>Sirens<\/em> \u2013 som f\u00f6rst bara ser ut att best\u00e5 av breda r\u00e4nder har mer gemensamt med <em>Flora<\/em> \u00e4n jag anar.<\/strong> Det \u00e4r samma kul\u00f6r, ultramarinrosa, som drar \u00e5t det marina h\u00e5llet n\u00e4r lagren l\u00e4ggs tjockt och \u00e5t det ljus rosa n\u00e4r det \u00e4r tunt. Och det \u00e4r fortfarande en mycket liten pensel. De breda r\u00e4nderna best\u00e5r av tusen och \u00e5ter tusen tag med penseln. Det ger liv \u00e5t verken, bygger landskap med ljus och r\u00f6relse (som Lars Strandhs r\u00e4nder som just nu kan ses i den stora utst\u00e4llningen En konstruktiv tendens p\u00e5 NP33).<\/p>\n<p>\u2013 Jag \u00e4r intresserad av upprepningen, r\u00f6relsen. Att vara i tiden, i handen, i kroppen.<\/p>\n<p><em>Sirens<\/em> (en hyllning till komposit\u00f6ren Anders Hillborgs <em>Sirenernas s\u00e5ng<\/em>) har dessutom en kadmiumorange linje i sig.<\/p>\n<p><strong><em>Tr\u00e4det<\/em> och <em>Floden<\/em> \u00e4r ytterligare tv\u00e5 verkserier, b\u00e5da med till\u00e4gget (till W. Turner).<\/strong> Den store brittiske landskapsm\u00e5laren st\u00e5r f\u00f6r f\u00f6rlagorna och genom att invertera det m\u00f6rka och det ljusa (som fotonegativ), fortfarande i ultramarinrosa, finner Maria Hall nya kvaliteter. Motivet upprepas till dess att konstn\u00e4ren k\u00e4nner att det \u00e4r utt\u00f6mt.<\/p>\n<p>&nbsp;<\/p>\n<p><a title=\"Louise Martinsson\" href=\"https:\/\/www.flickr.com\/photos\/kultursidan\/25472621622\/in\/album-72157665432880761\/\"><img loading=\"lazy\" decoding=\"async\" src=\"https:\/\/farm2.staticflickr.com\/1645\/25472621622_0a28fdb1e4.jpg\" alt=\"Louise Martinsson\" width=\"500\" height=\"322\" \/><\/a><br \/>\n<em> F\u00e5gel och fj\u00e4rilar. Fotografi av Louise Martinsson.<\/em><\/p>\n<p>&nbsp;<\/p>\n<h2>Louise Martinsson<\/h2>\n<p>&nbsp;<\/p>\n<p><strong>En sittande hare och en som ligger, synbarligen d\u00f6d.<\/strong> Bruno Liljefors upp i dagen. D\u00e4r h\u00e4nger ett par nyskjutna fasaner fr\u00e5n ett tr\u00e4d. Ett par uttrar m\u00f6ts mitt i b\u00e4ckens oljebl\u00e4nkande porl. Detaljsk\u00e4rpan \u00e4r grandios i Louise Martinssons fotografi, den kvalitet som en fullformatskamera ger.<\/p>\n<p>\u2013 Jag har t\u00e4nkt p\u00e5 olika hot som m\u00e4nniskan uts\u00e4tter djur och natur f\u00f6r, s\u00e4ger Louise Martinsson som intagit Studion i Konstforum med sina fem bilder.<\/p>\n<p>Med inspiration fr\u00e5n museers dioramor, montrar med utst\u00e4llningsmilj\u00f6er, har hon placerat uppstoppade djur i sk\u00f6na naturmilj\u00f6er. <em>Dystopia<\/em> kallar hon sin serie.<\/p>\n<p>\u2013 Jag gillar museer, Det \u00e4r n\u00e5got speciellt med samlingar och ordning.<\/p>\n<p><strong>Det \u00e4r skickligt gjort. <\/strong>F\u00e5geln vid havet ser verkligen ut att ha klorna p\u00e5 klippan och inte p\u00e5 den lilla sockel den egentligen st\u00e5r p\u00e5 men som inte syns ett sp\u00e5r av. Dubbelexponering och noggrant arbete i datorn g\u00f6r underverk \u00e4ven med de alltf\u00f6r sk\u00f6ra \u00e4ggskalen och d\u00f6da f\u00e5gelungarna hon vill ber\u00e4tta om. D\u00f6dens n\u00e4rvaro \u00e4r p\u00e5taglig i bilderna och hon s\u00e4ger sig \u00e4ven vara inspirerad av holl\u00e4ndskt stillebenm\u00e5leri.<\/p>\n<p><strong>Bilderna \u00e4r kopierade i stort format p\u00e5 300-grams fotopapper, de h\u00e5ller allts\u00e5 f\u00f6r det utan n\u00e5got som helst problem.<\/strong> L\u00e4ngsg\u00e5ende ribbor upptill och nertill sp\u00e4nner ut bilderna, som kartor och planscher i skolan.<\/p>\n<p>\u2013 Du \u00e4r h\u00e4r och h\u00e5ller en lektion f\u00f6r oss, s\u00e4ger jag till Louise Martinsson.<\/p>\n<p>\u00a9 <em>Text: Ann-Charlotte Sandelin<br \/>\n<\/em>\u00a9 <em>Foto: <\/em><em>Nils-G\u00f6ran Tillgren<\/em><\/p>\n<p>MARIA HALL \u2013 BILDSPEL (FLASH) \u2013 KLICKA P\u00c5 BILDEN <em><br \/>\nALT\/MOBIL: SE BILDSPELET <a title=\"Bildspel\" href=\"https:\/\/www.flickr.com\/photos\/kultursidan\/sets\/72157665008146050\/show\/\" target=\"_blank\">H\u00c4R<\/a><\/em><br \/>\n<object width=\"400\" height=\"300\"><param name=\"flashvars\" value=\"offsite=true&amp;lang=en-us&amp;page_show_url=%2Fphotos%2Fkultursidan%2Fsets%2F72157665008146050%2Fshow%2F&amp;page_show_back_url=%2Fphotos%2Fkultursidan%2Fsets%2F72157665008146050%2F&amp;set_id=72157665008146050&amp;jump_to=\" \/><param name=\"movie\" value=\"https:\/\/www.flickr.com\/apps\/slideshow\/show.swf?v=1811922554\" \/><param name=\"allowFullScreen\" value=\"true\" \/><\/object><\/p>\n<p>LOUISE MARTINSSON \u2013 BILDSPEL (FLASH) \u2013 KLICKA P\u00c5 BILDEN <em><br \/>\nALT\/MOBIL: SE BILDSPELET <a title=\"Bildspel\" href=\"https:\/\/www.flickr.com\/photos\/kultursidan\/sets\/72157665432880761\/show\/\" target=\"_blank\">H\u00c4R<\/a><\/em><br \/>\n<object width=\"400\" height=\"300\"><param name=\"flashvars\" value=\"offsite=true&amp;lang=en-us&amp;page_show_url=%2Fphotos%2Fkultursidan%2Fsets%2F72157665432880761%2Fshow%2F&amp;page_show_back_url=%2Fphotos%2Fkultursidan%2Fsets%2F72157665432880761%2F&amp;set_id=72157665432880761&amp;jump_to=\" \/><param name=\"movie\" value=\"https:\/\/www.flickr.com\/apps\/slideshow\/show.swf?v=1811922554\" \/><param name=\"allowFullScreen\" value=\"true\" \/><\/object><\/p>\n<blockquote>\n<h3><em>KONSTFORUM Norrk\u00f6ping<\/em><\/h3>\n<p>27 februari \u2013 13 mars 2016<em><br \/>\n<strong>Maria Hall<\/strong><\/em><br \/>\n<em> M\u00e5leri<\/em><\/p>\n<h3><em>STUDION, KONSTFORUM Norrk\u00f6ping<\/em><\/h3>\n<p>28 februari \u2013 13 mars 2016<br \/>\n<em> <strong>Louise Martinsson<\/strong><\/em><br \/>\n<em> Fotografi<\/em><\/p><\/blockquote>\n<p>L\u00c4NKAR<br \/>\nMaria Hall <a href=\"http:\/\/www.mariahall.se\" target=\"_blank\">hemsida <\/a><br \/>\nLouise Martinsson <a href=\"http:\/\/www.louisemartinsson.se\" target=\"_blank\">hemsida <\/a><br \/>\nKonstforum <a href=\"http:\/\/konstforumnorrkoping.se\" target=\"_blank\">hemsida<\/a> <a href=\"https:\/\/www.facebook.com\/pages\/Konstforum-Norrk%C3%B6ping\/436387379718835?fref=ts\" target=\"_blank\">Facebook<\/a> <a href=\"https:\/\/www.facebook.com\/events\/1696546157253109\/\" target=\"_blank\">FB-evenemang-MH<\/a> <a href=\"https:\/\/www.facebook.com\/events\/1134803636553075\/\" target=\"_blank\">FB-evenemang-LM<\/a><\/p>\n","protected":false},"excerpt":{"rendered":"<p>NORRK\u00d6PING Detaljerna och d\u00f6den. Tv\u00e5 gemensamma n\u00e4mnare f\u00f6r konstn\u00e4rerna Maria Hall och Louise Martinsson som st\u00e4ller ut p\u00e5 Konstforum. Maria Hall m\u00e5lar med liten pensel. Louise Martinsson fotograferar djur i milj\u00f6. <a class=\"continue-reading-link\" href=\"https:\/\/www.kultursidan.nu\/?p=24254\">L\u00e4s mer <span class=\"meta-nav\">&rarr; <\/span><\/a><\/p>\n","protected":false},"author":1001006,"featured_media":0,"comment_status":"closed","ping_status":"open","sticky":false,"template":"","format":"standard","meta":{"_jetpack_memberships_contains_paid_content":false,"footnotes":""},"categories":[7],"tags":[],"class_list":["post-24254","post","type-post","status-publish","format-standard","hentry","category-norrkoping"],"jetpack_featured_media_url":"","jetpack_sharing_enabled":true,"_links":{"self":[{"href":"https:\/\/www.kultursidan.nu\/index.php?rest_route=\/wp\/v2\/posts\/24254","targetHints":{"allow":["GET"]}}],"collection":[{"href":"https:\/\/www.kultursidan.nu\/index.php?rest_route=\/wp\/v2\/posts"}],"about":[{"href":"https:\/\/www.kultursidan.nu\/index.php?rest_route=\/wp\/v2\/types\/post"}],"author":[{"embeddable":true,"href":"https:\/\/www.kultursidan.nu\/index.php?rest_route=\/wp\/v2\/users\/1001006"}],"replies":[{"embeddable":true,"href":"https:\/\/www.kultursidan.nu\/index.php?rest_route=%2Fwp%2Fv2%2Fcomments&post=24254"}],"version-history":[{"count":0,"href":"https:\/\/www.kultursidan.nu\/index.php?rest_route=\/wp\/v2\/posts\/24254\/revisions"}],"wp:attachment":[{"href":"https:\/\/www.kultursidan.nu\/index.php?rest_route=%2Fwp%2Fv2%2Fmedia&parent=24254"}],"wp:term":[{"taxonomy":"category","embeddable":true,"href":"https:\/\/www.kultursidan.nu\/index.php?rest_route=%2Fwp%2Fv2%2Fcategories&post=24254"},{"taxonomy":"post_tag","embeddable":true,"href":"https:\/\/www.kultursidan.nu\/index.php?rest_route=%2Fwp%2Fv2%2Ftags&post=24254"}],"curies":[{"name":"wp","href":"https:\/\/api.w.org\/{rel}","templated":true}]}}