{"id":24268,"date":"2016-03-08T17:55:27","date_gmt":"2016-03-08T16:55:27","guid":{"rendered":"https:\/\/intelligent-friend-7861.standoutwp.com\/?p=24268"},"modified":"2016-03-08T18:35:50","modified_gmt":"2016-03-08T17:35:50","slug":"glada-skratt-med-kulturskolans-svarte-bill","status":"publish","type":"post","link":"https:\/\/www.kultursidan.nu\/?p=24268","title":{"rendered":"Glada skratt med Kulturskolans Svarte Bill"},"content":{"rendered":"<p><img loading=\"lazy\" decoding=\"async\" class=\"alignnone size-medium wp-image-24277\" src=\"https:\/\/www.kultursidan.nu\/wp-content\/uploads\/2016\/03\/Kapten-Bill-o-piraterna-567x377.jpg\" alt=\"Kapten Svarte Bill o piraterna\" width=\"567\" height=\"377\" srcset=\"https:\/\/www.kultursidan.nu\/wp-content\/uploads\/2016\/03\/Kapten-Bill-o-piraterna-567x377.jpg 567w, https:\/\/www.kultursidan.nu\/wp-content\/uploads\/2016\/03\/Kapten-Bill-o-piraterna-768x510.jpg 768w, https:\/\/www.kultursidan.nu\/wp-content\/uploads\/2016\/03\/Kapten-Bill-o-piraterna-1024x680.jpg 1024w, https:\/\/www.kultursidan.nu\/wp-content\/uploads\/2016\/03\/Kapten-Bill-o-piraterna-501x333.jpg 501w, https:\/\/www.kultursidan.nu\/wp-content\/uploads\/2016\/03\/Kapten-Bill-o-piraterna-150x100.jpg 150w, https:\/\/www.kultursidan.nu\/wp-content\/uploads\/2016\/03\/Kapten-Bill-o-piraterna.jpg 1280w\" sizes=\"auto, (max-width: 567px) 100vw, 567px\" \/><br \/>\n<em>Skryt lagom. Svarte Bill och hans pirater \u00e4r inte helt \u00f6verens om hur modig sj\u00f6r\u00f6varkaptenen egentligen \u00e4r.<\/em><\/p>\n<p>&nbsp;<\/p>\n<h1><span style=\"color: #ff0000;\">Hajar med smak f\u00f6r blodapelsin<\/span><\/h1>\n<p><strong>\u00a0<\/strong><\/p>\n<p><strong>Kapten Svarte Bill \u00e4r en skr\u00e4vlare och skrytm\u00e5ns till pirat. <\/strong>Fast om du ska tro hans bes\u00e4ttning s\u00e5 \u00e4r han en riktig fegis f\u00f6r att vara en sj\u00f6r\u00f6vare. Kulturskolans barnmusikal \u00e4r en rolig och fantasieggande f\u00f6rest\u00e4llning. Tv\u00e5 f\u00f6rest\u00e4llningar ska det bli, m\u00e5ndag och tisdag kv\u00e4ll.<\/p>\n<p><strong>K\u00f6n till aulan d\u00e4r Kulturskolans barnmusikal <em>Kapten Svarte Bill<\/em> spelas \u00e4r l\u00e5ng.<\/strong> Det \u00e4r m\u00e5nga anh\u00f6riga till barnen, som b\u00e5de \u00e4r sk\u00e5despelare och musiker i pj\u00e4sen, som st\u00e5r och v\u00e4ntar. Portarna \u00f6ppnas och vi sl\u00e4pps in.<\/p>\n<p>Den snygga scenografin som de f\u00e5tt l\u00e5na av \u00d6stg\u00f6tateatern skapar verkligen en k\u00e4nsla av att vara p\u00e5 ett piratskepp, med kanoner och ett roder, n\u00e5gonstans i S\u00f6derhavet. Och dessutom en filmduk som de projicerar bakgrunder p\u00e5.<\/p>\n<p>&nbsp;<\/p>\n<p><a title=\"Piratorkestern\" href=\"https:\/\/www.flickr.com\/photos\/kultursidan\/25523370171\/in\/album-72157665472535791\/\"><img loading=\"lazy\" decoding=\"async\" src=\"https:\/\/farm2.staticflickr.com\/1607\/25523370171_962428697b.jpg\" alt=\"Piratorkestern\" width=\"500\" height=\"332\" \/><\/a><br \/>\n<em>Piratorkestern har g\u00e5tt ombord.<\/em><\/p>\n<p>&nbsp;<\/p>\n<p><strong>Snart v\u00e4ller barnen eller r\u00e4ttare sagt bes\u00e4ttningen ombord p\u00e5 sj\u00f6r\u00f6varskeppet och vi f\u00e5r h\u00f6ra ber\u00e4ttelsen om den fege piraten Svarte Bill.<\/strong> Manus \u00e4r skrivet av Lollo Asplund och Stefan Axelsson f\u00f6r m\u00e5nga \u00e5r sedan och Lollo spelar sj\u00e4lv titelrollen. Musikpedagogen Susanne Pehsson guidar publiken genom ber\u00e4ttelsen.<\/p>\n<p>Barnen som sjunger och agerar kommer fr\u00e5n k\u00f6rerna Tontr\u00e4ffarna, Tonh\u00f6jdarna och Tonst\u00e4nket. De \u00e4r duktiga och g\u00f6r f\u00f6rest\u00e4llningen glad och positiv. Manuset \u00e4r fantasieggande och har m\u00e5nga finurliga repliker och skojiga s\u00e5ngtexter. Historien handlar om Svarte Bill och hans bes\u00e4ttning som hittar en skattkarta och ger sig ut p\u00e5 jakt.<\/p>\n<p><strong>Min favoritl\u00e5t \u00e4r torsks\u00e5ngen med meningen \u201dtorsk med vaniljs\u00e5s till efterr\u00e4tt\u201d. <\/strong>M\u00e5nga skrattar h\u00f6gt flera g\u00e5nger, s\u00e5 \u00e4ven jag, \u00e5t de m\u00e5nga knasigheter som dyker upp. Som hajar som f\u00e5tt smak p\u00e5 blodapelsin eftersom ett skepp med n\u00e4mnda varor gick p\u00e5 grund och hajarna tuggat i sig dessa.<\/p>\n<p>Jag fnittrar gott \u00e5t kanonsalvan som avfyras i from av slag p\u00e5 en trumma. Musiken \u00e4r bra och de som spelar i Piratorkestern \u00e4r duktiga. Det m\u00e4rks att Kulturskolan har lagt ner mycket tid p\u00e5 att tr\u00e4na och det har verkligen gett resultat.<\/p>\n<p>&nbsp;<\/p>\n<p><a title=\"Rekvisitan fr\u00e5n \u00d6stg\u00f6tateatern ger st\u00e4mning\" href=\"https:\/\/www.flickr.com\/photos\/kultursidan\/25523370061\/in\/album-72157665472535791\/\"><img loading=\"lazy\" decoding=\"async\" src=\"https:\/\/farm2.staticflickr.com\/1588\/25523370061_1604d49d33.jpg\" alt=\"Rekvisitan fr\u00e5n \u00d6stg\u00f6tateatern ger st\u00e4mning\" width=\"500\" height=\"332\" \/><\/a><br \/>\n<em>Ror i l\u00e4. Stora delar av scenografin och rekvisitan har l\u00e5nats in fr\u00e5n \u00d6stg\u00f6tateatern.<\/em><\/p>\n<p>&nbsp;<\/p>\n<p><strong>Redan fr\u00e5n b\u00f6rjan \u00e4r publiken, och faktiskt ocks\u00e5 jag, med p\u00e5 noterna. <\/strong>Akt\u00f6rerna f\u00e5r verkligen ig\u00e5ng oss med medryckande s\u00e5nger. Alla \u00e4r p\u00e5 scen hela tiden och d\u00e4r \u00e4r inga direkta scenbyten. Det \u00e4r ett sp\u00e4nnande grepp som jag tycker fungerar mycket bra. Jag skrattade gott hela tiden och l\u00e4mnade Kulturskolan med en riktigt fin k\u00e4nsla.<\/p>\n<p>\u00a9 <em>Text och foto: Morgan Lengbrant<\/em><\/p>\n<p>BILDSPEL (FLASH) \u2013 KLICKA P\u00c5 BILDEN <em><br \/>\nALT\/MOBIL: SE BILDSPELET <a title=\"Bildspel\" href=\"https:\/\/www.flickr.com\/photos\/kultursidan\/sets\/72157665472535791\/show\/\" target=\"_blank\">H\u00c4R<\/a><\/em><br \/>\n<object width=\"400\" height=\"300\"><param name=\"flashvars\" value=\"offsite=true&amp;lang=en-us&amp;page_show_url=%2Fphotos%2Fkultursidan%2Fsets%2F72157665472535791%2Fshow%2F&amp;page_show_back_url=%2Fphotos%2Fkultursidan%2Fsets%2F72157665472535791%2F&amp;set_id=72157665472535791&amp;jump_to=\" \/><param name=\"movie\" value=\"https:\/\/www.flickr.com\/apps\/slideshow\/show.swf?v=1811922554\" \/><param name=\"allowFullScreen\" value=\"true\" \/><\/object><\/p>\n<blockquote>\n<h3><em>KULTURSKOLAN Norrk\u00f6ping<\/em><\/h3>\n<p>7\u20138 mars 2016 kl 18.30<em><br \/>\n<strong>Kapten Svarte Bill<br \/>\n<\/strong>Musikal av Lollo Asplund<br \/>\nK\u00f6rerna Tontr\u00e4ffarna, Tonh\u00f6jdarna och Tonst\u00e4nket<\/em><br \/>\n<em> Piratorkestern<br \/>\nProd: Kulturskolan<\/em><\/p><\/blockquote>\n<p>L\u00c4NKAR<br \/>\nKulturskolan <a href=\"http:\/\/www.norrkoping.se\/kultur-fritid\/fritid\/kulturskolan\/\" target=\"_blank\">hemsida<\/a> <a href=\"https:\/\/www.facebook.com\/Kulturskolannorrkoping\" target=\"_blank\">Facebook\u00a0<\/a><\/p>\n","protected":false},"excerpt":{"rendered":"<p>NORRK\u00d6PING Kapten Svarte Bill \u00e4r skr\u00e4vlare och skrytm\u00e5ns till pirat.<br \/>\nFast om du f\u00e5r tro hans bes\u00e4ttning s\u00e5 \u00e4r han en riktig fegis f\u00f6r att vara en sj\u00f6r\u00f6vare.<br \/>\nKulturskolans barnmusikal \u00e4r en rolig och fantasieggande f\u00f6rest\u00e4llning.<\/p>\n<p> <a class=\"continue-reading-link\" href=\"https:\/\/www.kultursidan.nu\/?p=24268\">L\u00e4s mer <span class=\"meta-nav\">&rarr; <\/span><\/a><\/p>\n","protected":false},"author":1001006,"featured_media":0,"comment_status":"closed","ping_status":"open","sticky":false,"template":"","format":"standard","meta":{"_jetpack_memberships_contains_paid_content":false,"footnotes":""},"categories":[7],"tags":[37,31],"class_list":["post-24268","post","type-post","status-publish","format-standard","hentry","category-norrkoping","tag-barnkultur","tag-musikal"],"jetpack_featured_media_url":"","jetpack_sharing_enabled":true,"_links":{"self":[{"href":"https:\/\/www.kultursidan.nu\/index.php?rest_route=\/wp\/v2\/posts\/24268","targetHints":{"allow":["GET"]}}],"collection":[{"href":"https:\/\/www.kultursidan.nu\/index.php?rest_route=\/wp\/v2\/posts"}],"about":[{"href":"https:\/\/www.kultursidan.nu\/index.php?rest_route=\/wp\/v2\/types\/post"}],"author":[{"embeddable":true,"href":"https:\/\/www.kultursidan.nu\/index.php?rest_route=\/wp\/v2\/users\/1001006"}],"replies":[{"embeddable":true,"href":"https:\/\/www.kultursidan.nu\/index.php?rest_route=%2Fwp%2Fv2%2Fcomments&post=24268"}],"version-history":[{"count":0,"href":"https:\/\/www.kultursidan.nu\/index.php?rest_route=\/wp\/v2\/posts\/24268\/revisions"}],"wp:attachment":[{"href":"https:\/\/www.kultursidan.nu\/index.php?rest_route=%2Fwp%2Fv2%2Fmedia&parent=24268"}],"wp:term":[{"taxonomy":"category","embeddable":true,"href":"https:\/\/www.kultursidan.nu\/index.php?rest_route=%2Fwp%2Fv2%2Fcategories&post=24268"},{"taxonomy":"post_tag","embeddable":true,"href":"https:\/\/www.kultursidan.nu\/index.php?rest_route=%2Fwp%2Fv2%2Ftags&post=24268"}],"curies":[{"name":"wp","href":"https:\/\/api.w.org\/{rel}","templated":true}]}}