{"id":24430,"date":"2016-03-18T15:18:24","date_gmt":"2016-03-18T14:18:24","guid":{"rendered":"https:\/\/intelligent-friend-7861.standoutwp.com\/?p=24430"},"modified":"2016-03-18T18:07:16","modified_gmt":"2016-03-18T17:07:16","slug":"klimatsakra-framtidens-byggprojekt","status":"publish","type":"post","link":"https:\/\/www.kultursidan.nu\/?p=24430","title":{"rendered":"Klimats\u00e4kra framtidens byggprojekt"},"content":{"rendered":"<p><img loading=\"lazy\" decoding=\"async\" class=\"alignnone size-medium wp-image-24453\" src=\"https:\/\/www.kultursidan.nu\/wp-content\/uploads\/2016\/03\/25579192510_c380be8b88_o-567x391.jpg\" alt=\"25579192510_c380be8b88_o\" width=\"567\" height=\"391\" srcset=\"https:\/\/www.kultursidan.nu\/wp-content\/uploads\/2016\/03\/25579192510_c380be8b88_o-567x391.jpg 567w, https:\/\/www.kultursidan.nu\/wp-content\/uploads\/2016\/03\/25579192510_c380be8b88_o-768x529.jpg 768w, https:\/\/www.kultursidan.nu\/wp-content\/uploads\/2016\/03\/25579192510_c380be8b88_o-1024x706.jpg 1024w, https:\/\/www.kultursidan.nu\/wp-content\/uploads\/2016\/03\/25579192510_c380be8b88_o-483x333.jpg 483w, https:\/\/www.kultursidan.nu\/wp-content\/uploads\/2016\/03\/25579192510_c380be8b88_o-150x103.jpg 150w, https:\/\/www.kultursidan.nu\/wp-content\/uploads\/2016\/03\/25579192510_c380be8b88_o.jpg 1280w\" sizes=\"auto, (max-width: 567px) 100vw, 567px\" \/><br \/>\n<em>Vi g\u00e5r mot ett allt varmare klimat i v\u00e4rlden. I Sverige inneb\u00e4r det st\u00f6rre risk f\u00f6r skyfall, n\u00e5got som kanske kan komma och bli det nya framtidshotet, ber\u00e4ttar Sten Bergstr\u00f6m.<\/em><\/p>\n<p>&nbsp;<\/p>\n<h1><span style=\"color: #ff0000;\">Viktigt att ta h\u00f6jd f\u00f6r effekterna<\/span><\/h1>\n<p>&nbsp;<\/p>\n<p><strong>Snart faller regnen och vattnet stiger. <\/strong>Att vi har p\u00e5g\u00e5ende klimatf\u00f6r\u00e4ndringar \u00e4r inget vi kan blunda f\u00f6r. Och \u00e4ven om vi nu arbetar f\u00f6r att motverka dessa f\u00f6r\u00e4ndringar, \u00e4r det \u00e4nd\u00e5 mycket som h\u00e4nt, och mycket som kan komma att h\u00e4nda. D\u00e4rf\u00f6r \u00e4r det viktigt att bygga f\u00f6r att klimats\u00e4kra nya infrastrukturprojekt.<\/p>\n<p><strong>Sten Bergstr\u00f6m \u00e4r professor och tidigare forskningschef p\u00e5 SMHI.<\/strong> Under torsdagen den 10:e mars h\u00f6ll han en f\u00f6rel\u00e4sning p\u00e5 Cnema om <em>Klimatet och dess p\u00e5verkan p\u00e5 vattenresurser och samh\u00e4llsbyggnad<\/em>. F\u00f6rel\u00e4sningen var den sista av tre, inf\u00f6r Studiefr\u00e4mjandets kommande evenemang <em>Framtidsveckan<\/em> i april.<\/p>\n<p><strong>Sten Bergstr\u00f6m tar upp det faktum att m\u00e5nga tyckte att forskarna \u00f6verdrev n\u00e4r de talade om klimathotet. <\/strong>L\u00e4nge var det ocks\u00e5 en fr\u00e5ga som inte direkt diskuterades bland politikerna. Nu \u00e4r det dock annorlunda, men fortfarande verkar det vara en sv\u00e5r fr\u00e5ga.<\/p>\n<p>M\u00e5nga minns kanske klimatm\u00f6tet i K\u00f6penhamn 2009. Det blev ingen vidare succ\u00e9, f\u00f6r man kom ingenvart. I h\u00f6stas gick det dock b\u00e4ttre. Man kom inte mycket l\u00e4ngre, men man kom \u00f6verens om \u00e4ndrade krav, och vi m\u00e5ste klara tv\u00e5gradersm\u00e5let, helst en och en halv. Allts\u00e5, att genomsnittstemperaturen inte f\u00e5r \u00f6verstiga tv\u00e5 grader. Dock har den redan nu stigit med en hel grad.<\/p>\n<p>&nbsp;<\/p>\n<p><a title=\"Sten Bergstr\u00f6m\" href=\"https:\/\/www.flickr.com\/photos\/kultursidan\/25879780435\/in\/album-72157665498436720\/\"><img loading=\"lazy\" decoding=\"async\" src=\"https:\/\/farm2.staticflickr.com\/1617\/25879780435_05c5f70df3.jpg\" alt=\"Sten Bergstr\u00f6m\" width=\"500\" height=\"333\" \/><br \/>\n<\/a><em>I juli 2011 drabbades Danmark av ett riktigt skyfall. Ett \u00e5r senare h\u00e4nde det p\u00e5 ett liknande s\u00e4tt i Malm\u00f6.<\/em><\/p>\n<p>&nbsp;<\/p>\n<p><strong>Sten Bergstr\u00f6m visar diagram och kartor p\u00e5 hur det skulle se ut i Sverige om vi bara l\u00e4t utsl\u00e4ppen l\u00f6pa utan att g\u00f6ra n\u00e5got, ungef\u00e4r i den kurva vi \u00e4r p\u00e5 v\u00e4g nu. <\/strong>Det var en utredning som gjordes av staten, till dricksvattenutredningen. Hur mycket vatten kommer vi f\u00e5 i Sverige? Nederb\u00f6rden kommer \u00f6ka och vintrarna kommer att bli kortare, vilket bidrar till \u00f6kade vattenmassor. \u00d6versv\u00e4mningsrisken \u00f6kar d\u00e4rmed, s\u00e4rskilt i landets mer sydliga delar.<\/p>\n<p>\u2013 S\u00f6der om Stockholm, d\u00e4r \u00f6kar \u00f6versv\u00e4mningsrisken. Och det \u00e4r ju d\u00e4r vi bor n\u00e4stan allihop. Det \u00e4r d\u00e4r all utbyggnad av infrastrukturen \u00e4ger rum. Det \u00e4r h\u00e4r vi ska bygga Slussen, det \u00e4r h\u00e4r vi ska bygga Ostl\u00e4nken och alla m\u00f6jliga stora projekt. Det \u00e4r klart, att ser det ut s\u00e5h\u00e4r, d\u00e5 m\u00e5ste man ju faktiskt b\u00f6rja fundera. Hur sjuttsingen ska vi planera nu n\u00e4r det kan dra iv\u00e4g och bli s\u00e5h\u00e4r f\u00f6r\u00e4ndrade f\u00f6rh\u00e5llanden?, s\u00e4ger Sten Bergstr\u00f6m.<\/p>\n<p><strong>\u00a0<\/strong><strong>I v\u00e4rsta fall ser vi en \u00f6kning av havsniv\u00e5n p\u00e5 en meter.<\/strong> Det skulle inneb\u00e4ra att M\u00e4laren skulle f\u00f6rsvinna. Sten Bergstr\u00f6m n\u00e4mner ocks\u00e5 att man f\u00e5r r\u00e4kna med landh\u00f6jningen, och tack vare den klarar sig M\u00e4laren med n\u00f6d och n\u00e4ppe. Avst\u00e5ndet mellan Slussen och M\u00e4laren \u00e4r sjuttio centimeter. Innanf\u00f6r finns dricksvatten f\u00f6r tv\u00e5 miljoner m\u00e4nniskor, som \u00e4r beroende av att det inte tr\u00e4nger in saltvatten utifr\u00e5n. En h\u00f6jning av havsniv\u00e5n p\u00e5 en meter \u00e4r ett v\u00e4rsta-scenario och inget som kanske kommer h\u00e4nda i morgon. Men det g\u00e4ller att kunna planera f\u00f6r det ocks\u00e5, n\u00e4r och om det skulle h\u00e4nda.<\/p>\n<p><strong>Kan skyfall vara framtidshotet? <\/strong>Sten Bergstr\u00f6m visar oss Danmark 2011, d\u00e5 landet drabbades av ett skyfall som kostade f\u00f6rs\u00e4kringsbolagen 1\u00a0000\u00a0000\u00a0000 euro. I Malm\u00f6 ett \u00e5r senare, kom ett liknande skyfall. Och just s\u00e5dant \u00e4r n\u00e5got man nu tar h\u00e4nsyn till i praktiskt taget alla stora projekteringar.<\/p>\n<p>&nbsp;<\/p>\n<p><a title=\"Sten Bergstr\u00f6m\" href=\"https:\/\/www.flickr.com\/photos\/kultursidan\/25579191960\/in\/album-72157665498436720\/\"><img loading=\"lazy\" decoding=\"async\" src=\"https:\/\/farm2.staticflickr.com\/1518\/25579191960_89893f1118.jpg\" alt=\"Sten Bergstr\u00f6m\" width=\"500\" height=\"357\" \/><\/a><\/p>\n<p><em>Slussen h\u00e5ller p\u00e5 att rasa ihop. Om den ska ha n\u00e5gon chans att klara sig m\u00e5ste den byggas om. Man m\u00e5ste ocks\u00e5 anpassa den till de nya f\u00f6ruts\u00e4ttningarna i klimatet.<\/em><\/p>\n<p>&nbsp;<\/p>\n<p><strong>Som ett exempel vad g\u00e4ller att klimats\u00e4kra ett bygge, tar Sten Bergstr\u00f6m upp ombyggnaden av Slussen i Stockholm. <\/strong>Den h\u00e5ller p\u00e5 att falla ihop. \u00c4ven den m\u00e5ste klimats\u00e4kras. \u00c5r 2000 m\u00e4ttes det bl\u00f6taste \u00e5ret p\u00e5 hundratals \u00e5r upp. Vattnet gick inte att f\u00e5 ut, och det var bara centimeter ifr\u00e5n att rinna ner i Gamla stans tunnelbanestation. Tunnlarna inneh\u00e5ller m\u00e4ngder av kommunikation. Det skulle blivit katastrof.<\/p>\n<p>Men man kunde ju inte bara bygga om, man m\u00e5ste ta helt nytt domstolsbeslut, reglera om allt. Vad g\u00f6r vi om klimatet \u00e4ndras?<\/p>\n<p>\u2013 Hela kakan med problem hamnade i kn\u00e4t p\u00e5 SMHI, s\u00e4ger Sten Bergstr\u00f6m.<\/p>\n<p><strong>Det blev debatter i tidningarna ang\u00e5ende detta.<\/strong> Man s\u00e5g m\u00f6jlighet att stoppa ombygget av Slussen genom att angripa SMHI. Deras tankar var att man fick g\u00f6ra vad man ville med Slussen, bara det skulle komma igenom mer vatten. Det hela blev heller inte s\u00e5 farligt som Sten trodde, och det \u00e4r nu klart att det blir en ny Sluss. Vattenregleringen har vunnit laga kraft.<\/p>\n<p>&nbsp;<\/p>\n<p><a title=\"Sten Bergstr\u00f6m\" href=\"https:\/\/www.flickr.com\/photos\/kultursidan\/25758976492\/in\/album-72157665498436720\/\"><img loading=\"lazy\" decoding=\"async\" src=\"https:\/\/farm2.staticflickr.com\/1525\/25758976492_6e417c12d4.jpg\" alt=\"Sten Bergstr\u00f6m\" width=\"500\" height=\"333\" \/><\/a><br \/>\n<em> Utstl\u00e4ppen av v\u00e4xthusgaser \u2013 inte bara koldioxid \u2013 har stigit. \u00c4ven om de rikaste l\u00e4nderna, som Sverige tillh\u00f6r, visar en sjunkande kurva ligger vi p\u00e5 en mycket h\u00f6g niv\u00e5.<\/em><\/p>\n<p>&nbsp;<\/p>\n<p><strong>\u2013 Varf\u00f6r ber\u00e4ttar jag det h\u00e4r f\u00f6r er?<\/strong> Det \u00e4r inte f\u00f6r att framh\u00e4va mig sj\u00e4lv. Men jag vill att ni ska f\u00f6rst\u00e5, att i de h\u00e4r komplicerade infrastrukturprojekten \u00e4r klimatfaktorn inne hela tiden. Alla fr\u00e5gar efter den. Och man ifr\u00e5gas\u00e4tter den inte. Det finns till och med de som h\u00e4vdar att vi tar i f\u00f6r lite. Och det tycker jag k\u00e4nns egentligen ganska bra, s\u00e4ger Sten Bergstr\u00f6m.<\/p>\n<p><strong>Han pratar om mycket mer, som att flytta vissa platser och att bygga skyddsbarri\u00e4rer.<\/strong> Men Sten Bergstr\u00f6m menar ocks\u00e5 att det kan vara att ta i, om man skulle g\u00f6ra det idag. Men han menar att man inte kan projektera n\u00e5got som ska st\u00e5 i tv\u00e5 hundra \u00e5r och s\u00e4ga att man skiter i klimatf\u00f6r\u00e4ndringar.<\/p>\n<p>Det \u00e4r viktigt att ta h\u00f6jd f\u00f6r effekterna av klimatf\u00f6r\u00e4ndringarna om vi misslyckas med att f\u00e5 stopp p\u00e5 dem. Men det b\u00e4sta vore s\u00e5klart att f\u00e5 just det.<\/p>\n<p>\u00a9 <em>Text och foto: Jennie Johnson<\/em><\/p>\n<h3><\/h3>\n<blockquote>\n<h3>NORRK\u00d6PING<\/h3>\n<p>20\u201327 april 2016<br \/>\n<strong>Framtidsveckan<\/strong><br \/>\nArr: Studiefr\u00e4mjandet<\/p>\n<h4>CNEMA Norrk\u00f6ping<\/h4>\n<p style=\"padding-left: 30px;\">28 januari kl 16<br \/>\n<strong>Cirkul\u00e4r ekonomi f\u00f6r ekonomisk h\u00e5llbar utveckling<\/strong><br \/>\nF\u00f6rel\u00e4sning<br \/>\nBitr\u00e4dande professor Mattias Lindahl<\/p>\n<p style=\"padding-left: 30px;\">25 februari kl 16<br \/>\n<strong>Social h\u00e5llbar utveckling<\/strong><br \/>\nF\u00f6rel\u00e4sning (p\u00e5 engelska)<br \/>\nFil.dr. Merlina Missimer<\/p>\n<p>10 mars kl 16<br \/>\n<strong>Ekologisk h\u00e5llbar utveckling<\/strong><br \/>\nF\u00f6rel\u00e4sning<br \/>\nKlimatexpert Sten Bergstr\u00f6m, SMHI<\/p><\/blockquote>\n<p>L\u00c4NKAR<br \/>\nFramtidsveckan <a href=\"http:\/\/www.studieframjandet.se\/framtidsveckan\" target=\"_blank\">hemsida<\/a> <a href=\"https:\/\/www.facebook.com\/framtidsveckannorrkoping?_rdr=p\" target=\"_blank\">Facebook<\/a><br \/>\nM\u00e5nga faktorer p\u00e5verkar social h\u00e5llbarhet <a href=\"https:\/\/www.kultursidan.nu\/?p=24056\" target=\"_blank\">reportage<\/a> Kultursidan.nu 27\/2 2016<br \/>\nCirkul\u00e4r ekonomi kan bli en bra aff\u00e4r <a href=\"https:\/\/www.kultursidan.nu\/?p=23516\" target=\"_blank\">reportage<\/a> Kultursidan.nu 3\/2 2016<br \/>\nTrestegsraket mot Framtidsveckan <a href=\"https:\/\/www.kultursidan.nu\/?p=23391\" target=\"_blank\">reportage<\/a> Kultursidan.nu 28\/1 2016<\/p>\n","protected":false},"excerpt":{"rendered":"<p>NORRK\u00d6PING Snart faller regnen. Det g\u00e5r inte att blunda f\u00f6r de p\u00e5g\u00e5ende klimatf\u00f6r\u00e4ndringarna. \u00c4ven om vi nu arbetar f\u00f6r att motverka dessa \u00e4r det viktigt att ta h\u00f6jd inf\u00f6r framtida projekt. Klimatexperten Sten Bergstr\u00f6m talade p\u00e5 Cnema inf\u00f6r Framtidsveckan. <a class=\"continue-reading-link\" href=\"https:\/\/www.kultursidan.nu\/?p=24430\">L\u00e4s mer <span class=\"meta-nav\">&rarr; <\/span><\/a><\/p>\n","protected":false},"author":1001006,"featured_media":0,"comment_status":"closed","ping_status":"open","sticky":false,"template":"","format":"standard","meta":{"_jetpack_memberships_contains_paid_content":false,"footnotes":""},"categories":[7],"tags":[90,56],"class_list":["post-24430","post","type-post","status-publish","format-standard","hentry","category-norrkoping","tag-bildning","tag-politik"],"jetpack_featured_media_url":"","jetpack_sharing_enabled":true,"_links":{"self":[{"href":"https:\/\/www.kultursidan.nu\/index.php?rest_route=\/wp\/v2\/posts\/24430","targetHints":{"allow":["GET"]}}],"collection":[{"href":"https:\/\/www.kultursidan.nu\/index.php?rest_route=\/wp\/v2\/posts"}],"about":[{"href":"https:\/\/www.kultursidan.nu\/index.php?rest_route=\/wp\/v2\/types\/post"}],"author":[{"embeddable":true,"href":"https:\/\/www.kultursidan.nu\/index.php?rest_route=\/wp\/v2\/users\/1001006"}],"replies":[{"embeddable":true,"href":"https:\/\/www.kultursidan.nu\/index.php?rest_route=%2Fwp%2Fv2%2Fcomments&post=24430"}],"version-history":[{"count":0,"href":"https:\/\/www.kultursidan.nu\/index.php?rest_route=\/wp\/v2\/posts\/24430\/revisions"}],"wp:attachment":[{"href":"https:\/\/www.kultursidan.nu\/index.php?rest_route=%2Fwp%2Fv2%2Fmedia&parent=24430"}],"wp:term":[{"taxonomy":"category","embeddable":true,"href":"https:\/\/www.kultursidan.nu\/index.php?rest_route=%2Fwp%2Fv2%2Fcategories&post=24430"},{"taxonomy":"post_tag","embeddable":true,"href":"https:\/\/www.kultursidan.nu\/index.php?rest_route=%2Fwp%2Fv2%2Ftags&post=24430"}],"curies":[{"name":"wp","href":"https:\/\/api.w.org\/{rel}","templated":true}]}}